{"id":280768,"date":"2025-09-28T14:00:00","date_gmt":"2025-09-28T12:00:00","guid":{"rendered":"https:\/\/www.tucomarca.com\/wordpress\/segunda\/?p=280768"},"modified":"2025-09-28T22:30:46","modified_gmt":"2025-09-28T20:30:46","slug":"el-cecopal-dutiel-activa-dispositiu-especial-davant-lalerta-taronja-per-fortes-pluges-establida-aquest-dilluns-29-de-setembre","status":"publish","type":"post","link":"https:\/\/tucomarca.whitekongsoftware.com\/ca\/el-cecopal-dutiel-activa-dispositiu-especial-davant-lalerta-taronja-per-fortes-pluges-establida-aquest-dilluns-29-de-setembre\/","title":{"rendered":"El Cecopal d&#8217;Utiel activa dispositiu especial davant l&#8217;alerta taronja per fortes pluges establida aquest dilluns 29 de setembre"},"content":{"rendered":"\n<h3 class=\"wp-block-heading\">Suspensi\u00f3 de classes en tots els centres educatius del municipi.<\/h3>\n\n\n\n<h3 class=\"wp-block-heading\">Cancel\u00b7laci\u00f3 de totes les activitats l\u00fadiques i esportives, tant en espais tancats com a l&#8217;aire lliure.<\/h3>\n\n\n\n<h3 class=\"wp-block-heading\">Tancament dels parcs, jardins, biblioteca municipal i les instal\u00b7lacions esportives municipals.<\/h3>\n\n\n\n<p class=\"wp-block-paragraph\">Aquesta vesprada s&#8217;ha convocat reuni\u00f3 del Centre de Coordinaci\u00f3 Operativa Local (CECOPAL) per a coordinar el dispositiu especial d&#8217;emerg\u00e8ncies davant l&#8217;alerta taronja de fortes pluges i tempestes establida per a dem\u00e0, dilluns 29 de setembre.<\/p>\n\n\n\n<p class=\"wp-block-paragraph\">Com a accions preventives, l&#8217;Ajuntament d&#8217;Utiel estableix les seg\u00fcents mesures:<\/p>\n\n\n\n<p class=\"wp-block-paragraph\">1. Suspendre tots els nivells d&#8217;activitat lectiva en els centres del municipi durant el dilluns dia 29 de setembre, aix\u00ed com donar trasllat de la present resoluci\u00f3 a la Direcci\u00f3 Territorial de Val\u00e8ncia de la Conselleria d&#8217;Educaci\u00f3, aix\u00ed com a tots els centres educatius del municipi.<\/p>\n\n\n\n<p class=\"wp-block-paragraph\">2. Cancel\u00b7lar totes les activitats l\u00fadiques i esportives, tant en espais tancats com a l&#8217;aire lliure.<\/p>\n\n\n\n<p class=\"wp-block-paragraph\">3. Acordar el tancament dels parcs, jardins, biblioteca municipal i les instal\u00b7lacions esportives municipals.<\/p>\n\n\n\n<p class=\"wp-block-paragraph\">Recomanacions a la poblaci\u00f3:<\/p>\n\n\n\n<p class=\"wp-block-paragraph\">1. Evitar la circulaci\u00f3 per les seg\u00fcents zones del municipi especialment susceptibles d&#8217;inundaci\u00f3:<\/p>\n\n\n\n<p class=\"wp-block-paragraph\">Puente camino del cementerio.<br>Puente calle Alameda.<br>Puente H\u00e9roes del Tollo.<br>Puente de la Mesilla.<br>Confluencia calle San Fernando con calle G\u00f3mez Ferrer.<br>Puente acceso urbanizaci\u00f3n Casa Medina.<br>Puente carretera Camporrobles en finca de la Noria.<br>Zona gasolinera N-III<br>Azud del parque de la Presa.<br>Azud entre R\u00edo Madre y Rambla de la Torre.<br>Avda. Julio L\u00f3pez Tar\u00edn.<br>Puerta del Sol.<\/p>\n\n\n\n<p class=\"wp-block-paragraph\">2. Evitar despla\u00e7aments innecessaris, romandre en els seus domicilis i evitar la carretera en la mesura que siga possible.<\/p>\n\n\n\n<p class=\"wp-block-paragraph\">3. Assegurar objectes en balcons i terrasses per a evitar accidents.<\/p>\n\n\n\n<p class=\"wp-block-paragraph\">4. Mantindre&#8217;s informats a trav\u00e9s dels canals de comunicaci\u00f3 municipals.<\/p>\n\n\n\n<p class=\"wp-block-paragraph\">5. Les persones que habiten en zones pr\u00f2ximes al riu o inundables. davant el comen\u00e7ament de la pluja ser\u00e0 recomanable que pugen a pisos superiors o traslladar-se a altres habitatges de familiars m\u00e9s segura.<\/p>\n\n\n\n<p class=\"wp-block-paragraph\">Des de l&#8217;Ajuntament d&#8217;Utiel recomanem a la poblaci\u00f3 seguir els consells marcats pel Centre de Coordinaci\u00f3 d&#8217;Emerg\u00e8ncies i mantindre&#8217;s informada de l&#8217;evoluci\u00f3 del temporal a trav\u00e9s de canals oficials com 112 GVA, AEMET o el propi ajuntament.<\/p>\n\n\n\n<p class=\"wp-block-paragraph\">Davant situacions d&#8217;emerg\u00e8ncia: Tel\u00e8fon 112<\/p>\n\n\n\n<p class=\"wp-block-paragraph\"><\/p>\n","protected":false},"excerpt":{"rendered":"<div class=\"mh-excerpt\">Suspensi\u00f3 de classes en tots els centres educatius del municipi. Cancel\u00b7laci\u00f3 de totes les activitats l\u00fadiques i esportives, tant en espais tancats com a l&#8217;aire lliure. Tancament dels parcs, jardins, biblioteca municipal i les instal\u00b7lacions <a class=\"mh-excerpt-more\" href=\"https:\/\/tucomarca.whitekongsoftware.com\/ca\/el-cecopal-dutiel-activa-dispositiu-especial-davant-lalerta-taronja-per-fortes-pluges-establida-aquest-dilluns-29-de-setembre\/\" title=\"El Cecopal d&#8217;Utiel activa dispositiu especial davant l&#8217;alerta taronja per fortes pluges establida aquest dilluns 29 de setembre\">[+] <\/a><\/div>\n","protected":false},"author":12,"featured_media":280766,"comment_status":"open","ping_status":"open","sticky":false,"template":"","format":"standard","meta":{"footnotes":""},"categories":[21466,10898,10948,10894,10904,10903,10947,10909,10896,10897,11059],"tags":[21978,15409,10910,11174],"class_list":["post-280768","post","type-post","status-publish","format-standard","has-post-thumbnail","category-dana-ca","category-ventana-ca","category-infraestructuras-ca","category-la-comarca-ca","category-sin-categorizar-ca","category-medio-ambiente-la-comarca-ca","category-politica","category-requena-utiel-ca","category-seccion-ca","category-sucesos-la-comarca-ca","category-utiel-ca","tag-cecopal-ca","tag-dana-2-ca","tag-requena-utiel-ca","tag-utiel-ca"],"_links":{"self":[{"href":"https:\/\/tucomarca.whitekongsoftware.com\/ca\/wp-json\/wp\/v2\/posts\/280768","targetHints":{"allow":["GET"]}}],"collection":[{"href":"https:\/\/tucomarca.whitekongsoftware.com\/ca\/wp-json\/wp\/v2\/posts"}],"about":[{"href":"https:\/\/tucomarca.whitekongsoftware.com\/ca\/wp-json\/wp\/v2\/types\/post"}],"author":[{"embeddable":true,"href":"https:\/\/tucomarca.whitekongsoftware.com\/ca\/wp-json\/wp\/v2\/users\/12"}],"replies":[{"embeddable":true,"href":"https:\/\/tucomarca.whitekongsoftware.com\/ca\/wp-json\/wp\/v2\/comments?post=280768"}],"version-history":[{"count":0,"href":"https:\/\/tucomarca.whitekongsoftware.com\/ca\/wp-json\/wp\/v2\/posts\/280768\/revisions"}],"wp:featuredmedia":[{"embeddable":true,"href":"https:\/\/tucomarca.whitekongsoftware.com\/ca\/wp-json\/wp\/v2\/media\/280766"}],"wp:attachment":[{"href":"https:\/\/tucomarca.whitekongsoftware.com\/ca\/wp-json\/wp\/v2\/media?parent=280768"}],"wp:term":[{"taxonomy":"category","embeddable":true,"href":"https:\/\/tucomarca.whitekongsoftware.com\/ca\/wp-json\/wp\/v2\/categories?post=280768"},{"taxonomy":"post_tag","embeddable":true,"href":"https:\/\/tucomarca.whitekongsoftware.com\/ca\/wp-json\/wp\/v2\/tags?post=280768"}],"curies":[{"name":"wp","href":"https:\/\/api.w.org\/{rel}","templated":true}]}}