{"id":280705,"date":"2025-09-28T05:00:00","date_gmt":"2025-09-28T03:00:00","guid":{"rendered":"https:\/\/www.tucomarca.com\/wordpress\/segunda\/?p=280705"},"modified":"2025-09-27T19:22:14","modified_gmt":"2025-09-27T17:22:14","slug":"retrauen-al-govern-de-sanchez-des-del-consell-el-no-haver-pagat-encara-les-ajudes-de-primera-necessitat-al-821-de-les-families-afectades","status":"publish","type":"post","link":"https:\/\/tucomarca.whitekongsoftware.com\/ca\/retrauen-al-govern-de-sanchez-des-del-consell-el-no-haver-pagat-encara-les-ajudes-de-primera-necessitat-al-821-de-les-families-afectades\/","title":{"rendered":"Retrauen al Govern de S\u00e1nchez des del Consell &#8220;el no haver pagat encara les ajudes de primera necessitat al 82,1% de les fam\u00edlies afectades&#8221;"},"content":{"rendered":"\n<p class=\"wp-block-paragraph\">&#8220;Uns 11 mesos despr\u00e9s de la trag\u00e8dia provocada per la riuada del 29 d&#8217;octubre, el Govern central nom\u00e9s ha pagat ajudes de primera necessitat (ajudes directes per a pal\u00b7liar danys materials en habitatge i estris) al 17,9% de les fam\u00edlies valencianes afectades que van sol\u00b7licitar aquest tipus d&#8217;ajudes. O cosa que \u00e9s el mateix: l&#8217;Executiu de Pedro S\u00e1nchez no ha pagat encara al 82,1% de les fam\u00edlies que van demanar les ajudes de la DANA&#8221;, tal com han criticat des del Consell.<\/p>\n\n\n\n<p class=\"wp-block-paragraph\">&#8220;Exactament, a penes 7.497 fam\u00edlies han rebut les ajudes (124 milions d&#8217;euros), de les 41. 674 que les han demanades (el Govern ha passat d&#8217;afirmar que les fam\u00edlies sol\u00b7licitants eren 43.592 a publicar que ara s\u00f3n 41.674). Per tant, unes 34.000 fam\u00edlies no han rebut ni un euro i continuen esperant aquestes ajudes del Govern&#8221;, segons fonts del Govern valenci\u00e0.<\/p>\n\n\n\n<p class=\"wp-block-paragraph\">&#8220;Si cada fam\u00edlia ha rebut fins al moment uns 16.538 euros de mitjana (aquesta xifra s&#8217;agafa a partir de les dades publicades pel Govern el mes de juny), aix\u00f2 implica que el deute del Govern de S\u00e1nchez amb les fam\u00edlies afectades per la DANA (34.177) i que han de rebre encara l&#8217;ajuda, s&#8217;eleva a uns 565 milions d&#8217;euros&#8221;.<\/p>\n\n\n\n<p class=\"wp-block-paragraph\">Des del Consell tamb\u00e9 critiquen que en el cap\u00edtol d&#8217;ajudes per a la compra de vehicles, &#8220;el Govern es nega a exonerar o aplicar un tipus d&#8217;IVA 0, amb car\u00e0cter retroactiu, en la compra de cotxes adquirits per propietaris que han perdut el seu vehicle a conseq\u00fc\u00e8ncia de la DANA. Per aix\u00f2, l&#8217;ajuda que reba una persona que ha perdut el seu cotxe a conseq\u00fc\u00e8ncia de la DANA, \u00e9s igual o menor fins i tot que l&#8217;IVA associat al preu del vehicle. L&#8217;Executiu no vol perdonar eixe IVA als afectats que van perdre el seu cotxe&#8221;.<\/p>\n\n\n\n<p class=\"wp-block-paragraph\">A m\u00e9s, la Generalitat exigeix al Govern d&#8217;Espanya &#8220;que adopte totes les mesures necess\u00e0ries perqu\u00e8 els titulars de vehicles sinistrats en la riuada del passat octubre que no hagen pogut ser peritados en estar desapareguts puguen conservar les ajudes rebudes&#8221;. Per a aix\u00f2, i per a evitar que els centenars de persones afectades puguen veure&#8217;s en la tessitura d&#8217;haver de reembossar l&#8217;ajuda rebuda al no poder acreditar la declaraci\u00f3 de sinistre total dels seus vehicles, ha reclamat a la Direcci\u00f3 General de Tr\u00e0nsit (DGT) a habilitar un procediment extraordinari per a atorgar-los la baixa definitiva<\/p>\n\n\n\n<p class=\"wp-block-paragraph\">Segons el parer de l&#8217;Executiu valenci\u00e0, &#8220;el Govern central tamb\u00e9 ha incomplit la seua promesa de prorrogar la prestaci\u00f3 per cessament temporal d&#8217;activitat per als treballadors aut\u00f2noms a la prov\u00edncia de Val\u00e8ncia afectats per la DANA; aquesta promesa la va realitzar el Ministeri d&#8217;Economia el mes de gener passat, i 8 mesos despr\u00e9s se segueix sense not\u00edcies de la posada en marxa de la citada mesura. Aix\u00f2 afecta a uns 5.000 treballadors aut\u00f2noms valencians&#8221;<\/p>\n\n\n\n<p class=\"wp-block-paragraph\"><strong>&#8220;Xifres unflades&#8221;<\/strong><\/p>\n\n\n\n<p class=\"wp-block-paragraph\">&#8220;El Govern continua &#8216;unflant&#8217; les xifres sobre les ajudes pagades als afectats de la DANA: les ajudes abonades per l&#8217;Administraci\u00f3 central als diferents col\u00b7lectius a penes superen els 2.650 milions d&#8217;euros. El Govern de Pedro S\u00e1nchez assegura que ha mobilitzat fins a 16.600 milions d&#8217;euros en ajudes i altres mesures per a col\u00b7lectius afectats, i nom\u00e9s ha pagat realment el 15,9% d&#8217;aquest muntant (2.650 milions)&#8221;.<\/p>\n\n\n\n<p class=\"wp-block-paragraph\">Des del Consell li retrauen a m\u00e9s que el Govern, &#8220;com ha fet des del primer dia, s&#8217;apropia de les indemnitzacions pagades pel Consorci de Compensaci\u00f3 d&#8217;Assegurances. L&#8217;import total abonat pel Consorci arriba als 3.611 milions \u20ac, uns diners que el Govern s&#8217;arroga i s&#8217;apunta com si fora una ajuda directa oberta, activada i donada per l&#8217;Executiu als afectats per la riuada. En aquest sentit, resulta imprescindible recordar que les indemnitzacions del Consorci de Compensaci\u00f3 d&#8217;Assegurances no s\u00f3n ajudes directes ni indirectes del Govern, no procedeixen de l\u00ednies pressupost\u00e0ries obertes per a afrontar les conseq\u00fc\u00e8ncies de la riuada, sin\u00f3 que s\u00f3n tramitades, gestionades i abonades pel Consorci, no pel Govern. No en va, el Consorci t\u00e9 personalitat jur\u00eddica pr\u00f2pia i plena capacitat d&#8217;obrar, i el seu espec\u00edfic marc d&#8217;actuaci\u00f3 ve determinat pel seu Estatut Legal. T\u00e9 patrimoni propi, distint al de l&#8217;Estat, i en la seua activitat no dep\u00e9n de cap pressupost p\u00fablic. Els seus ingressos ho constitueixen les seues cosines (pagades pels assegurats), els seus rec\u00e0rrecs i el producte de les seues inversions. Per tant, aquests 3.611 milions de \u20ac abonats pel Consorci no s\u00f3n, en cap concepte, ajudes directes ni indirectes del Govern a col\u00b7lectius afectats per la dana. Aquests diners no ha sigut pagat pel Govern, sin\u00f3 pel Consorci. D&#8217;aquesta manera, aquests 3.611 milions d&#8217;euros tamb\u00e9 han de ser restats dels 6.345 milions d&#8217;euros que el Govern diu que ja ha pagat als afectats per la Dana segons consta en la seua pr\u00f2pia web oficial (el ministre Cos va dir al juliol 7.500 milions)&#8221;.<\/p>\n\n\n\n<p class=\"wp-block-paragraph\">El mateix succeeix amb les indemnitzacions abonades per Agroseguro a explotacions assegurades. &#8220;El Govern diu que ja ha abonat 52,3 milions d&#8217;euros a explotacions afectades per la DANA. No obstant aix\u00f2, aquestes compensacions tampoc constitueixen ajudes directes ni indirectes del Govern central, sin\u00f3 que s\u00f3n compensacions gestionades per l&#8217;entitat, que s&#8217;encarrega de la gesti\u00f3 de les assegurances agr\u00e0ries per compte i en nom de les entitats asseguradores que formen part del pool de coasseguran\u00e7a. D&#8217;aquesta manera, als 6.345 milions anunciats pel Govern com ja pagats en concepte d&#8217;ajudes, tamb\u00e9 caldria restar aquests 52,3 milions&#8221;.<\/p>\n\n\n\n<p class=\"wp-block-paragraph\">&#8220;A m\u00e9s \u2014afigen\u2014 el Govern inclou tamb\u00e9 de manera artificial els cr\u00e8dits ICO, que sumen uns 727 milions d&#8217;euros, obviant per descomptat que aquests pr\u00e9stecs no s\u00f3n ajudes, perqu\u00e8 \u00e9s uns diners que les empreses sol\u00b7licitants han de retornar. Les ajudes serien \u00fanicament els avals facilitats de manera gratu\u00efta i els interessos perdonats. No obstant aix\u00f2, en aquest sentit cal recordar que d&#8217;aquests 727 milions d&#8217;euros prestats per l&#8217;ICO a empreses afectades per la dana, fins a 400 milions NO ESTAN BONIFICATS, no compten amb els interessos subvencionats, \u00e9s a dir, les empreses hauran de retornar eixos diners m\u00e9s els interessos que els hagen fixat en cada cas les entitats financeres&#8221;.<\/p>\n\n\n\n<p class=\"wp-block-paragraph\">&#8220;Per tant, els 727 milions prestats per l&#8217;ICO no s\u00f3n ajudes, s&#8217;han de retornar, i d&#8217;ells, uns 400 milions s&#8217;han de retornar a m\u00e9s amb interessos&#8221;.<\/p>\n\n\n\n<p class=\"wp-block-paragraph\">Segons les xifres facilitades des del Consell i tenint en compte tot l&#8217;anterior, &#8220;de la xifra inicial de 7.500 milions d&#8217;euros que el Govern va dir al juliol que ja havia pagat a col\u00b7lectius afectats per la DANA, i dels 6.345 milions que diu el Govern en el seu web que ha abonat ja en concepte d&#8217;ajudes, es passa a 2.650 milions d&#8217;euros, que \u00e9s la xifra real i concreta d&#8217;ajudes abonades fins al moment per l&#8217;Executiu de S\u00e1nchez, la qual cosa suposa un 15,9% del total dels 16.600 milions d&#8217;euros que diu el Govern ha mobilitzat per als afectats de la DANA&#8221;.<\/p>\n\n\n\n<p class=\"wp-block-paragraph\"><strong>Quasi 2,500 milions d&#8217;euros aportats des del Consell<\/strong><\/p>\n\n\n\n<p class=\"wp-block-paragraph\">En contraposici\u00f3 a les xifres del Govern, per part de la Generalitat Valenciana &#8220;s&#8217;ha mobilitzat, comprom\u00e9s o gestionat partides per valor de quasi 2.500 milions d&#8217;euros entre contractes d&#8217;emerg\u00e8ncia, dotaci\u00f3 pressupost\u00e0ria per a ajudes directes i altres actuacions per a pal\u00b7liar els efectes de les riuades del passat 29 d&#8217;octubre&#8221;, afigen des del Consell.<\/p>\n\n\n\n<p class=\"wp-block-paragraph\">&#8220;En ajudes directes \u2014en els 11 mesos que han transcorregut des de la riuada\u2014 s&#8217;han destinat 1.486 milions d&#8217;euros a fam\u00edlies i empreses, dels quals s&#8217;ha pagat ja el 50%. De les ajudes per a b\u00e9ns de primera necessitat s&#8217;han pagat sol\u00b7licituds per un import de 240 milions euros (m\u00e9s de 26.500 beneficiaris). De les ajudes per a vehicles s&#8217;han pagat 321 milions d&#8217;euros (m\u00e9s de 80 mil beneficiaris)&#8221;.<\/p>\n\n\n\n<p class=\"wp-block-paragraph\">Per a empreses i aut\u00f2noms amb empleats &#8220;s&#8217;han abonat 76,1 milions; i per a aut\u00f2noms sense empleats l&#8217;import \u00e9s de 55 milions d&#8217;euros. Recordar que el Consell ha aprovat recentment una ampliaci\u00f3 del paquet inicial d&#8217;ajudes sense tr\u00e0mits i sense burocr\u00e0cia: 350 milions d&#8217;euros addicionals per a fam\u00edlies, propietaris de vehicles, aut\u00f2noms i afectats per Ertes&#8221;.<\/p>\n\n\n\n<p class=\"wp-block-paragraph\">&#8220;En tot just tres setmanes des que es van anunciar les ajudes (2 de setembre) la Generalitat ha pagat als sol\u00b7licitants 234,6 milions d&#8217;euros en ajudes de primera necessitat i per a vehicles a les fam\u00edlies afectades per la riuada. I tot aix\u00f2 sense necessitat de tr\u00e0mits. Els diners ha sigut ingressat directament en els comptes dels beneficiaris: 79,6 milions per a ajudes de primera necessitat i altres 155 milions en ajudes per a vehicles&#8221;.<\/p>\n\n\n\n<p class=\"wp-block-paragraph\">&#8220;El nombre total de beneficiaris de totes les ajudes a vehicles s\u00f3n 85.692. D&#8217;aquests, 81.760 ja han rebut l&#8217;\u00faltima ampliaci\u00f3 anunciada pel president Carlos Maz\u00f3n sense tr\u00e0mits addicionals. Tot aquest paquet d&#8217;ajudes de forma part de l&#8217;esfor\u00e7 econ\u00f2mic sense precedents que est\u00e0 realitzant la Generalitat Valenciana per a afrontar les terribles conseq\u00fc\u00e8ncies materials que la riuada del 29 d&#8217;octubre va causar a les comarques valencianes afectades. I tot aix\u00f2 en un context en el qual el Govern valenci\u00e0 segueix sense rebre del Govern central les imprescindibles ajudes a fons perdut per a costejar les tasques de reconstrucci\u00f3, la qual cosa obliga l&#8217;administraci\u00f3 auton\u00f2mica a sufragar la recuperaci\u00f3 per la via de l&#8217;endeutament&#8221;, han finalitzat des de l&#8217;Executiu valenci\u00e0.<\/p>\n","protected":false},"excerpt":{"rendered":"<div class=\"mh-excerpt\">&#8220;Uns 11 mesos despr\u00e9s de la trag\u00e8dia provocada per la riuada del 29 d&#8217;octubre, el Govern central nom\u00e9s ha pagat ajudes de primera necessitat (ajudes directes per a pal\u00b7liar danys materials en habitatge i estris) <a class=\"mh-excerpt-more\" href=\"https:\/\/tucomarca.whitekongsoftware.com\/ca\/retrauen-al-govern-de-sanchez-des-del-consell-el-no-haver-pagat-encara-les-ajudes-de-primera-necessitat-al-821-de-les-families-afectades\/\" title=\"Retrauen al Govern de S\u00e1nchez des del Consell &#8220;el no haver pagat encara les ajudes de primera necessitat al 82,1% de les fam\u00edlies afectades&#8221;\">[+] <\/a><\/div>\n","protected":false},"author":1,"featured_media":263186,"comment_status":"open","ping_status":"open","sticky":false,"template":"","format":"standard","meta":{"footnotes":""},"categories":[21466,10898,10948,10894,10904,10903,10947,10896,10897],"tags":[11497,15409,11498,12903,11199,11140],"class_list":["post-280705","post","type-post","status-publish","format-standard","has-post-thumbnail","category-dana-ca","category-ventana-ca","category-infraestructuras-ca","category-la-comarca-ca","category-sin-categorizar-ca","category-medio-ambiente-la-comarca-ca","category-politica","category-seccion-ca","category-sucesos-la-comarca-ca","tag-comunitat-valenciana-ca","tag-dana-2-ca","tag-generalitat-valenciana-ca","tag-infraestructuras-ca","tag-la-comunitat-ca","tag-politica-ca"],"_links":{"self":[{"href":"https:\/\/tucomarca.whitekongsoftware.com\/ca\/wp-json\/wp\/v2\/posts\/280705","targetHints":{"allow":["GET"]}}],"collection":[{"href":"https:\/\/tucomarca.whitekongsoftware.com\/ca\/wp-json\/wp\/v2\/posts"}],"about":[{"href":"https:\/\/tucomarca.whitekongsoftware.com\/ca\/wp-json\/wp\/v2\/types\/post"}],"author":[{"embeddable":true,"href":"https:\/\/tucomarca.whitekongsoftware.com\/ca\/wp-json\/wp\/v2\/users\/1"}],"replies":[{"embeddable":true,"href":"https:\/\/tucomarca.whitekongsoftware.com\/ca\/wp-json\/wp\/v2\/comments?post=280705"}],"version-history":[{"count":0,"href":"https:\/\/tucomarca.whitekongsoftware.com\/ca\/wp-json\/wp\/v2\/posts\/280705\/revisions"}],"wp:featuredmedia":[{"embeddable":true,"href":"https:\/\/tucomarca.whitekongsoftware.com\/ca\/wp-json\/wp\/v2\/media\/263186"}],"wp:attachment":[{"href":"https:\/\/tucomarca.whitekongsoftware.com\/ca\/wp-json\/wp\/v2\/media?parent=280705"}],"wp:term":[{"taxonomy":"category","embeddable":true,"href":"https:\/\/tucomarca.whitekongsoftware.com\/ca\/wp-json\/wp\/v2\/categories?post=280705"},{"taxonomy":"post_tag","embeddable":true,"href":"https:\/\/tucomarca.whitekongsoftware.com\/ca\/wp-json\/wp\/v2\/tags?post=280705"}],"curies":[{"name":"wp","href":"https:\/\/api.w.org\/{rel}","templated":true}]}}