{"id":280522,"date":"2025-09-26T09:00:00","date_gmt":"2025-09-26T07:00:00","guid":{"rendered":"https:\/\/www.tucomarca.com\/wordpress\/segunda\/?p=280522"},"modified":"2025-09-26T19:21:21","modified_gmt":"2025-09-26T17:21:21","slug":"el-circuit-ricardo-tormo-reunix-120-participants-en-la-trobada-de-caterham-motorsport","status":"publish","type":"post","link":"https:\/\/tucomarca.whitekongsoftware.com\/ca\/el-circuit-ricardo-tormo-reunix-120-participants-en-la-trobada-de-caterham-motorsport\/","title":{"rendered":"El Circuit Ricardo Tormo reunix 120 participants en la trobada de Caterham Motorsport"},"content":{"rendered":"\n<h3 class=\"wp-block-heading\">El Circuit Ricardo Tormo ser\u00e0 escenari este dissabte d\u2019una espectacular trobada internacional de <em>Caterham Motorsport<\/em>. <\/h3>\n\n\n\n<h3 class=\"wp-block-heading\">M\u00e9s de 120 unitats del m\u00edtic model brit\u00e0nic <em>Seven<\/em> prendran l\u2019asfalt valenci\u00e0 en un programa que reunir\u00e0 pilots i equips dels campionats portugu\u00e9s i franc\u00e9s.<\/h3>\n\n\n\n<p class=\"wp-block-paragraph\">El tra\u00e7at de Xest ser\u00e0 testimoni d\u2019una intensa activitat des d\u2019este mateix divendres, quan arrancaran els entrenaments privats i les primeres sessions de classificaci\u00f3. La jornada conclour\u00e0 amb les primeres carreres de les diferents categories, servint d\u2019aperitiu a un dissabte de m\u00e0xima intensitat.<\/p>\n\n\n\n<p class=\"wp-block-paragraph\">La competici\u00f3 s\u2019articular\u00e0 al voltant de quatre fronts principals. D\u2019una banda, l\u2019<em>Iberian 340R<\/em> + <em>Ladies Cup<\/em> + <em>France<\/em>, que oferir\u00e0 quatre m\u00e0negues en total, combinant la participaci\u00f3 de pilots portuguesos i francesos en un aut\u00e8ntic repte \u201ceuropeu\u201d. El 420R, tant en la seua versi\u00f3 francesa com ib\u00e8rica, viur\u00e0 carreres especialment renyides, ja que les classificacions d\u2019ambd\u00f3s campionats arriben molt ajustades a Val\u00e8ncia.<\/p>\n\n\n\n<p class=\"wp-block-paragraph\">El plat fort arribar\u00e0 amb la <em>Caterham SS660 Endurance<\/em>, una prova de resist\u00e8ncia programada a dos hores que posar\u00e0 el fermall d\u2019or al cap de setmana.<\/p>\n\n\n\n<p class=\"wp-block-paragraph\"><strong>Sis carreres dissabte<\/strong><\/p>\n\n\n\n<p class=\"wp-block-paragraph\">El dissabte 27 ser\u00e0 la gran jornada per als aficionats: despr\u00e9s de la segona classificaci\u00f3 dels 420R Fran\u00e7a, se succeiran fins a sis carreres, entre elles les segones i terceres m\u00e0negues de les categories ib\u00e8riques i franceses, a m\u00e9s de l\u2019esperada resist\u00e8ncia.<\/p>\n\n\n\n<p class=\"wp-block-paragraph\">Esta reuni\u00f3 de <em>Caterham Motorsport<\/em> a Val\u00e8ncia suposa una oportunitat \u00fanica per a gaudir de l\u2019ess\u00e8ncia de la competici\u00f3 pura. Amb cotxes lleugers, potents i extremadament espectaculars en pista, cada carrera promet emoci\u00f3 des del primer revolt fins a la bandera de quadres.<\/p>\n\n\n\n<p class=\"wp-block-paragraph\">Els aficionats tindran l\u2019oportunitat d\u2019accedir a la tribuna de <em>boxes<\/em> de manera gratu\u00efta i visitar el <em>paddock<\/em> per a vore de prop estos menuts monoplaces.<\/p>\n\n\n\n<p class=\"wp-block-paragraph\"><\/p>\n","protected":false},"excerpt":{"rendered":"<div class=\"mh-excerpt\">El Circuit Ricardo Tormo ser\u00e0 escenari este dissabte d\u2019una espectacular trobada internacional de Caterham Motorsport. M\u00e9s de 120 unitats del m\u00edtic model brit\u00e0nic Seven prendran l\u2019asfalt valenci\u00e0 en un programa que reunir\u00e0 pilots i equips <a class=\"mh-excerpt-more\" href=\"https:\/\/tucomarca.whitekongsoftware.com\/ca\/el-circuit-ricardo-tormo-reunix-120-participants-en-la-trobada-de-caterham-motorsport\/\" title=\"El Circuit Ricardo Tormo reunix 120 participants en la trobada de Caterham Motorsport\">[+] <\/a><\/div>\n","protected":false},"author":12,"featured_media":280521,"comment_status":"open","ping_status":"open","sticky":false,"template":"","format":"standard","meta":{"footnotes":""},"categories":[11019,11017,11003,10894,10904,10912,10896,10974],"tags":[11071,11412,10914],"class_list":["post-280522","post","type-post","status-publish","format-standard","has-post-thumbnail","category-agenda-ca","category-automovilismo-ca","category-sports","category-la-comarca-ca","category-sin-categorizar-ca","category-la-hoya-ca","category-seccion-ca","category-cheste-ca","tag-cheste","tag-circuit-ricardo-tormo-ca","tag-la-hoya-de-bunol-chiva-ca"],"_links":{"self":[{"href":"https:\/\/tucomarca.whitekongsoftware.com\/ca\/wp-json\/wp\/v2\/posts\/280522","targetHints":{"allow":["GET"]}}],"collection":[{"href":"https:\/\/tucomarca.whitekongsoftware.com\/ca\/wp-json\/wp\/v2\/posts"}],"about":[{"href":"https:\/\/tucomarca.whitekongsoftware.com\/ca\/wp-json\/wp\/v2\/types\/post"}],"author":[{"embeddable":true,"href":"https:\/\/tucomarca.whitekongsoftware.com\/ca\/wp-json\/wp\/v2\/users\/12"}],"replies":[{"embeddable":true,"href":"https:\/\/tucomarca.whitekongsoftware.com\/ca\/wp-json\/wp\/v2\/comments?post=280522"}],"version-history":[{"count":0,"href":"https:\/\/tucomarca.whitekongsoftware.com\/ca\/wp-json\/wp\/v2\/posts\/280522\/revisions"}],"wp:featuredmedia":[{"embeddable":true,"href":"https:\/\/tucomarca.whitekongsoftware.com\/ca\/wp-json\/wp\/v2\/media\/280521"}],"wp:attachment":[{"href":"https:\/\/tucomarca.whitekongsoftware.com\/ca\/wp-json\/wp\/v2\/media?parent=280522"}],"wp:term":[{"taxonomy":"category","embeddable":true,"href":"https:\/\/tucomarca.whitekongsoftware.com\/ca\/wp-json\/wp\/v2\/categories?post=280522"},{"taxonomy":"post_tag","embeddable":true,"href":"https:\/\/tucomarca.whitekongsoftware.com\/ca\/wp-json\/wp\/v2\/tags?post=280522"}],"curies":[{"name":"wp","href":"https:\/\/api.w.org\/{rel}","templated":true}]}}