{"id":280325,"date":"2025-09-24T12:00:00","date_gmt":"2025-09-24T10:00:00","guid":{"rendered":"https:\/\/www.tucomarca.com\/wordpress\/segunda\/?p=280325"},"modified":"2025-09-24T20:15:58","modified_gmt":"2025-09-24T18:15:58","slug":"enrique-santafosta-recupera-lalcaldia-de-sant-antoni-de-benaixeve-despres-de-prosperar-la-mocio-de-censura","status":"publish","type":"post","link":"https:\/\/tucomarca.whitekongsoftware.com\/ca\/enrique-santafosta-recupera-lalcaldia-de-sant-antoni-de-benaixeve-despres-de-prosperar-la-mocio-de-censura\/","title":{"rendered":"Enrique Santafosta recupera l&#8217;alcaldia de Sant Antoni de Benaixeve despr\u00e9s de prosperar la moci\u00f3 de censura"},"content":{"rendered":"\n<p class=\"wp-block-paragraph\">Enrique Santafosta ha recuperat aquest dimecres l&#8217;alcaldia de Sant Antoni de Benaixeve despr\u00e9s de prosperar la moci\u00f3 de censura presentada contra la fins ara alcaldessa, Eva Tejedor, de UCIN.<\/p>\n\n\n\n<p class=\"wp-block-paragraph\">Santafosta, edil del grup dels no adscrits i recentment incorporat al Partit Popular, torna aix\u00ed a posar-se al capdavant del consistori, c\u00e0rrec que ja va ocupar entre 2015 i 2023. Amb aquesta votaci\u00f3, arranca el seu segon mandat com a alcalde de la localitat.<\/p>\n\n\n\n<p class=\"wp-block-paragraph\">La moci\u00f3 de censura ha comptat amb el suport de 7 dels 13 regidors del consistori:&nbsp;els quatre de l&#8217;Agrupaci\u00f3 Independent de Sant Antoni de Benaixeve&nbsp;(AISAB); la exconcejala de Vox Mar\u00eda Jos\u00e9 Esteve (expulsada del partit per impulsar aquesta moci\u00f3), Enrique Celda (no adscrit) i el propi Santafosta, ara en el grup de no adscrits i en el PP. La resta de regidors (dos de Guanyem, dos del PP, un de Vox i la ja exalcaldesa)&nbsp;han votat en contra.<\/p>\n\n\n\n<p class=\"wp-block-paragraph\">En la seua intervenci\u00f3, el nou primer edil va recordar que la seua anterior formaci\u00f3, AISAB, va ser la m\u00e9s votada en les eleccions de 2023, i va justificar la moci\u00f3 en la necessitat de substituir a un equip de govern \u201cque no era ni s\u00f2lid ni fort\u201d.<\/p>\n\n\n\n<p class=\"wp-block-paragraph\">Santafosta ha anunciat que entre les seues prioritats figura reprendre projectes estrat\u00e8gics per al municipi, com la construcci\u00f3 de la Casa de la Cultura i l&#8217;ampliaci\u00f3 de l&#8217;institut, amb l&#8217;objectiu de donar resposta a les necessitats socials i educatives de Sant Antoni de Benaixeve.<\/p>\n","protected":false},"excerpt":{"rendered":"<div class=\"mh-excerpt\">Enrique Santafosta ha recuperat aquest dimecres l&#8217;alcaldia de Sant Antoni de Benaixeve despr\u00e9s de prosperar la moci\u00f3 de censura presentada contra la fins ara alcaldessa, Eva Tejedor, de UCIN. Santafosta, edil del grup dels no <a class=\"mh-excerpt-more\" href=\"https:\/\/tucomarca.whitekongsoftware.com\/ca\/enrique-santafosta-recupera-lalcaldia-de-sant-antoni-de-benaixeve-despres-de-prosperar-la-mocio-de-censura\/\" title=\"Enrique Santafosta recupera l&#8217;alcaldia de Sant Antoni de Benaixeve despr\u00e9s de prosperar la moci\u00f3 de censura\">[+] <\/a><\/div>\n","protected":false},"author":12,"featured_media":280319,"comment_status":"open","ping_status":"open","sticky":false,"template":"","format":"standard","meta":{"footnotes":""},"categories":[10892,10898,10948,10894,10947,10934,10896],"tags":[10899,14728,11147],"class_list":["post-280325","post","type-post","status-publish","format-standard","has-post-thumbnail","category-camp-de-turia-ca","category-ventana-ca","category-infraestructuras-ca","category-la-comarca-ca","category-politica","category-san-antonio-de-benageber-ca","category-seccion-ca","tag-camp-de-turia-ca","tag-mocion-de-censura-ca","tag-san-antoni-de-benageber"],"_links":{"self":[{"href":"https:\/\/tucomarca.whitekongsoftware.com\/ca\/wp-json\/wp\/v2\/posts\/280325","targetHints":{"allow":["GET"]}}],"collection":[{"href":"https:\/\/tucomarca.whitekongsoftware.com\/ca\/wp-json\/wp\/v2\/posts"}],"about":[{"href":"https:\/\/tucomarca.whitekongsoftware.com\/ca\/wp-json\/wp\/v2\/types\/post"}],"author":[{"embeddable":true,"href":"https:\/\/tucomarca.whitekongsoftware.com\/ca\/wp-json\/wp\/v2\/users\/12"}],"replies":[{"embeddable":true,"href":"https:\/\/tucomarca.whitekongsoftware.com\/ca\/wp-json\/wp\/v2\/comments?post=280325"}],"version-history":[{"count":0,"href":"https:\/\/tucomarca.whitekongsoftware.com\/ca\/wp-json\/wp\/v2\/posts\/280325\/revisions"}],"wp:featuredmedia":[{"embeddable":true,"href":"https:\/\/tucomarca.whitekongsoftware.com\/ca\/wp-json\/wp\/v2\/media\/280319"}],"wp:attachment":[{"href":"https:\/\/tucomarca.whitekongsoftware.com\/ca\/wp-json\/wp\/v2\/media?parent=280325"}],"wp:term":[{"taxonomy":"category","embeddable":true,"href":"https:\/\/tucomarca.whitekongsoftware.com\/ca\/wp-json\/wp\/v2\/categories?post=280325"},{"taxonomy":"post_tag","embeddable":true,"href":"https:\/\/tucomarca.whitekongsoftware.com\/ca\/wp-json\/wp\/v2\/tags?post=280325"}],"curies":[{"name":"wp","href":"https:\/\/api.w.org\/{rel}","templated":true}]}}