{"id":280306,"date":"2025-09-24T09:45:00","date_gmt":"2025-09-24T07:45:00","guid":{"rendered":"https:\/\/www.tucomarca.com\/wordpress\/segunda\/?p=280306"},"modified":"2025-09-24T20:29:15","modified_gmt":"2025-09-24T18:29:15","slug":"la-diputacio-obri-el-debat-europeu-a-valencia-sobre-com-afrontar-les-catastrofes-naturals","status":"publish","type":"post","link":"https:\/\/tucomarca.whitekongsoftware.com\/ca\/la-diputacio-obri-el-debat-europeu-a-valencia-sobre-com-afrontar-les-catastrofes-naturals\/","title":{"rendered":"La Diputaci\u00f3 obri el debat europeu a Val\u00e8ncia sobre com afrontar les cat\u00e0strofes naturals"},"content":{"rendered":"\n<h3 class=\"wp-block-heading\">La corporaci\u00f3 provincial reunix, al llarg de dos jornades, a autoritats i experts locals i europeus per a explicar la seua experi\u00e8ncia en la gesti\u00f3 de la DANA.<\/h3>\n\n\n\n<h3 class=\"wp-block-heading\">L&#8217;esdeveniment s&#8217;emmarca dins del programa europeu ESPON, que t\u00e9 com a objectiu millorar la preparaci\u00f3 i la cooperaci\u00f3 de les autoritats locals interm\u00e8dies de la UE davant cat\u00e0strofes naturals.<\/h3>\n\n\n\n<p class=\"wp-block-paragraph\">La Diputaci\u00f3 de Val\u00e8ncia reunir\u00e0 durant els dies 25 i 26 de setembre a una nodrida representaci\u00f3 d&#8217;autoritats i experts locals i europeus, amb l&#8217;objectiu d&#8217;explicar l&#8217;experi\u00e8ncia de la instituci\u00f3 provincial durant la gesti\u00f3 i la reconstrucci\u00f3 despr\u00e9s del pas de la dana del 29 d&#8217;octubre de 2024, i aix\u00ed contribuir i millorar el debat, a nivell europeu, sobre com afrontar este tipus de cat\u00e0strofes naturals.&nbsp;<\/p>\n\n\n\n<p class=\"wp-block-paragraph\">El president de la corporaci\u00f3, Vicent Momp\u00f3, les vicepresidentes Nat\u00e0lia Enguix i Reme Mazzolari, el diputat de Fons Europeus, Juan Ram\u00f3n Adsuara, aix\u00ed com t\u00e8cnics, bombers i representants d&#8217;altres cossos de seguretat, oferiran els detalls del paper que va exercir la Diputaci\u00f3 com a govern intermedi en la gesti\u00f3 de la reconstrucci\u00f3 i la cohesi\u00f3 social, amb la intenci\u00f3 de servir d&#8217;exemple a la resta d&#8217;Europa.<\/p>\n\n\n\n<p class=\"wp-block-paragraph\">L&#8217;esdeveniment, que inclou visites a les zones afectades, es desenvolupar\u00e0 en el Centre Cultural-La Benefic\u00e8ncia. S&#8217;emmarca dins del programa europeu ESPON, el qual analitza com els governs intermedis (prov\u00edncies, regions) de diferents pa\u00efsos de la Uni\u00f3 Europea afronten i superen situacions de crisis relacionades amb cat\u00e0strofes naturals i crisis socials. El seu objectiu \u00e9s identificar fortaleses, debilitats i bones pr\u00e0ctiques en els processos de resili\u00e8ncia territorial. A trav\u00e9s de casos comparatius, com el de la Diputaci\u00f3 en la dana, es busca extraure aprenentatges transferibles que enfortisquen la capacitat de resposta i reconstrucci\u00f3 d&#8217;estes administracions. Els resultats del programa s&#8217;empraran com a guia estrat\u00e8gica per a millorar la preparaci\u00f3 i cooperaci\u00f3 entre prov\u00edncies europees davant futurs desafiaments.<\/p>\n\n\n\n<p class=\"wp-block-paragraph\"><strong>Actes i participants&nbsp;<\/strong><\/p>\n\n\n\n<p class=\"wp-block-paragraph\">Els assistents a este esdeveniment visitaran este dijous diferents \u00e0rees afectades per la trag\u00e8dia del 29 d&#8217;octubre en els municipis de Torrent i Massanassa, on seran rebuts pels alcaldes Amparo Folgado i Paco Comes respectivament. Despr\u00e9s de la visita, el president Vicent Momp\u00f3, al costat de Juan Ram\u00f3n Adsuara, ser\u00e0 l&#8217;encarregat d&#8217;obrir esta primera jornada, en la qual se celebraran dos taules redones.<\/p>\n\n\n\n<p class=\"wp-block-paragraph\">En la primera d&#8217;elles, titulada \u2018Actuacions d&#8217;emerg\u00e8ncia despr\u00e9s de la dana\u2019, representants de policies locals, de Protecci\u00f3 Civil, i del Consorci Provincial de Bombers, explicaran les primeres actuacions que van dur a terme els diferents cossos de seguretat i protecci\u00f3 el dia 29 d&#8217;octubre de 2024.<\/p>\n\n\n\n<p class=\"wp-block-paragraph\">La segona de les taules, \u2018Reconstrucci\u00f3 i resili\u00e8ncia despr\u00e9s de la dana\u2019, se centrar\u00e0 en la reconstrucci\u00f3 realitzada en diferents \u00e0mbits com les carreteres o la xarxa d&#8217;aig\u00fces. En ella intervindran la vicepresidenta segona de la Diputaci\u00f3, Reme Mazzolari, al costat de t\u00e8cnics de la corporaci\u00f3 i a Lu\u00eds Blanch, enginyer t\u00e8cnic i agricultor premiat per la gesti\u00f3 al Parc Natural de l&#8217;Albufera.<\/p>\n\n\n\n<p class=\"wp-block-paragraph\">El divendres ser\u00e0 el torn de les autoritats i els experts procedents de la Uni\u00f3 Europea. Esta segona jornada ser\u00e0 inaugurada per la vicepresidenta primera, Nat\u00e0lia Enguix, que a continuaci\u00f3 donar\u00e0 pas a diferents confer\u00e8ncies i taules redones. En elles, representants de prov\u00edncies i entitats interm\u00e8dies de pa\u00efsos com Alemanya, It\u00e0lia o Pol\u00f2nia, a m\u00e9s del diputat de Fons Europeus Juan Ram\u00f3n Adsuara, debatran sobre quin paper han de jugar les autoritats locals interm\u00e8dies per a reaccionar millor davant una crisi.<\/p>\n","protected":false},"excerpt":{"rendered":"<div class=\"mh-excerpt\">La corporaci\u00f3 provincial reunix, al llarg de dos jornades, a autoritats i experts locals i europeus per a explicar la seua experi\u00e8ncia en la gesti\u00f3 de la DANA. L&#8217;esdeveniment s&#8217;emmarca dins del programa europeu ESPON, <a class=\"mh-excerpt-more\" href=\"https:\/\/tucomarca.whitekongsoftware.com\/ca\/la-diputacio-obri-el-debat-europeu-a-valencia-sobre-com-afrontar-les-catastrofes-naturals\/\" title=\"La Diputaci\u00f3 obri el debat europeu a Val\u00e8ncia sobre com afrontar les cat\u00e0strofes naturals\">[+] <\/a><\/div>\n","protected":false},"author":12,"featured_media":280305,"comment_status":"open","ping_status":"open","sticky":false,"template":"","format":"standard","meta":{"footnotes":""},"categories":[11019,21466,10898,10948,10894,10904,10903,10947,10896,10897],"tags":[23072,15409,11246],"class_list":["post-280306","post","type-post","status-publish","format-standard","has-post-thumbnail","category-agenda-ca","category-dana-ca","category-ventana-ca","category-infraestructuras-ca","category-la-comarca-ca","category-sin-categorizar-ca","category-medio-ambiente-la-comarca-ca","category-politica","category-seccion-ca","category-sucesos-la-comarca-ca","tag-catatrofes-naturales-ca","tag-dana-2-ca","tag-diputacio-de-valencia-ca"],"_links":{"self":[{"href":"https:\/\/tucomarca.whitekongsoftware.com\/ca\/wp-json\/wp\/v2\/posts\/280306","targetHints":{"allow":["GET"]}}],"collection":[{"href":"https:\/\/tucomarca.whitekongsoftware.com\/ca\/wp-json\/wp\/v2\/posts"}],"about":[{"href":"https:\/\/tucomarca.whitekongsoftware.com\/ca\/wp-json\/wp\/v2\/types\/post"}],"author":[{"embeddable":true,"href":"https:\/\/tucomarca.whitekongsoftware.com\/ca\/wp-json\/wp\/v2\/users\/12"}],"replies":[{"embeddable":true,"href":"https:\/\/tucomarca.whitekongsoftware.com\/ca\/wp-json\/wp\/v2\/comments?post=280306"}],"version-history":[{"count":0,"href":"https:\/\/tucomarca.whitekongsoftware.com\/ca\/wp-json\/wp\/v2\/posts\/280306\/revisions"}],"wp:featuredmedia":[{"embeddable":true,"href":"https:\/\/tucomarca.whitekongsoftware.com\/ca\/wp-json\/wp\/v2\/media\/280305"}],"wp:attachment":[{"href":"https:\/\/tucomarca.whitekongsoftware.com\/ca\/wp-json\/wp\/v2\/media?parent=280306"}],"wp:term":[{"taxonomy":"category","embeddable":true,"href":"https:\/\/tucomarca.whitekongsoftware.com\/ca\/wp-json\/wp\/v2\/categories?post=280306"},{"taxonomy":"post_tag","embeddable":true,"href":"https:\/\/tucomarca.whitekongsoftware.com\/ca\/wp-json\/wp\/v2\/tags?post=280306"}],"curies":[{"name":"wp","href":"https:\/\/api.w.org\/{rel}","templated":true}]}}