{"id":280067,"date":"2025-09-23T05:00:00","date_gmt":"2025-09-23T03:00:00","guid":{"rendered":"https:\/\/www.tucomarca.com\/wordpress\/segunda\/?p=280067"},"modified":"2025-09-22T19:55:40","modified_gmt":"2025-09-22T17:55:40","slug":"la-generalitat-paga-altres-154-milions-deuros-en-ajudes-de-primera-necessitat-i-per-a-vehicles-a-les-families-afectades-per-la-riuada","status":"publish","type":"post","link":"https:\/\/tucomarca.whitekongsoftware.com\/ca\/la-generalitat-paga-altres-154-milions-deuros-en-ajudes-de-primera-necessitat-i-per-a-vehicles-a-les-families-afectades-per-la-riuada\/","title":{"rendered":"La Generalitat paga altres 154 milions d&#8217;euros en ajudes de primera necessitat i per a vehicles a les fam\u00edlies afectades per la riuada"},"content":{"rendered":"\n<h3 class=\"wp-block-heading\">Els beneficiaris ja han rebut aquests diners extres de manera autom\u00e0tica en els seus comptes gr\u00e0cies a que aquestes ajudes no porten ni tr\u00e0mits ni burocr\u00e0cia.<\/h3>\n\n\n\n<h3 class=\"wp-block-heading\">Uns 80 milions d&#8217;euros s&#8217;han destinat a cobrir de nou despeses per a estris i b\u00e9ns per a 26.536 llars, mentre que les persones i empreses que van perdre els seus vehicles per les inundacions han percebut tamb\u00e9 de manera complement\u00e0ria a les ajudes que ja van cobrar 74 milions m\u00e9s.<\/h3>\n\n\n\n<h3 class=\"wp-block-heading\">Aquests 154 milions d&#8217;euros se sumen als 331,5 milions que la Generalitat ja havia abonat per aquests mateixos conceptes en la primera convocat\u00f2ria d&#8217;aquestes ajudes, de manera que el total abonat pel Govern valenci\u00e0 per a aquestes dues partides aconsegueix ja els 485 milions d&#8217;euros.<\/h3>\n\n\n\n<h3 class=\"wp-block-heading\">L&#8217;administraci\u00f3 valenciana estableix a m\u00e9s un nou termini de sol\u00b7licituds de l&#8217;1 al 22 d&#8217;octubre nom\u00e9s per als afectats que no es van acollir a aquestes ajudes en anteriors convocat\u00f2ries o si s\u00f3n per a un vehicle distint.<\/h3>\n\n\n\n<p class=\"wp-block-paragraph\">La Generalitat ha pagat 154 milions d&#8217;euros en ajudes de primera necessitat i per a vehicles a les fam\u00edlies afectades per la riuada del passat 29 d&#8217;octubre i que ja van ser beneficiaris d&#8217;aquestes ajudes en les anteriors convocat\u00f2ries gestionades per la Ag\u00e8ncia Tribut\u00e0ria Valenciana (ATV).<\/p>\n\n\n\n<p class=\"wp-block-paragraph\">En concret, 80 milions d&#8217;euros s&#8217;han destinat a cobrir de nou despeses per a estris i b\u00e9ns per a 26.536 llars, mentre que les persones i empreses que van perdre els seus vehicles en la dana han rebut altres 74 milions d&#8217;euros per a 40.000 beneficiaris.<\/p>\n\n\n\n<p class=\"wp-block-paragraph\">El pagament de l&#8217;increment d&#8217;aquestes ajudes, anunciades el passat 2 de setembre pel president de la Generalitat, Carlos Maz\u00f3n, s&#8217;est\u00e0 efectuant directament mitjan\u00e7ant transfer\u00e8ncia al compte bancari en la qual es va abonar l&#8217;ajuda inicial a les persones benefici\u00e0ries, sense tr\u00e0mits burocr\u00e0tics i sense necessitat de tornar a sol\u00b7licitar les ajudes.<\/p>\n\n\n\n<p class=\"wp-block-paragraph\">Aquests 154 milions d&#8217;euros se sumen als 331,5 milions que la Generalitat ja havia abonat per aquests mateixos conceptes (ajudes de primera necessitat i per a vehicles sinistrats) a les fam\u00edlies i empreses afectades per la dana, de manera que el total abonat pel Govern valenci\u00e0 per a aquestes dues partides aconsegueix ja els 485 milions d&#8217;euros.<\/p>\n\n\n\n<p class=\"wp-block-paragraph\">El Pla Simplifica de l&#8217;administraci\u00f3 valenciana, implantat durant aquesta legislatura, est\u00e0 permetent que els pagaments es realitzen de manera autom\u00e0tica i sense necessitat que els beneficiaris hagen de sol\u00b7licitar-lo de nou.<\/p>\n\n\n\n<p class=\"wp-block-paragraph\"><strong>Ajudes vehicles&nbsp;<\/strong><\/p>\n\n\n\n<p class=\"wp-block-paragraph\">En un temps r\u00e8cord s&#8217;ha comen\u00e7at a abonar un total de 73.813.750 euros dels 166 milions previstos, corresponents a prop de 40.000 persones benefici\u00e0ries de les ajudes directes per a compensar la p\u00e8rdua de vehicles sinistrats en la dana que va afectar diferents municipis de la Comunitat Valenciana.<\/p>\n\n\n\n<p class=\"wp-block-paragraph\">D&#8217;altra banda, l&#8217;Ag\u00e8ncia Tribut\u00e0ria Valenciana (ATV) obrir\u00e0 un nou termini de sol\u00b7licituds de l&#8217;1 al 22 d&#8217;octubre per a les persones afectades que no es van acollir a aquestes ajudes en les convocat\u00f2ries anteriors o, en cas d&#8217;haver-les demanat, que presenten una sol\u00b7licitud per a un vehicle distint.<\/p>\n\n\n\n<p class=\"wp-block-paragraph\">En total s&#8217;han previst 174 milions d&#8217;euros per a abonar tant l&#8217;increment de les ajudes ja percebudes pels afectats com per a les noves que puguen concedir-se durant el nou termini de presentaci\u00f3.<\/p>\n\n\n\n<p class=\"wp-block-paragraph\">Les quantitats abonades corresponen a l&#8217;augment dels imports m\u00e0xims de les ajudes per vehicles greument danyats per la riuada. D&#8217;aquesta manera, les noves quanties m\u00e0ximes dupliquen les inicials, de manera que les noves quantitats m\u00e0ximes variaran entre 500 euros per a ciclomotors i fins a 30.000 euros per a autobusos i autocars.<\/p>\n\n\n\n<p class=\"wp-block-paragraph\">En el cas dels turismes, s&#8217;abonaran 4.000 euros en total, que seran 5.000 euros en el cas dels turismes adaptats a persones amb mobilitat redu\u00efda, 16.000 euros per a maquin\u00e0ria agr\u00edcola i d&#8217;obres o 18.000 euros per a camions de gran tonatge, entre altres.<\/p>\n","protected":false},"excerpt":{"rendered":"<div class=\"mh-excerpt\">Els beneficiaris ja han rebut aquests diners extres de manera autom\u00e0tica en els seus comptes gr\u00e0cies a que aquestes ajudes no porten ni tr\u00e0mits ni burocr\u00e0cia. Uns 80 milions d&#8217;euros s&#8217;han destinat a cobrir de <a class=\"mh-excerpt-more\" href=\"https:\/\/tucomarca.whitekongsoftware.com\/ca\/la-generalitat-paga-altres-154-milions-deuros-en-ajudes-de-primera-necessitat-i-per-a-vehicles-a-les-families-afectades-per-la-riuada\/\" title=\"La Generalitat paga altres 154 milions d&#8217;euros en ajudes de primera necessitat i per a vehicles a les fam\u00edlies afectades per la riuada\">[+] <\/a><\/div>\n","protected":false},"author":1,"featured_media":243089,"comment_status":"open","ping_status":"open","sticky":false,"template":"","format":"standard","meta":{"footnotes":""},"categories":[21466,10898,10948,10894,10904,10903,10947,10896,10897],"tags":[13821,15409,11498,11199],"class_list":["post-280067","post","type-post","status-publish","format-standard","has-post-thumbnail","category-dana-ca","category-ventana-ca","category-infraestructuras-ca","category-la-comarca-ca","category-sin-categorizar-ca","category-medio-ambiente-la-comarca-ca","category-politica","category-seccion-ca","category-sucesos-la-comarca-ca","tag-ayudas-ca","tag-dana-2-ca","tag-generalitat-valenciana-ca","tag-la-comunitat-ca"],"_links":{"self":[{"href":"https:\/\/tucomarca.whitekongsoftware.com\/ca\/wp-json\/wp\/v2\/posts\/280067","targetHints":{"allow":["GET"]}}],"collection":[{"href":"https:\/\/tucomarca.whitekongsoftware.com\/ca\/wp-json\/wp\/v2\/posts"}],"about":[{"href":"https:\/\/tucomarca.whitekongsoftware.com\/ca\/wp-json\/wp\/v2\/types\/post"}],"author":[{"embeddable":true,"href":"https:\/\/tucomarca.whitekongsoftware.com\/ca\/wp-json\/wp\/v2\/users\/1"}],"replies":[{"embeddable":true,"href":"https:\/\/tucomarca.whitekongsoftware.com\/ca\/wp-json\/wp\/v2\/comments?post=280067"}],"version-history":[{"count":0,"href":"https:\/\/tucomarca.whitekongsoftware.com\/ca\/wp-json\/wp\/v2\/posts\/280067\/revisions"}],"wp:featuredmedia":[{"embeddable":true,"href":"https:\/\/tucomarca.whitekongsoftware.com\/ca\/wp-json\/wp\/v2\/media\/243089"}],"wp:attachment":[{"href":"https:\/\/tucomarca.whitekongsoftware.com\/ca\/wp-json\/wp\/v2\/media?parent=280067"}],"wp:term":[{"taxonomy":"category","embeddable":true,"href":"https:\/\/tucomarca.whitekongsoftware.com\/ca\/wp-json\/wp\/v2\/categories?post=280067"},{"taxonomy":"post_tag","embeddable":true,"href":"https:\/\/tucomarca.whitekongsoftware.com\/ca\/wp-json\/wp\/v2\/tags?post=280067"}],"curies":[{"name":"wp","href":"https:\/\/api.w.org\/{rel}","templated":true}]}}