{"id":279975,"date":"2025-09-22T12:15:00","date_gmt":"2025-09-22T10:15:00","guid":{"rendered":"https:\/\/www.tucomarca.com\/wordpress\/segunda\/?p=279975"},"modified":"2025-09-22T18:37:33","modified_gmt":"2025-09-22T16:37:33","slug":"la-mancomunidad-interior-de-la-tierra-del-vino-acosta-la-mediacio-gratuita-a-traves-del-servici-mediaprop","status":"publish","type":"post","link":"https:\/\/tucomarca.whitekongsoftware.com\/ca\/la-mancomunidad-interior-de-la-tierra-del-vino-acosta-la-mediacio-gratuita-a-traves-del-servici-mediaprop\/","title":{"rendered":"La Mancomunidad Interior de la Tierra del Vino acosta la mediaci\u00f3 gratu\u00efta a trav\u00e9s del servici MEDIAPROP"},"content":{"rendered":"\n<h3 class=\"wp-block-heading\">Es tracta d\u2019un programa de mediaci\u00f3 promogut per la Generalitat Valenciana per a acostar a la ciutadania una alternativa extrajudicial que evita tr\u00e0mits llargs i costosos.<\/h3>\n\n\n\n<p class=\"wp-block-paragraph\">La ciutadania de la comarca ja compta amb un nou recurs per a resoldre els seus conflictes de manera r\u00e0pida, efica\u00e7 i gratu\u00efta: el servici MEDIAPROP, que acaba de posar-se de nou en marxa en la Mancomunidad Interior de la Tierra del Vino (MITV).<\/p>\n\n\n\n<p class=\"wp-block-paragraph\">Es tracta d\u2019un programa de mediaci\u00f3 promogut per la Generalitat Valenciana per a acostar a la ciutadania una alternativa extrajudicial que evita tr\u00e0mits llargs i costosos. L\u2019objectiu \u00e9s que les persones que puguen estar pensant a iniciar un proc\u00e9s judicial puguen disposar d\u2019un espai neutral per al di\u00e0leg i l\u2019acord abans d\u2019arribar als tribunals.<\/p>\n\n\n\n<p class=\"wp-block-paragraph\">Encara que la seua seu es troba a la MITV, MEDIAPROP prestar\u00e0 assist\u00e8ncia itinerant en els nou municipis de la comarca. Les persones interessades en este servici universal i gratu\u00eft poden demanar cita a trav\u00e9s del correu electr\u00f2nic <a>mancomunidad@tierradelvino.es<\/a> o telefonant al 96 217 35 86. Una vegada sol\u00b7licitat el servici, la persona professional mediadora es despla\u00e7ar\u00e0 fins al municipi corresponent per a atendre cada cas.<\/p>\n\n\n\n<p class=\"wp-block-paragraph\">El servici est\u00e0 finan\u00e7at per la Conselleria de Just\u00edcia i Administraci\u00f3 P\u00fablica de la Generalitat Valenciana, que aposta pels punts MEDIAPROP com a f\u00f3rmula efica\u00e7 per a acostar la just\u00edcia a la ciutadania i reduir la c\u00e0rrega dels jutjats.<\/p>\n","protected":false},"excerpt":{"rendered":"<div class=\"mh-excerpt\">Es tracta d\u2019un programa de mediaci\u00f3 promogut per la Generalitat Valenciana per a acostar a la ciutadania una alternativa extrajudicial que evita tr\u00e0mits llargs i costosos. La ciutadania de la comarca ja compta amb un <a class=\"mh-excerpt-more\" href=\"https:\/\/tucomarca.whitekongsoftware.com\/ca\/la-mancomunidad-interior-de-la-tierra-del-vino-acosta-la-mediacio-gratuita-a-traves-del-servici-mediaprop\/\" title=\"La Mancomunidad Interior de la Tierra del Vino acosta la mediaci\u00f3 gratu\u00efta a trav\u00e9s del servici MEDIAPROP\">[+] <\/a><\/div>\n","protected":false},"author":12,"featured_media":279972,"comment_status":"open","ping_status":"open","sticky":false,"template":"","format":"standard","meta":{"footnotes":""},"categories":[11031,11032,11054,11055,10948,10894,10947,10908,10909,10896,11058,11059,11060,11061],"tags":[12387,23053,10910],"class_list":["post-279975","post","type-post","status-publish","format-standard","has-post-thumbnail","category-camporrobles-ca","category-caudete-ca","category-chera-ca","category-fuenterrobles-ca","category-infraestructuras-ca","category-la-comarca-ca","category-politica","category-requena-ca","category-requena-utiel-ca","category-seccion-ca","category-sinarcas-ca","category-utiel-ca","category-venta-del-moro-ca","category-villargordo-del-cabriel-ca","tag-mancomunidad-del-interior-tierra-del-vino-ca","tag-mediaprop-ca","tag-requena-utiel-ca"],"_links":{"self":[{"href":"https:\/\/tucomarca.whitekongsoftware.com\/ca\/wp-json\/wp\/v2\/posts\/279975","targetHints":{"allow":["GET"]}}],"collection":[{"href":"https:\/\/tucomarca.whitekongsoftware.com\/ca\/wp-json\/wp\/v2\/posts"}],"about":[{"href":"https:\/\/tucomarca.whitekongsoftware.com\/ca\/wp-json\/wp\/v2\/types\/post"}],"author":[{"embeddable":true,"href":"https:\/\/tucomarca.whitekongsoftware.com\/ca\/wp-json\/wp\/v2\/users\/12"}],"replies":[{"embeddable":true,"href":"https:\/\/tucomarca.whitekongsoftware.com\/ca\/wp-json\/wp\/v2\/comments?post=279975"}],"version-history":[{"count":0,"href":"https:\/\/tucomarca.whitekongsoftware.com\/ca\/wp-json\/wp\/v2\/posts\/279975\/revisions"}],"wp:featuredmedia":[{"embeddable":true,"href":"https:\/\/tucomarca.whitekongsoftware.com\/ca\/wp-json\/wp\/v2\/media\/279972"}],"wp:attachment":[{"href":"https:\/\/tucomarca.whitekongsoftware.com\/ca\/wp-json\/wp\/v2\/media?parent=279975"}],"wp:term":[{"taxonomy":"category","embeddable":true,"href":"https:\/\/tucomarca.whitekongsoftware.com\/ca\/wp-json\/wp\/v2\/categories?post=279975"},{"taxonomy":"post_tag","embeddable":true,"href":"https:\/\/tucomarca.whitekongsoftware.com\/ca\/wp-json\/wp\/v2\/tags?post=279975"}],"curies":[{"name":"wp","href":"https:\/\/api.w.org\/{rel}","templated":true}]}}