{"id":279890,"date":"2025-09-22T11:15:00","date_gmt":"2025-09-22T09:15:00","guid":{"rendered":"https:\/\/www.tucomarca.com\/wordpress\/segunda\/?p=279890"},"modified":"2025-09-22T13:03:36","modified_gmt":"2025-09-22T11:03:36","slug":"la-chestana-mar-vilalta-presenta-el-seu-poemari-davant-un-salo-de-plens-ple","status":"publish","type":"post","link":"https:\/\/tucomarca.whitekongsoftware.com\/ca\/la-chestana-mar-vilalta-presenta-el-seu-poemari-davant-un-salo-de-plens-ple\/","title":{"rendered":"La chestana Mar Vilalta presenta el seu poemari davant un sal\u00f3 de plens ple"},"content":{"rendered":"\n<p class=\"wp-block-paragraph\">El passat divendres, 19 de setembre, el sal\u00f3 de plens de l\u2019Ajuntament va acollir la presentaci\u00f3 del primer llibre de la chestana <strong>Mar Vilalta Cerrada<\/strong>, titulat <em>Myosotis<\/em>, nom cient\u00edfic d\u2019una flor coneguda com \u201cla flor de l\u2019amant etern o de l\u2019amor desesperat\u201d, i que arreplega un poemari que dona veu als processos de transformaci\u00f3 personal de l\u2019autora.<\/p>\n\n\n\n<p class=\"wp-block-paragraph\">\u201c\u00c9s per a mi un verdader honor presentar-los una jove creadora, que des de la seua curta edat ja ha demostrat ser una artista tan brillant com vers\u00e0til; la seua traject\u00f2ria acad\u00e8mica i art\u00edstica \u00e9s \u00e0mplia i s\u00f2lida en els \u00e0mbits de la direcci\u00f3, interpretaci\u00f3 i composici\u00f3 musical, per\u00f2 el que realment definix a Mar \u00e9s la seua ess\u00e8ncia: \u00e9s una artista multidisciplin\u00e0ria, una persona sensible, emotiva, apassionada i profunda\u201d, assenyalava la regidora de Cultura, <strong>M\u00aa \u00c1ngeles Llorente<\/strong>, en la presentaci\u00f3 de l\u2019acte. \u201cHui Mar ens reunix ac\u00ed per a presentar-nos una obra po\u00e8tica dedicada a l\u2019amor en totes les seues formes i matisos. Llegir-la \u00e9s obrir una finestra a la sensibilitat d\u2019una autora que es lliura sense reserves, que escriu amb honestedat i que amb cada vers ens convida a sentir, a reflexionar i a recon\u00e9ixer-nos en la for\u00e7a transformadora de l\u2019amor\u201d.<\/p>\n\n\n\n<figure class=\"wp-block-gallery has-nested-images columns-default is-cropped wp-block-gallery-1 is-layout-flex wp-block-gallery-is-layout-flex\">\n<figure class=\"wp-block-image size-large\"><img loading=\"lazy\" decoding=\"async\" width=\"1024\" height=\"768\" data-id=\"279884\" src=\"https:\/\/www.tucomarca.com\/wordpress\/segunda\/wp-content\/uploads\/2025\/09\/ChestelibroMarVilalta_2-1024x768.jpg\" alt=\"\" class=\"wp-image-279884\" srcset=\"https:\/\/tucomarca.whitekongsoftware.com\/wp-content\/uploads\/2025\/09\/ChestelibroMarVilalta_2-1024x768.jpg 1024w, https:\/\/tucomarca.whitekongsoftware.com\/wp-content\/uploads\/2025\/09\/ChestelibroMarVilalta_2-300x225.jpg 300w, https:\/\/tucomarca.whitekongsoftware.com\/wp-content\/uploads\/2025\/09\/ChestelibroMarVilalta_2-768x576.jpg 768w, https:\/\/tucomarca.whitekongsoftware.com\/wp-content\/uploads\/2025\/09\/ChestelibroMarVilalta_2-678x509.jpg 678w, https:\/\/tucomarca.whitekongsoftware.com\/wp-content\/uploads\/2025\/09\/ChestelibroMarVilalta_2-326x245.jpg 326w, https:\/\/tucomarca.whitekongsoftware.com\/wp-content\/uploads\/2025\/09\/ChestelibroMarVilalta_2-80x60.jpg 80w, https:\/\/tucomarca.whitekongsoftware.com\/wp-content\/uploads\/2025\/09\/ChestelibroMarVilalta_2.jpg 1181w\" sizes=\"auto, (max-width: 1024px) 100vw, 1024px\" \/><\/figure>\n\n\n\n<figure class=\"wp-block-image size-large\"><img loading=\"lazy\" decoding=\"async\" width=\"1024\" height=\"768\" data-id=\"279886\" src=\"https:\/\/www.tucomarca.com\/wordpress\/segunda\/wp-content\/uploads\/2025\/09\/ChestelibroMarVilalta_1-1024x768.jpg\" alt=\"\" class=\"wp-image-279886\" srcset=\"https:\/\/tucomarca.whitekongsoftware.com\/wp-content\/uploads\/2025\/09\/ChestelibroMarVilalta_1-1024x768.jpg 1024w, https:\/\/tucomarca.whitekongsoftware.com\/wp-content\/uploads\/2025\/09\/ChestelibroMarVilalta_1-300x225.jpg 300w, https:\/\/tucomarca.whitekongsoftware.com\/wp-content\/uploads\/2025\/09\/ChestelibroMarVilalta_1-768x576.jpg 768w, https:\/\/tucomarca.whitekongsoftware.com\/wp-content\/uploads\/2025\/09\/ChestelibroMarVilalta_1-678x509.jpg 678w, https:\/\/tucomarca.whitekongsoftware.com\/wp-content\/uploads\/2025\/09\/ChestelibroMarVilalta_1-326x245.jpg 326w, https:\/\/tucomarca.whitekongsoftware.com\/wp-content\/uploads\/2025\/09\/ChestelibroMarVilalta_1-80x60.jpg 80w, https:\/\/tucomarca.whitekongsoftware.com\/wp-content\/uploads\/2025\/09\/ChestelibroMarVilalta_1.jpg 1181w\" sizes=\"auto, (max-width: 1024px) 100vw, 1024px\" \/><\/figure>\n<\/figure>\n\n\n\n<p class=\"wp-block-paragraph\">Despr\u00e9s de la presentaci\u00f3, Mar va explicar el proc\u00e9s de creaci\u00f3 de l\u2019obra i com els seus poemes van arribar a convertir-se en un llibre. \u201cPer finals de 2023, amb 21 anys, vaig comen\u00e7ar a viure experi\u00e8ncies que em van fer adonar-me que hi havia coses de mi que no coneixia, aleshores vaig comen\u00e7ar a llegir molta poesia, especialment d\u2019<strong>Alejandra Pizarnik<\/strong>, una poeta argentina que em va inspirar directament per a fer este llibre; ella parlava molt en la seua obra de la profunditat de les emocions\u201d, explicava Vilalta. \u201cLa creaci\u00f3 d\u2019este llibre no va ser premeditada i per aix\u00f2 per a mi \u00e9s tan especial. Tot va sorgir perqu\u00e8 em van encarregar que componera una obra, per\u00f2 a banda de la m\u00fasica, havia de compondre el poemari; d\u2019ac\u00ed vaig pensar a donar veu a trav\u00e9s de l\u2019art als processos de transformaci\u00f3 que havia viscut. I el que \u00e9s la vida, que un dia a Instagram em vaig trobar amb una editorial que buscava poetes, els vaig enviar els meus poemes, em van dir que els encantaven i que me\u2019ls compraven. Perqu\u00e8 vegeu que si confieu en vosaltres mateixos podeu arribar a llocs incre\u00efbles\u201d.<\/p>\n\n\n\n<p class=\"wp-block-paragraph\">L\u2019autora tamb\u00e9 va compartir una reflexi\u00f3 sobre l\u2019art i la naturalesa de la seua obra amb les persones assistents. \u201cPer a mi, l\u2019art \u00e9s un canal d\u2019alliberament. \u00c9s un m\u00f3n en qu\u00e8 no existix la por. Tu ah\u00ed pots ser com vols ser i aix\u00f2 va ser un poc l\u2019ess\u00e8ncia del que \u00e9s el llibre\u201d, explicava Vilalta.<\/p>\n\n\n\n<p class=\"wp-block-paragraph\">Per a finalitzar l\u2019acte, l\u2019autora va recitar els poemes <em>Fuego<\/em> i <em>Alma herida<\/em> i va agrair el suport rebut per a la realitzaci\u00f3 de l\u2019obra.<\/p>\n","protected":false},"excerpt":{"rendered":"<div class=\"mh-excerpt\">El passat divendres, 19 de setembre, el sal\u00f3 de plens de l\u2019Ajuntament va acollir la presentaci\u00f3 del primer llibre de la chestana Mar Vilalta Cerrada, titulat Myosotis, nom cient\u00edfic d\u2019una flor coneguda com \u201cla flor <a class=\"mh-excerpt-more\" href=\"https:\/\/tucomarca.whitekongsoftware.com\/ca\/la-chestana-mar-vilalta-presenta-el-seu-poemari-davant-un-salo-de-plens-ple\/\" title=\"La chestana Mar Vilalta presenta el seu poemari davant un sal\u00f3 de plens ple\">[+] <\/a><\/div>\n","protected":false},"author":12,"featured_media":279883,"comment_status":"open","ping_status":"open","sticky":false,"template":"","format":"gallery","meta":{"footnotes":""},"categories":[10894,10912,11007,10896,10974],"tags":[11071,10914,23049],"class_list":["post-279890","post","type-post","status-publish","format-gallery","has-post-thumbnail","category-la-comarca-ca","category-la-hoya-ca","category-ocio-y-cultura-ca","category-seccion-ca","category-cheste-ca","tag-cheste","tag-la-hoya-de-bunol-chiva-ca","tag-mar-vilalta-ca","post_format-post-format-gallery"],"_links":{"self":[{"href":"https:\/\/tucomarca.whitekongsoftware.com\/ca\/wp-json\/wp\/v2\/posts\/279890","targetHints":{"allow":["GET"]}}],"collection":[{"href":"https:\/\/tucomarca.whitekongsoftware.com\/ca\/wp-json\/wp\/v2\/posts"}],"about":[{"href":"https:\/\/tucomarca.whitekongsoftware.com\/ca\/wp-json\/wp\/v2\/types\/post"}],"author":[{"embeddable":true,"href":"https:\/\/tucomarca.whitekongsoftware.com\/ca\/wp-json\/wp\/v2\/users\/12"}],"replies":[{"embeddable":true,"href":"https:\/\/tucomarca.whitekongsoftware.com\/ca\/wp-json\/wp\/v2\/comments?post=279890"}],"version-history":[{"count":0,"href":"https:\/\/tucomarca.whitekongsoftware.com\/ca\/wp-json\/wp\/v2\/posts\/279890\/revisions"}],"wp:featuredmedia":[{"embeddable":true,"href":"https:\/\/tucomarca.whitekongsoftware.com\/ca\/wp-json\/wp\/v2\/media\/279883"}],"wp:attachment":[{"href":"https:\/\/tucomarca.whitekongsoftware.com\/ca\/wp-json\/wp\/v2\/media?parent=279890"}],"wp:term":[{"taxonomy":"category","embeddable":true,"href":"https:\/\/tucomarca.whitekongsoftware.com\/ca\/wp-json\/wp\/v2\/categories?post=279890"},{"taxonomy":"post_tag","embeddable":true,"href":"https:\/\/tucomarca.whitekongsoftware.com\/ca\/wp-json\/wp\/v2\/tags?post=279890"}],"curies":[{"name":"wp","href":"https:\/\/api.w.org\/{rel}","templated":true}]}}