{"id":279766,"date":"2025-09-19T09:00:00","date_gmt":"2025-09-19T07:00:00","guid":{"rendered":"https:\/\/www.tucomarca.com\/wordpress\/segunda\/?p=279766"},"modified":"2025-09-19T20:09:00","modified_gmt":"2025-09-19T18:09:00","slug":"la-diputacio-anima-a-participar-en-les-activitats-que-se-celebraran-en-32-municipis-i-mancomunitats-per-a-celebrar-el-dia-mundial-del-turisme","status":"publish","type":"post","link":"https:\/\/tucomarca.whitekongsoftware.com\/ca\/la-diputacio-anima-a-participar-en-les-activitats-que-se-celebraran-en-32-municipis-i-mancomunitats-per-a-celebrar-el-dia-mundial-del-turisme\/","title":{"rendered":"La Diputaci\u00f3 anima a participar en les activitats que se celebraran en 32 municipis i mancomunitats per a celebrar el Dia Mundial del Turisme"},"content":{"rendered":"\n<h3 class=\"wp-block-heading\">Propostes urbanes i de naturalesa, d&#8217;enoturismo i cicloturisme, tallers, exposicions, concerts, degustacions i visites guiades componen una variada oferta per a tots els p\u00fablics.<\/h3>\n\n\n\n<h3 class=\"wp-block-heading\">Les activitats es desenvoluparan des del dilluns fins al 30 de setembre amb motiu del Dia Mundial del Turisme (27 de setembre), que enguany se celebra sota el lema \u2018Turisme i transformaci\u00f3 sostenible\u2019.<\/h3>\n\n\n\n<p class=\"wp-block-paragraph\">La Diputaci\u00f3 de Val\u00e8ncia, a trav\u00e9s de l&#8217;\u00e0rea de Turisme que dirigix Pedro Cuesta, fa una crida a participar en les nombroses i variades experi\u00e8ncies tur\u00edstiques que se celebraran durant les dos pr\u00f2ximes setmanes en 32 municipis i mancomunitats de la prov\u00edncia, amb motiu de la celebraci\u00f3 del Dia Mundial de Turisme 2025, promogut per l&#8217;Organitzaci\u00f3 Mundial del Turisme (OMT), que es commemora cada 27 de setembre. Enguany es desenvolupa baix el lema \u2018Turisme i transformaci\u00f3 sostenible\u2019.<\/p>\n\n\n\n<p class=\"wp-block-paragraph\">El diputat de Turisme i Esports de la Diputaci\u00f3 de Val\u00e8ncia, Pedro Cuesta, ha destacat \u201cla implicaci\u00f3 cont\u00ednua de tots els agents del sector a la prov\u00edncia de Val\u00e8ncia en la millora de la seua oferta tur\u00edstica i competitivitat\u201d, a m\u00e9s d&#8217;animar a tots els ciutadans i visitants de la prov\u00edncia a participar en les propostes commemoratives, \u201camb les quals podran con\u00e9ixer millor i disfrutar dels nostres municipis de manera activa, l\u00fadica i amb propostes atractives i noves\u201d.<\/p>\n\n\n\n<p class=\"wp-block-paragraph\">Els interessats a participar en les activitats programades poden consultar en el cat\u00e0leg que les arreplega en la web de Turisme de la Diputaci\u00f3 de Val\u00e8ncia, a trav\u00e9s de l&#8217;enlla\u00e7 <a href=\"https:\/\/turisme.dival.es\/turist_agenda\/dia-mundial-del-turismo-2025\/\">https:\/\/turisme.dival.es\/turist_agenda\/dia-mundial-del-turismo-2025\/<\/a>. En ell s&#8217;oferix informaci\u00f3 detallada de cada una de les propostes, aix\u00ed com les dades de contacte per a concertar-les i\/o reservar-les, perqu\u00e8 la majoria s\u00f3n d&#8217;aforament limitat.<\/p>\n\n\n\n<p class=\"wp-block-paragraph\">Les experi\u00e8ncies tur\u00edstiques han sigut dissenyades pels municipis d&#8217;Ademuz, Albaida, Albalat dels Tarongers, Alzira, Ayora, B\u00e9tera, Bocairent, Bu\u00f1ol, Castielfabib, Cullera, El Puig de Santa Maria, Jalance, Ll\u00edria, Manises, Meliana, Ontinyent, Riba-roja de T\u00faria, Sagunt, Serra, Simat de la Valldigna, Sot de Chera, Torrebaja, Torrent, Utiel, X\u00e0tiva, Xeraco i Y\u00e1tova, aix\u00ed com per les les mancomunitats de la Costera-Canal, la Vall d&#8217;Albaida, i el Rinc\u00f3n de Ademuz, la Ribera del X\u00faquer i Tierra Boval.&nbsp;<\/p>\n\n\n\n<p class=\"wp-block-paragraph\">Visites guiades i teatralitzades a jaciments, castells i altres elements del patrimoni arquitect\u00f2nic; jornades de portes obertes en museus i centres d&#8217;interpretaci\u00f3; rutes senderistes, cicloturistas i interpretatives per rius i poblacions; tallers i degustacions gastron\u00f2miques; experi\u00e8ncies multiaventura; yincanas mediambientals; concerts i altres activitats relacionades amb l&#8217;enoturismo&nbsp; i el turisme cultural formen part del cat\u00e0leg d&#8217;activitats de la Diputaci\u00f3 de Val\u00e8ncia, que es reunixen sota l&#8217;etiqueta proposada per a celebrar eixe dia en xarxes socials: #DMT2025.<\/p>\n\n\n\n<p class=\"wp-block-paragraph\">A m\u00e9s, les persones que participen en estes activitats rebran un detall promocional de Val\u00e8ncia Turisme, marca tur\u00edstica de la Diputaci\u00f3 de Val\u00e8ncia.<\/p>\n","protected":false},"excerpt":{"rendered":"<div class=\"mh-excerpt\">Propostes urbanes i de naturalesa, d&#8217;enoturismo i cicloturisme, tallers, exposicions, concerts, degustacions i visites guiades componen una variada oferta per a tots els p\u00fablics. Les activitats es desenvoluparan des del dilluns fins al 30 de <a class=\"mh-excerpt-more\" href=\"https:\/\/tucomarca.whitekongsoftware.com\/ca\/la-diputacio-anima-a-participar-en-les-activitats-que-se-celebraran-en-32-municipis-i-mancomunitats-per-a-celebrar-el-dia-mundial-del-turisme\/\" title=\"La Diputaci\u00f3 anima a participar en les activitats que se celebraran en 32 municipis i mancomunitats per a celebrar el Dia Mundial del Turisme\">[+] <\/a><\/div>\n","protected":false},"author":12,"featured_media":279765,"comment_status":"open","ping_status":"open","sticky":false,"template":"","format":"standard","meta":{"footnotes":""},"categories":[10890,10926,10951,10889,10911,10892,11046,10898,10948,10956,10894,10904,10912,10902,10947,10909,10906,10896,10933,11026,11059],"tags":[23043,11246],"class_list":["post-279766","post","type-post","status-publish","format-standard","has-post-thumbnail","category-ademus","category-ademus-ca","category-ayora-cofrentes-ca","category-alzira-cat","category-bunol-ca","category-camp-de-turia-ca","category-los-serranos-ca","category-ventana-ca","category-infraestructuras-ca","category-jalance-ca","category-la-comarca-ca","category-sin-categorizar-ca","category-la-hoya-ca","category-la-ribera-ca","category-politica","category-requena-utiel-ca","category-riba-roja-ca","category-seccion-ca","category-serra-ca","category-sot-de-chera-ca","category-utiel-ca","tag-dia-mundial-de-turismo-ca","tag-diputacio-de-valencia-ca"],"_links":{"self":[{"href":"https:\/\/tucomarca.whitekongsoftware.com\/ca\/wp-json\/wp\/v2\/posts\/279766","targetHints":{"allow":["GET"]}}],"collection":[{"href":"https:\/\/tucomarca.whitekongsoftware.com\/ca\/wp-json\/wp\/v2\/posts"}],"about":[{"href":"https:\/\/tucomarca.whitekongsoftware.com\/ca\/wp-json\/wp\/v2\/types\/post"}],"author":[{"embeddable":true,"href":"https:\/\/tucomarca.whitekongsoftware.com\/ca\/wp-json\/wp\/v2\/users\/12"}],"replies":[{"embeddable":true,"href":"https:\/\/tucomarca.whitekongsoftware.com\/ca\/wp-json\/wp\/v2\/comments?post=279766"}],"version-history":[{"count":0,"href":"https:\/\/tucomarca.whitekongsoftware.com\/ca\/wp-json\/wp\/v2\/posts\/279766\/revisions"}],"wp:featuredmedia":[{"embeddable":true,"href":"https:\/\/tucomarca.whitekongsoftware.com\/ca\/wp-json\/wp\/v2\/media\/279765"}],"wp:attachment":[{"href":"https:\/\/tucomarca.whitekongsoftware.com\/ca\/wp-json\/wp\/v2\/media?parent=279766"}],"wp:term":[{"taxonomy":"category","embeddable":true,"href":"https:\/\/tucomarca.whitekongsoftware.com\/ca\/wp-json\/wp\/v2\/categories?post=279766"},{"taxonomy":"post_tag","embeddable":true,"href":"https:\/\/tucomarca.whitekongsoftware.com\/ca\/wp-json\/wp\/v2\/tags?post=279766"}],"curies":[{"name":"wp","href":"https:\/\/api.w.org\/{rel}","templated":true}]}}