{"id":279703,"date":"2025-09-19T12:00:00","date_gmt":"2025-09-19T10:00:00","guid":{"rendered":"https:\/\/www.tucomarca.com\/wordpress\/segunda\/?p=279703"},"modified":"2025-09-19T18:57:58","modified_gmt":"2025-09-19T16:57:58","slug":"la-diputacio-convoca-els-206-milions-dajuda-perque-els-municipis-afectats-per-la-dana-puguen-contractar-personal-i-comprar-mobiliari-urba","status":"publish","type":"post","link":"https:\/\/tucomarca.whitekongsoftware.com\/ca\/la-diputacio-convoca-els-206-milions-dajuda-perque-els-municipis-afectats-per-la-dana-puguen-contractar-personal-i-comprar-mobiliari-urba\/","title":{"rendered":"La Diputaci\u00f3 convoca els 20,6 milions d&#8217;ajuda perqu\u00e8 els municipis afectats per la DANA puguen contractar personal i comprar mobiliari urb\u00e0"},"content":{"rendered":"\n<h3 class=\"wp-block-heading\">Els 103 ajuntaments de la prov\u00edncia que van patir danys per la riuada ja poden sol\u00b7licitar, fins al 13 d&#8217;octubre, els 200.000 euros de subvenci\u00f3 directa aprovats per l&#8217;\u00e0rea d&#8217;Assist\u00e8ncia T\u00e8cnica de la Diputaci\u00f3.<\/h3>\n\n\n\n<h3 class=\"wp-block-heading\">El president Vicent Momp\u00f3 subratlla que \u201cestes ajudes confirmen que, des del primer dia, hem estat al costat dels municipis m\u00e9s afectats, atenent les seues demandes i buscant solucions reals\u201d.<\/h3>\n\n\n\n<p class=\"wp-block-paragraph\">La Diputaci\u00f3 de Val\u00e8ncia ha obert la convocat\u00f2ria de les dos l\u00ednies d&#8217;ajudes directes dirigides als municipis afectats per la dana del 29 d&#8217;octubre de 2024, perqu\u00e8 puguen contractar personal i comprar equipaments urbans. L&#8217;\u00e0rea d&#8217;Assist\u00e8ncia T\u00e8cnica a Municipis, que dirigix el diputat Ricardo Gabald\u00f3n, ha destinat un total de 20,6 milions d&#8217;euros a estes partides.<\/p>\n\n\n\n<p class=\"wp-block-paragraph\">D&#8217;esta manera, els 103 ajuntaments reconeguts com afectats en el decret de la Generalitat (28 municipis m\u00e9s que en el del Govern central), ja poden sol\u00b7licitar, fins al pr\u00f2xim 13 d&#8217;octubre, els 200.000 euros de subvenci\u00f3 que poden rebre cada un: 100.000 euros que hauran de dedicar a contractaci\u00f3 de personal t\u00e8cnic que puga a ajudar a la reconstrucci\u00f3, i altres 100.000 euros per a l&#8217;adquisici\u00f3 de mobiliari urb\u00e0 danyat en la riuada.<\/p>\n\n\n\n<p class=\"wp-block-paragraph\">El president de la Diputaci\u00f3, Vicent Momp\u00f3, ha subratllat la \u201cimport\u00e0ncia d&#8217;unes ajudes que confirmen que, des del primer dia, hem estat al costat dels municipis m\u00e9s afectats. No hem deixat d&#8217;escoltar ni d&#8217;acompanyar als ajuntaments en tot este proc\u00e9s, atenent les seues demandes i buscant solucions reals.<\/p>\n\n\n\n<p class=\"wp-block-paragraph\">\u201cEl Govern central ha anunciat fons, s\u00ed, per\u00f2 l&#8217;ha fet sense tindre en compte que molts consistoris no disposen del personal t\u00e8cnic necessari per a executar estes ajudes. Si no poden fer-ho, es veuran obligats a retornar eixos diners amb interessos, alguna cosa que no podem permetre ni tolerar. Per aix\u00f2, des de la Diputaci\u00f3 hem volgut avan\u00e7ar-nos, facilitant els mitjans humans i t\u00e8cnics perqu\u00e8 cap poble es quede arrere i cada euro arribe on deu: a la reconstrucci\u00f3 i a les persones afectades\u201d, ha afegit Momp\u00f3.<\/p>\n\n\n\n<p class=\"wp-block-paragraph\">Per part seua, el responsable d&#8217;Assist\u00e8ncia T\u00e8cnica a Municipis, Ricardo Gabald\u00f3n, ha manifestat que \u201cel que pretenem amb estes ajudes \u00e9s refor\u00e7ar la capacitat dels servicis t\u00e8cnics d&#8217;uns pobles que s&#8217;han vist desbordats, i que per si sols no s\u00f3n capa\u00e7os de gestionar i tramitar tots els expedients necessaris per a escometre les obres necess\u00e0ries i poder tornar com m\u00e9s prompte millor a la normalitat\u201d.<\/p>\n\n\n\n<figure class=\"wp-block-gallery has-nested-images columns-default is-cropped wp-block-gallery-1 is-layout-flex wp-block-gallery-is-layout-flex\">\n<figure class=\"wp-block-image size-large\"><img loading=\"lazy\" decoding=\"async\" width=\"1024\" height=\"768\" data-id=\"279698\" src=\"https:\/\/www.tucomarca.com\/wordpress\/segunda\/wp-content\/uploads\/2025\/09\/MompoCarlet-1024x768.jpg\" alt=\"\" class=\"wp-image-279698\" srcset=\"https:\/\/tucomarca.whitekongsoftware.com\/wp-content\/uploads\/2025\/09\/MompoCarlet-1024x768.jpg 1024w, https:\/\/tucomarca.whitekongsoftware.com\/wp-content\/uploads\/2025\/09\/MompoCarlet-300x225.jpg 300w, https:\/\/tucomarca.whitekongsoftware.com\/wp-content\/uploads\/2025\/09\/MompoCarlet-768x576.jpg 768w, https:\/\/tucomarca.whitekongsoftware.com\/wp-content\/uploads\/2025\/09\/MompoCarlet-678x509.jpg 678w, https:\/\/tucomarca.whitekongsoftware.com\/wp-content\/uploads\/2025\/09\/MompoCarlet-326x245.jpg 326w, https:\/\/tucomarca.whitekongsoftware.com\/wp-content\/uploads\/2025\/09\/MompoCarlet-80x60.jpg 80w, https:\/\/tucomarca.whitekongsoftware.com\/wp-content\/uploads\/2025\/09\/MompoCarlet.jpg 1181w\" sizes=\"auto, (max-width: 1024px) 100vw, 1024px\" \/><\/figure>\n\n\n\n<figure class=\"wp-block-image size-large\"><img loading=\"lazy\" decoding=\"async\" width=\"1024\" height=\"768\" data-id=\"279696\" src=\"https:\/\/www.tucomarca.com\/wordpress\/segunda\/wp-content\/uploads\/2025\/09\/MompoTuris-1024x768.jpg\" alt=\"\" class=\"wp-image-279696\" srcset=\"https:\/\/tucomarca.whitekongsoftware.com\/wp-content\/uploads\/2025\/09\/MompoTuris-1024x768.jpg 1024w, https:\/\/tucomarca.whitekongsoftware.com\/wp-content\/uploads\/2025\/09\/MompoTuris-300x225.jpg 300w, https:\/\/tucomarca.whitekongsoftware.com\/wp-content\/uploads\/2025\/09\/MompoTuris-768x576.jpg 768w, https:\/\/tucomarca.whitekongsoftware.com\/wp-content\/uploads\/2025\/09\/MompoTuris-678x509.jpg 678w, https:\/\/tucomarca.whitekongsoftware.com\/wp-content\/uploads\/2025\/09\/MompoTuris-326x245.jpg 326w, https:\/\/tucomarca.whitekongsoftware.com\/wp-content\/uploads\/2025\/09\/MompoTuris-80x60.jpg 80w, https:\/\/tucomarca.whitekongsoftware.com\/wp-content\/uploads\/2025\/09\/MompoTuris.jpg 1181w\" sizes=\"auto, (max-width: 1024px) 100vw, 1024px\" \/><\/figure>\n<\/figure>\n\n\n\n<p class=\"wp-block-paragraph\"><strong>Dos l\u00ednies d&#8217;ajudes<\/strong><\/p>\n\n\n\n<p class=\"wp-block-paragraph\">Les ajudes s&#8217;articulen en dos l\u00ednies diferenciades. D&#8217;una banda, la convocat\u00f2ria per a la recuperaci\u00f3 de les obres i servicis de compet\u00e8ncia municipal afectats per la dana, que concedix un m\u00e0xim de 100.000 euros a cada municipi afectat, i que haur\u00e0 de destinar-se a la contractaci\u00f3 de personal t\u00e8cnic, principalment de l&#8217;\u00e0rea de l&#8217;enginyeria i l&#8217;arquitectura, o b\u00e9 a la contractaci\u00f3 d&#8217;estudis i treballs t\u00e8cnics.<\/p>\n\n\n\n<p class=\"wp-block-paragraph\">La comesa del personal contractat anir\u00e0 dirigit a millorar la capacitat t\u00e8cnica dels ajuntaments en la recuperaci\u00f3 d&#8217;infraestructures i b\u00e9ns de titularitat p\u00fablica danyats per la dana; optimitzar l&#8217;estudi i planificaci\u00f3 de noves infraestructures municipals resilients.; i refor\u00e7ar de manera directa els servicis t\u00e8cnics municipals durant els per\u00edodes de gesti\u00f3 de l&#8217;emerg\u00e8ncia i la seua recuperaci\u00f3.&nbsp;<\/p>\n\n\n\n<p class=\"wp-block-paragraph\">D&#8217;altra banda, est\u00e0 la convocat\u00f2ria per a la recuperaci\u00f3 dels equipaments urbans que van ser afectats per les inundacions, que concedix igualment un m\u00e0xim de 100.000 euros a cada localitat afectada. Esta subvenci\u00f3 s&#8217;emprar\u00e0 en adquiri b\u00e9ns o elements propis dels espais, instal\u00b7lacions o infraestructures municipals que es puguen haver vist afectats per la cat\u00e0strofe, com poden ser contenidors per a recollida de residus s\u00f2lids urbans, senyals de tr\u00e0nsit, sem\u00e0fors, reductors de velocitat, bol\u00b7lards radars, fanals, bancs, papereres, jardineres, kioskos, cartelleria i elements integrants de parcs o zones verdes (gronxadors, taules de joc, calistenia, fonts\u2026)<\/p>\n\n\n\n<p class=\"wp-block-paragraph\">Les dos l\u00ednies d&#8217;ajuda admeten la inclusi\u00f3 de qualsevol gasto que s&#8217;haja produ\u00eft des del dia posterior a la dana i que es puga produir fins al 30 de setembre de 2026, per la qual cosa arrepleguen un per\u00edode aproximat de dos anys i permeten una millor adaptaci\u00f3 a les circumst\u00e0ncies particulars de cada ajuntament afectat.<\/p>\n","protected":false},"excerpt":{"rendered":"<div class=\"mh-excerpt\">Els 103 ajuntaments de la prov\u00edncia que van patir danys per la riuada ja poden sol\u00b7licitar, fins al 13 d&#8217;octubre, els 200.000 euros de subvenci\u00f3 directa aprovats per l&#8217;\u00e0rea d&#8217;Assist\u00e8ncia T\u00e8cnica de la Diputaci\u00f3. El <a class=\"mh-excerpt-more\" href=\"https:\/\/tucomarca.whitekongsoftware.com\/ca\/la-diputacio-convoca-els-206-milions-dajuda-perque-els-municipis-afectats-per-la-dana-puguen-contractar-personal-i-comprar-mobiliari-urba\/\" title=\"La Diputaci\u00f3 convoca els 20,6 milions d&#8217;ajuda perqu\u00e8 els municipis afectats per la DANA puguen contractar personal i comprar mobiliari urb\u00e0\">[+] <\/a><\/div>\n","protected":false},"author":12,"featured_media":279701,"comment_status":"open","ping_status":"open","sticky":false,"template":"","format":"standard","meta":{"footnotes":""},"categories":[21466,10898,10948,10894,10904,10903,10947,10896,10897],"tags":[21788,15409,11246],"class_list":["post-279703","post","type-post","status-publish","format-standard","has-post-thumbnail","category-dana-ca","category-ventana-ca","category-infraestructuras-ca","category-la-comarca-ca","category-sin-categorizar-ca","category-medio-ambiente-la-comarca-ca","category-politica","category-seccion-ca","category-sucesos-la-comarca-ca","tag-ayudas-dana-ca","tag-dana-2-ca","tag-diputacio-de-valencia-ca"],"_links":{"self":[{"href":"https:\/\/tucomarca.whitekongsoftware.com\/ca\/wp-json\/wp\/v2\/posts\/279703","targetHints":{"allow":["GET"]}}],"collection":[{"href":"https:\/\/tucomarca.whitekongsoftware.com\/ca\/wp-json\/wp\/v2\/posts"}],"about":[{"href":"https:\/\/tucomarca.whitekongsoftware.com\/ca\/wp-json\/wp\/v2\/types\/post"}],"author":[{"embeddable":true,"href":"https:\/\/tucomarca.whitekongsoftware.com\/ca\/wp-json\/wp\/v2\/users\/12"}],"replies":[{"embeddable":true,"href":"https:\/\/tucomarca.whitekongsoftware.com\/ca\/wp-json\/wp\/v2\/comments?post=279703"}],"version-history":[{"count":0,"href":"https:\/\/tucomarca.whitekongsoftware.com\/ca\/wp-json\/wp\/v2\/posts\/279703\/revisions"}],"wp:featuredmedia":[{"embeddable":true,"href":"https:\/\/tucomarca.whitekongsoftware.com\/ca\/wp-json\/wp\/v2\/media\/279701"}],"wp:attachment":[{"href":"https:\/\/tucomarca.whitekongsoftware.com\/ca\/wp-json\/wp\/v2\/media?parent=279703"}],"wp:term":[{"taxonomy":"category","embeddable":true,"href":"https:\/\/tucomarca.whitekongsoftware.com\/ca\/wp-json\/wp\/v2\/categories?post=279703"},{"taxonomy":"post_tag","embeddable":true,"href":"https:\/\/tucomarca.whitekongsoftware.com\/ca\/wp-json\/wp\/v2\/tags?post=279703"}],"curies":[{"name":"wp","href":"https:\/\/api.w.org\/{rel}","templated":true}]}}