{"id":279660,"date":"2025-09-18T09:15:00","date_gmt":"2025-09-18T07:15:00","guid":{"rendered":"https:\/\/www.tucomarca.com\/wordpress\/segunda\/?p=279660"},"modified":"2025-09-18T20:03:43","modified_gmt":"2025-09-18T18:03:43","slug":"el-bo-comerc-dana-comencara-a-funcionar-a-cheste-el-proxim-29-de-setembre","status":"publish","type":"post","link":"https:\/\/tucomarca.whitekongsoftware.com\/ca\/el-bo-comerc-dana-comencara-a-funcionar-a-cheste-el-proxim-29-de-setembre\/","title":{"rendered":"El Bo Comer\u00e7 Dana comen\u00e7ar\u00e0 a funcionar a Cheste el pr\u00f2xim 29 de setembre"},"content":{"rendered":"\n<h3 class=\"wp-block-heading\">Els bons ja es poden adquirir a trav\u00e9s de la web bonocomerciodana.com<\/h3>\n\n\n\n<h3 class=\"wp-block-heading\">Els establiments tenen fins al 30 de setembre per a adherir-se a la campanya<\/h3>\n\n\n\n<p class=\"wp-block-paragraph\">La Diputaci\u00f3 de Val\u00e8ncia, en col\u00b7laboraci\u00f3 amb Cambra Val\u00e8ncia, ha llan\u00e7at la iniciativa <strong>Bo Comer\u00e7 Dana<\/strong> amb l\u2019objectiu d\u2019incentivar el consum en els establiments de 26 municipis greument afectats per la riuada del passat 29 d\u2019octubre, entre els quals es troba Cheste.<\/p>\n\n\n\n<p class=\"wp-block-paragraph\">A trav\u00e9s d\u2019esta campanya, els ve\u00efns i ve\u00efnes de la poblaci\u00f3 ja poden adquirir per un preu de 50 euros el seu <strong>Bo Comer\u00e7<\/strong> per valor de 100 \u20ac per a gastar en els comer\u00e7os adherits a la campanya.<\/p>\n\n\n\n<p class=\"wp-block-paragraph\">\u201cA Cheste s\u2019han assignat 1.666 bons, que suposen una inversi\u00f3 de 83.300 euros de la Diputaci\u00f3; sumant la quantitat que aporten els ve\u00efns, la injecci\u00f3 prevista en el comer\u00e7 local \u00e9s de m\u00e9s de 166.000 euros\u201d, ha explicat l\u2019alcalde, <strong>Jos\u00e9 Morell<\/strong>. \u201c\u00c9s una molt bona oportunitat per a gastar els 50 euros de regal de cada bo en el comer\u00e7 local, el benefici \u00e9s evident, per aix\u00f2 animem la poblaci\u00f3 a comprar-lo, ja que de moment nom\u00e9s s\u2019han sol\u00b7licitat uns dos-cents, i convidem tamb\u00e9 els establiments a adherir-se a la campanya, perqu\u00e8 val la pena\u201d.<\/p>\n\n\n\n<p class=\"wp-block-paragraph\">La compra del <strong>Bo Comer\u00e7 Dana<\/strong> es realitza a trav\u00e9s de la web <a class=\"\" href=\"https:\/\/bonocomerciodana.com\">https:\/\/bonocomerciodana.com<\/a> i s\u2019utilitza com una targeta prepago, a trav\u00e9s del dat\u00e0fon del comer\u00e7. Les compres es podran realitzar des del pr\u00f2xim 29 de setembre fins al 31 de desembre de 2025 en els comer\u00e7os adherits, que es poden consultar en la web: <a class=\"\" href=\"https:\/\/bonocomerciodana.com\/comercios-adheridos\">https:\/\/bonocomerciodana.com\/comercios-adheridos<\/a> i que penjaran un cartell indicador a la porta del seu establiment. Els bons que no hagen sigut consumits per les persones residents es posaran a la venda per a qualsevol ciutad\u00e0 o ciutadana, amb independ\u00e8ncia del seu lloc de resid\u00e8ncia, a partir de l\u201911 d\u2019octubre.<\/p>\n\n\n\n<p class=\"wp-block-paragraph\">Els negocis tindran fins al 30 de setembre per a adherir-se a trav\u00e9s de la mateixa web <a class=\"\" href=\"https:\/\/bonocomerciodana.com\/alta-establecimiento\/\">https:\/\/bonocomerciodana.com\/alta-establecimiento\/<\/a>, omplint un formulari i la declaraci\u00f3 de responsable.<\/p>\n\n\n\n<p class=\"wp-block-paragraph\">\u201cQuants m\u00e9s comer\u00e7os s\u2019adherisquen, m\u00e9s interessant ser\u00e0 per als consumidors, m\u00e9s atractiva ser\u00e0 la iniciativa, m\u00e9s bons es compraran i m\u00e9s diners es gastaran al municipi, que \u00e9s el que es pret\u00e9n\u201d, explicava la regidora de Comer\u00e7, <strong>Brenda Jim\u00e9nez<\/strong>, durant una xarrada informativa per als negocis celebrada recentment a l\u2019Ajuntament. \u201cDe moment hi ha un bo per persona major de 16 anys i el tr\u00e0mit per a adquirir-lo dura a penes uns minuts, consisteix a omplir les teues dades, es comprova el padr\u00f3 i et arriba un correu electr\u00f2nic dient-te quan i on podr\u00e0s passar a recollir-lo\u201d.<\/p>\n\n\n\n<p class=\"wp-block-paragraph\"><\/p>\n","protected":false},"excerpt":{"rendered":"<div class=\"mh-excerpt\">Els bons ja es poden adquirir a trav\u00e9s de la web bonocomerciodana.com Els establiments tenen fins al 30 de setembre per a adherir-se a la campanya La Diputaci\u00f3 de Val\u00e8ncia, en col\u00b7laboraci\u00f3 amb Cambra Val\u00e8ncia, <a class=\"mh-excerpt-more\" href=\"https:\/\/tucomarca.whitekongsoftware.com\/ca\/el-bo-comerc-dana-comencara-a-funcionar-a-cheste-el-proxim-29-de-setembre\/\" title=\"El Bo Comer\u00e7 Dana comen\u00e7ar\u00e0 a funcionar a Cheste el pr\u00f2xim 29 de setembre\">[+] <\/a><\/div>\n","protected":false},"author":12,"featured_media":279659,"comment_status":"open","ping_status":"open","sticky":false,"template":"","format":"standard","meta":{"footnotes":""},"categories":[21466,10894,10904,10912,10947,10896,10974],"tags":[23035,11071,15409,10914],"class_list":["post-279660","post","type-post","status-publish","format-standard","has-post-thumbnail","category-dana-ca","category-la-comarca-ca","category-sin-categorizar-ca","category-la-hoya-ca","category-politica","category-seccion-ca","category-cheste-ca","tag-bono-comercio-dana-ca","tag-cheste","tag-dana-2-ca","tag-la-hoya-de-bunol-chiva-ca"],"_links":{"self":[{"href":"https:\/\/tucomarca.whitekongsoftware.com\/ca\/wp-json\/wp\/v2\/posts\/279660","targetHints":{"allow":["GET"]}}],"collection":[{"href":"https:\/\/tucomarca.whitekongsoftware.com\/ca\/wp-json\/wp\/v2\/posts"}],"about":[{"href":"https:\/\/tucomarca.whitekongsoftware.com\/ca\/wp-json\/wp\/v2\/types\/post"}],"author":[{"embeddable":true,"href":"https:\/\/tucomarca.whitekongsoftware.com\/ca\/wp-json\/wp\/v2\/users\/12"}],"replies":[{"embeddable":true,"href":"https:\/\/tucomarca.whitekongsoftware.com\/ca\/wp-json\/wp\/v2\/comments?post=279660"}],"version-history":[{"count":0,"href":"https:\/\/tucomarca.whitekongsoftware.com\/ca\/wp-json\/wp\/v2\/posts\/279660\/revisions"}],"wp:featuredmedia":[{"embeddable":true,"href":"https:\/\/tucomarca.whitekongsoftware.com\/ca\/wp-json\/wp\/v2\/media\/279659"}],"wp:attachment":[{"href":"https:\/\/tucomarca.whitekongsoftware.com\/ca\/wp-json\/wp\/v2\/media?parent=279660"}],"wp:term":[{"taxonomy":"category","embeddable":true,"href":"https:\/\/tucomarca.whitekongsoftware.com\/ca\/wp-json\/wp\/v2\/categories?post=279660"},{"taxonomy":"post_tag","embeddable":true,"href":"https:\/\/tucomarca.whitekongsoftware.com\/ca\/wp-json\/wp\/v2\/tags?post=279660"}],"curies":[{"name":"wp","href":"https:\/\/api.w.org\/{rel}","templated":true}]}}