{"id":279524,"date":"2025-09-17T11:13:00","date_gmt":"2025-09-17T09:13:00","guid":{"rendered":"https:\/\/www.tucomarca.com\/wordpress\/segunda\/?p=279524"},"modified":"2025-09-17T19:22:21","modified_gmt":"2025-09-17T17:22:21","slug":"mazon-anuncia-ladhesio-de-13-municipis-a-la-iniciativa-de-la-generalitat-per-a-accelerar-la-reparacio-del-clavegueram-danyat-per-la-dana","status":"publish","type":"post","link":"https:\/\/tucomarca.whitekongsoftware.com\/ca\/mazon-anuncia-ladhesio-de-13-municipis-a-la-iniciativa-de-la-generalitat-per-a-accelerar-la-reparacio-del-clavegueram-danyat-per-la-dana\/","title":{"rendered":"Maz\u00f3n anuncia l&#8217;adhesi\u00f3 de 13 municipis a la iniciativa de la Generalitat per a accelerar la reparaci\u00f3 del clavegueram danyat per la DANA"},"content":{"rendered":"\n<h3 class=\"wp-block-heading\">L&#8217;objectiu \u00e9s la recuperaci\u00f3 urgent dels sistemes de clavegueram afectats a trav\u00e9s de l&#8217;empresa p\u00fablica Vaersa davant possibles episodis de pluges i la demora de les ajudes estatals.<\/h3>\n\n\n\n<h3 class=\"wp-block-heading\">Albal, Bugarra, Carlet, Catarroja, Caudete de las Fuentes, Fuenterrobles, Godelleta, Massanassa, Montserrat, Poliny\u00e0 de X\u00faquer, Sedav\u00ed, Sot de Xera i Utiel han sol\u00b7licitat col\u00b7laboraci\u00f3 per a executar 134,75 milions d&#8217;euros.<\/h3>\n\n\n\n<p class=\"wp-block-paragraph\">El president de la Generalitat, Carlos Maz\u00f3n, ha anunciat despr\u00e9s de la reuni\u00f3 del Consell d&#8217;Administraci\u00f3 de Vaersa que 13 municipis s&#8217;han sumat ja a la iniciativa posada en marxa per l&#8217;Executiu auton\u00f2mic per la qual els ajuntaments podran agilitzar la contractaci\u00f3 d&#8217;emerg\u00e8ncia de les obres de reparaci\u00f3 de la xarxa de clavegueram danyada per les riuades del passat mes d&#8217;octubre.<\/p>\n\n\n\n<p class=\"wp-block-paragraph\">L&#8217;empresa p\u00fablica de la Generalitat Vaersa, dedicada a la gesti\u00f3 mediambiental i el desenvolupament de tecnologies per a la gesti\u00f3 de residus, ser\u00e0 l&#8217;encarregada de realitzar aquestes contractacions amb l&#8217;objectiu d&#8217;agilitzar els tr\u00e0mits i poder executar d&#8217;una manera \u00e0gil els fons del Govern davant possibles episodis de pluges.<\/p>\n\n\n\n<p class=\"wp-block-paragraph\">El president ha recordat que els ajuntaments afectats per les inundacions \u201cporten mesos a l&#8217;espera de les subvencions estatals, el proc\u00e9s de les quals avan\u00e7a amb retard\u201d. De fet, el Ministeri de Transici\u00f3 Ecol\u00f2gica va obrir el passat 8 de setembre l&#8217;\u00faltima fase d&#8217;al\u00b7legacions pr\u00e8via a la resoluci\u00f3 definitiva de les ajudes que hauran d&#8217;assignar-se a cada municipi o entitat.<\/p>\n\n\n\n<p class=\"wp-block-paragraph\">El cap del Consell ha posat en valor aquesta iniciativa impulsada per la Generalitat \u201cdavant la demora i falta d&#8217;agilitat en l&#8217;aprovaci\u00f3 de les ajudes del Govern central\u201d en aquesta mat\u00e8ria i ha subratllat el comprom\u00eds de l&#8217;Executiu auton\u00f2mic per a respondre a les necessitats de localitats afectades per la riuada i continuar fent costat als ajuntaments per a accelerar de la reconstrucci\u00f3 econ\u00f2mica i social.<\/p>\n\n\n\n<p class=\"wp-block-paragraph\">El president ha informat que els municipis que s&#8217;han acollit a eixe mecanisme s\u00f3n: Albal, Bugarra, Carlet, Catarroja, Caudete de las Fuentes, Fuenterrobles, Godelleta, Massanassa, Montserrat, Poliny\u00e0 de X\u00faquer, Sedav\u00ed, Sot de Xera i Utiel, la qual cosa suposa la gesti\u00f3 de 134,75 milions d&#8217;euros.<\/p>\n","protected":false},"excerpt":{"rendered":"<div class=\"mh-excerpt\">L&#8217;objectiu \u00e9s la recuperaci\u00f3 urgent dels sistemes de clavegueram afectats a trav\u00e9s de l&#8217;empresa p\u00fablica Vaersa davant possibles episodis de pluges i la demora de les ajudes estatals. Albal, Bugarra, Carlet, Catarroja, Caudete de las <a class=\"mh-excerpt-more\" href=\"https:\/\/tucomarca.whitekongsoftware.com\/ca\/mazon-anuncia-ladhesio-de-13-municipis-a-la-iniciativa-de-la-generalitat-per-a-accelerar-la-reparacio-del-clavegueram-danyat-per-la-dana\/\" title=\"Maz\u00f3n anuncia l&#8217;adhesi\u00f3 de 13 municipis a la iniciativa de la Generalitat per a accelerar la reparaci\u00f3 del clavegueram danyat per la DANA\">[+] <\/a><\/div>\n","protected":false},"author":12,"featured_media":270752,"comment_status":"open","ping_status":"open","sticky":false,"template":"","format":"standard","meta":{"footnotes":""},"categories":[10990,21466,11046,10898,10977,10948,10894,10904,10912,10902,10903,11000,10947,10909,10896,11026,10897,11059],"tags":[15409,12903,11199],"class_list":["post-279524","post","type-post","status-publish","format-standard","has-post-thumbnail","category-carlet-ca","category-dana-ca","category-los-serranos-ca","category-ventana-ca","category-godelleta-ca","category-infraestructuras-ca","category-la-comarca-ca","category-sin-categorizar-ca","category-la-hoya-ca","category-la-ribera-ca","category-medio-ambiente-la-comarca-ca","category-monserrat-ca","category-politica","category-requena-utiel-ca","category-seccion-ca","category-sot-de-chera-ca","category-sucesos-la-comarca-ca","category-utiel-ca","tag-dana-2-ca","tag-infraestructuras-ca","tag-la-comunitat-ca"],"_links":{"self":[{"href":"https:\/\/tucomarca.whitekongsoftware.com\/ca\/wp-json\/wp\/v2\/posts\/279524","targetHints":{"allow":["GET"]}}],"collection":[{"href":"https:\/\/tucomarca.whitekongsoftware.com\/ca\/wp-json\/wp\/v2\/posts"}],"about":[{"href":"https:\/\/tucomarca.whitekongsoftware.com\/ca\/wp-json\/wp\/v2\/types\/post"}],"author":[{"embeddable":true,"href":"https:\/\/tucomarca.whitekongsoftware.com\/ca\/wp-json\/wp\/v2\/users\/12"}],"replies":[{"embeddable":true,"href":"https:\/\/tucomarca.whitekongsoftware.com\/ca\/wp-json\/wp\/v2\/comments?post=279524"}],"version-history":[{"count":0,"href":"https:\/\/tucomarca.whitekongsoftware.com\/ca\/wp-json\/wp\/v2\/posts\/279524\/revisions"}],"wp:featuredmedia":[{"embeddable":true,"href":"https:\/\/tucomarca.whitekongsoftware.com\/ca\/wp-json\/wp\/v2\/media\/270752"}],"wp:attachment":[{"href":"https:\/\/tucomarca.whitekongsoftware.com\/ca\/wp-json\/wp\/v2\/media?parent=279524"}],"wp:term":[{"taxonomy":"category","embeddable":true,"href":"https:\/\/tucomarca.whitekongsoftware.com\/ca\/wp-json\/wp\/v2\/categories?post=279524"},{"taxonomy":"post_tag","embeddable":true,"href":"https:\/\/tucomarca.whitekongsoftware.com\/ca\/wp-json\/wp\/v2\/tags?post=279524"}],"curies":[{"name":"wp","href":"https:\/\/api.w.org\/{rel}","templated":true}]}}