{"id":279516,"date":"2025-09-17T11:25:00","date_gmt":"2025-09-17T09:25:00","guid":{"rendered":"https:\/\/www.tucomarca.com\/wordpress\/segunda\/?p=279516"},"modified":"2025-09-17T18:11:56","modified_gmt":"2025-09-17T16:11:56","slug":"la-diputacio-humanitza-la-travessia-de-leliana-per-a-fer-la-mes-segura-per-a-vehicles-i-vianants","status":"publish","type":"post","link":"https:\/\/tucomarca.whitekongsoftware.com\/ca\/la-diputacio-humanitza-la-travessia-de-leliana-per-a-fer-la-mes-segura-per-a-vehicles-i-vianants\/","title":{"rendered":"La Diputaci\u00f3 humanitza la travessia de l&#8217;Eliana per a fer-la m\u00e9s segura per a vehicles i vianants"},"content":{"rendered":"\n<h3 class=\"wp-block-heading\">L&#8217;\u00e0rea de Carreteres que dirigix Reme Mazzolari invertix m\u00e9s de 2 milions d&#8217;euros en el condicionament d&#8217;una via que en el seu tram m\u00e9s pr\u00f2xim a la CV-35 registra el pas de 11.000 vehicles al dia.<\/h3>\n\n\n\n<h3 class=\"wp-block-heading\">Les obres han comen\u00e7at ja i es preveu que finalitzen en un termini aproximat de 10 mesos.<\/h3>\n\n\n\n<p class=\"wp-block-paragraph\">La Diputaci\u00f3 de Val\u00e8ncia ha iniciat les obres de condicionament i millora de la seguretat vi\u00e0ria de la travessia de L&#8217;Eliana en la carretera CV-336, concretament en els trams compresos entre els punts quilom\u00e8trics 4+600 i 5+540 i entre el 6+650 i el 7+100.<\/p>\n\n\n\n<p class=\"wp-block-paragraph\">La diputada de Carreteres, Reme Mazzolari, ha subratllat que \u201ces tracta d&#8217;una actuaci\u00f3 priorit\u00e0ria perqu\u00e8 parlem d&#8217;una de les carreteres amb m\u00e9s tr\u00e0nsit de la zona, on conviuen vehicles, vianants i ciclistes. El nostre objectiu \u00e9s humanitzar este espai urb\u00e0, posant en el centre als ve\u00efns i ve\u00efnes de L&#8217;Eliana, i millorant la seguretat tamb\u00e9 per als vehicles que circulen per la travessia\u201d.<\/p>\n\n\n\n<p class=\"wp-block-paragraph\">Aix\u00ed, esta actuaci\u00f3 que compta amb una inversi\u00f3 de 2.146.545 euros i un termini d&#8217;execuci\u00f3 de 10 mesos, perseguix compatibilitzar la circulaci\u00f3 rodada amb la protecci\u00f3 dels usuaris, reduint a m\u00e9s la contaminaci\u00f3 ac\u00fastica que afecta els ve\u00efns.<\/p>\n\n\n\n<p class=\"wp-block-paragraph\">En este aspecte, Mazzolari recorda que &#8220;es tracta d&#8217;una carretera amb gran intensitat de tr\u00e0nsit, ja que a m\u00e9s de connectar amb la CV-35, suposa la via d&#8217;acc\u00e9s a nombroses urbanitzacions&#8221; i especifica que &#8220;segons les dades del gabinet t\u00e8cnic, en el tram inicial, presenta una intensitat mitjana di\u00e0ria 3.750 vehicles al dia; una xifra que puja fins als 11.150 en el tram m\u00e9s pr\u00f2xim a l&#8217;autovia&#8221;.<\/p>\n\n\n\n<p class=\"wp-block-paragraph\">Entre les principals obres previstes s&#8217;inclou la construcci\u00f3 d&#8217;una glorieta en la intersecci\u00f3 del carrer Ram\u00f3n Navarrete amb la CV-336, un punt d&#8217;acc\u00e9s habitual a la parada de Metrovalencia de la l\u00ednia 2 &#8216;El Clot&#8217;, que actualment presenta problemes de visibilitat i seguretat. La glorieta comptar\u00e0 amb il\u00b7luminaci\u00f3 i zones enjardinades per a integrar-se a l&#8217;entorn del Parc Natural del T\u00faria.<\/p>\n\n\n\n<p class=\"wp-block-paragraph\">El projecte contempla a m\u00e9s l&#8217;ampliaci\u00f3 de voreres i la reducci\u00f3 de l&#8217;ample dels carrils per a calmar el tr\u00e0nsit, la millora de la xarxa de drenatge, aix\u00ed com el condicionament de la parada d&#8217;autob\u00fas existent enfront del col\u00b7legi Helios.<\/p>\n\n\n\n<p class=\"wp-block-paragraph\">Reme Mazzolari, tamb\u00e9 vicepresidenta segona de la Diputaci\u00f3, conclou que \u201cun dels eixos estrat\u00e8gics de la gesti\u00f3 de la xarxa de carreteres \u00e9s equilibrar la mobilitat en les travessies, reduint la velocitat del tr\u00e0nsit rodat i millorant les condicions per als usuaris m\u00e9s vulnerables. En definitiva, es tracta de transformar-les en espais m\u00e9s amables, moderns i segurs\u201d.<\/p>\n","protected":false},"excerpt":{"rendered":"<div class=\"mh-excerpt\">L&#8217;\u00e0rea de Carreteres que dirigix Reme Mazzolari invertix m\u00e9s de 2 milions d&#8217;euros en el condicionament d&#8217;una via que en el seu tram m\u00e9s pr\u00f2xim a la CV-35 registra el pas de 11.000 vehicles al <a class=\"mh-excerpt-more\" href=\"https:\/\/tucomarca.whitekongsoftware.com\/ca\/la-diputacio-humanitza-la-travessia-de-leliana-per-a-fer-la-mes-segura-per-a-vehicles-i-vianants\/\" title=\"La Diputaci\u00f3 humanitza la travessia de l&#8217;Eliana per a fer-la m\u00e9s segura per a vehicles i vianants\">[+] <\/a><\/div>\n","protected":false},"author":12,"featured_media":279514,"comment_status":"open","ping_status":"open","sticky":false,"template":"","format":"standard","meta":{"footnotes":""},"categories":[10892,10898,10948,10894,10893,10903,10947,10896],"tags":[10395,10412,10433,20938],"class_list":["post-279516","post","type-post","status-publish","format-standard","has-post-thumbnail","category-camp-de-turia-ca","category-ventana-ca","category-infraestructuras-ca","category-la-comarca-ca","category-leliana-ca","category-medio-ambiente-la-comarca-ca","category-politica","category-seccion-ca","tag-camp-de-turia","tag-infraestructuras","tag-leliana","tag-la-diputacio-de-valencia"],"_links":{"self":[{"href":"https:\/\/tucomarca.whitekongsoftware.com\/ca\/wp-json\/wp\/v2\/posts\/279516","targetHints":{"allow":["GET"]}}],"collection":[{"href":"https:\/\/tucomarca.whitekongsoftware.com\/ca\/wp-json\/wp\/v2\/posts"}],"about":[{"href":"https:\/\/tucomarca.whitekongsoftware.com\/ca\/wp-json\/wp\/v2\/types\/post"}],"author":[{"embeddable":true,"href":"https:\/\/tucomarca.whitekongsoftware.com\/ca\/wp-json\/wp\/v2\/users\/12"}],"replies":[{"embeddable":true,"href":"https:\/\/tucomarca.whitekongsoftware.com\/ca\/wp-json\/wp\/v2\/comments?post=279516"}],"version-history":[{"count":0,"href":"https:\/\/tucomarca.whitekongsoftware.com\/ca\/wp-json\/wp\/v2\/posts\/279516\/revisions"}],"wp:featuredmedia":[{"embeddable":true,"href":"https:\/\/tucomarca.whitekongsoftware.com\/ca\/wp-json\/wp\/v2\/media\/279514"}],"wp:attachment":[{"href":"https:\/\/tucomarca.whitekongsoftware.com\/ca\/wp-json\/wp\/v2\/media?parent=279516"}],"wp:term":[{"taxonomy":"category","embeddable":true,"href":"https:\/\/tucomarca.whitekongsoftware.com\/ca\/wp-json\/wp\/v2\/categories?post=279516"},{"taxonomy":"post_tag","embeddable":true,"href":"https:\/\/tucomarca.whitekongsoftware.com\/ca\/wp-json\/wp\/v2\/tags?post=279516"}],"curies":[{"name":"wp","href":"https:\/\/api.w.org\/{rel}","templated":true}]}}