{"id":279492,"date":"2025-09-17T11:10:00","date_gmt":"2025-09-17T09:10:00","guid":{"rendered":"https:\/\/www.tucomarca.com\/wordpress\/segunda\/?p=279492"},"modified":"2025-09-17T15:16:19","modified_gmt":"2025-09-17T13:16:19","slug":"el-consell-inclou-altres-cinc-municipis-al-pla-de-xoc-de-residus-per-a-retirar-els-enderrocs-generats-per-la-reconstruccio-despres-de-les-inundacions","status":"publish","type":"post","link":"https:\/\/tucomarca.whitekongsoftware.com\/ca\/el-consell-inclou-altres-cinc-municipis-al-pla-de-xoc-de-residus-per-a-retirar-els-enderrocs-generats-per-la-reconstruccio-despres-de-les-inundacions\/","title":{"rendered":"El Consell inclou altres cinc municipis al pla de xoc de residus per a retirar els enderrocs generats per la reconstrucci\u00f3 despr\u00e9s de les inundacions"},"content":{"rendered":"\n<h3 class=\"wp-block-heading\">Els ajuntaments d&#8217;Albal, Benet\u00fasser, Catadau, Xirivella i L&#8217;Alc\u00fadia han sol\u00b7licitat la col\u00b7laboraci\u00f3 de la Conselleria de Medi Ambient.<\/h3>\n\n\n\n<p class=\"wp-block-paragraph\">El Ple del Consell ha aprovat la inclusi\u00f3 d&#8217;Albal, Benet\u00fasser, Catadau, Xirivella i L&#8217;Alc\u00fadia en el pla de xoc de residus per a retirar els enderrocs municipals generats per la reconstrucci\u00f3 despr\u00e9s de les inundacions.<\/p>\n\n\n\n<p class=\"wp-block-paragraph\">D&#8217;aquesta manera, s&#8217;autoritza la Conselleria de Medi Ambient, Infraestructures i Territori a executar les obres de compet\u00e8ncia municipal necess\u00e0ries per a la retirada de residus i enderrocs provinents de les riuades en aquests termes municipals.<\/p>\n\n\n\n<p class=\"wp-block-paragraph\">El Consell ja va aprovar la setmana passada ampliar el pla per a incloure els municipis d&#8217;Aldaia, Catarroja, Quart de Poblet, Riba-roja de T\u00faria, Sedav\u00ed, Utiel, Xiva, Xestalgar, Montserrat i Paiporta.<\/p>\n\n\n\n<p class=\"wp-block-paragraph\">S&#8217;at\u00e9n aix\u00ed la sol\u00b7licitud d&#8217;aquests ajuntaments perqu\u00e8 la Generalitat assumisca la retirada d&#8217;aquests residus i enderrocs amb la finalitat de restaurar la normalitat i davant la impossibilitat per part de les corporacions locals d&#8217;assumir el cost de la seua execuci\u00f3.<\/p>\n\n\n\n<p class=\"wp-block-paragraph\">Cal recordar que, despr\u00e9s de les inundacions del passat mes d&#8217;octubre, es va posar en marxa un dispositiu dotat amb 180 milions d&#8217;euros que ha perm\u00e9s retirar m\u00e9s d&#8217;un mili\u00f3 de tones de residus, aix\u00ed com llot i cotxes afectats. Ara, aquest dispositiu s&#8217;ampliar\u00e0 amb la gesti\u00f3 dels residus d&#8217;obres de construcci\u00f3 i de reparaci\u00f3 d&#8217;habitatges i locals que han de ser tractats per part de gestors autoritzats en instal\u00b7lacions com els ecoparcs.<\/p>\n\n\n\n<p class=\"wp-block-paragraph\">Els ajuntaments posen a la disposici\u00f3 de la Generalitat els terrenys necessaris per a facilitar la retirada dels residus i enderrocs acumulats en els seus respectius termes municipals.<\/p>\n","protected":false},"excerpt":{"rendered":"<div class=\"mh-excerpt\">Els ajuntaments d&#8217;Albal, Benet\u00fasser, Catadau, Xirivella i L&#8217;Alc\u00fadia han sol\u00b7licitat la col\u00b7laboraci\u00f3 de la Conselleria de Medi Ambient. El Ple del Consell ha aprovat la inclusi\u00f3 d&#8217;Albal, Benet\u00fasser, Catadau, Xirivella i L&#8217;Alc\u00fadia en el pla <a class=\"mh-excerpt-more\" href=\"https:\/\/tucomarca.whitekongsoftware.com\/ca\/el-consell-inclou-altres-cinc-municipis-al-pla-de-xoc-de-residus-per-a-retirar-els-enderrocs-generats-per-la-reconstruccio-despres-de-les-inundacions\/\" title=\"El Consell inclou altres cinc municipis al pla de xoc de residus per a retirar els enderrocs generats per la reconstrucci\u00f3 despr\u00e9s de les inundacions\">[+] <\/a><\/div>\n","protected":false},"author":12,"featured_media":247212,"comment_status":"open","ping_status":"open","sticky":false,"template":"","format":"standard","meta":{"footnotes":""},"categories":[10991,21466,10898,10948,10995,10894,10904,10902,10903,10947,10896,10897],"tags":[15409,11498],"class_list":["post-279492","post","type-post","status-publish","format-standard","has-post-thumbnail","category-catadau-ca","category-dana-ca","category-ventana-ca","category-infraestructuras-ca","category-lalcudia-ca","category-la-comarca-ca","category-sin-categorizar-ca","category-la-ribera-ca","category-medio-ambiente-la-comarca-ca","category-politica","category-seccion-ca","category-sucesos-la-comarca-ca","tag-dana-2-ca","tag-generalitat-valenciana-ca"],"_links":{"self":[{"href":"https:\/\/tucomarca.whitekongsoftware.com\/ca\/wp-json\/wp\/v2\/posts\/279492","targetHints":{"allow":["GET"]}}],"collection":[{"href":"https:\/\/tucomarca.whitekongsoftware.com\/ca\/wp-json\/wp\/v2\/posts"}],"about":[{"href":"https:\/\/tucomarca.whitekongsoftware.com\/ca\/wp-json\/wp\/v2\/types\/post"}],"author":[{"embeddable":true,"href":"https:\/\/tucomarca.whitekongsoftware.com\/ca\/wp-json\/wp\/v2\/users\/12"}],"replies":[{"embeddable":true,"href":"https:\/\/tucomarca.whitekongsoftware.com\/ca\/wp-json\/wp\/v2\/comments?post=279492"}],"version-history":[{"count":0,"href":"https:\/\/tucomarca.whitekongsoftware.com\/ca\/wp-json\/wp\/v2\/posts\/279492\/revisions"}],"wp:featuredmedia":[{"embeddable":true,"href":"https:\/\/tucomarca.whitekongsoftware.com\/ca\/wp-json\/wp\/v2\/media\/247212"}],"wp:attachment":[{"href":"https:\/\/tucomarca.whitekongsoftware.com\/ca\/wp-json\/wp\/v2\/media?parent=279492"}],"wp:term":[{"taxonomy":"category","embeddable":true,"href":"https:\/\/tucomarca.whitekongsoftware.com\/ca\/wp-json\/wp\/v2\/categories?post=279492"},{"taxonomy":"post_tag","embeddable":true,"href":"https:\/\/tucomarca.whitekongsoftware.com\/ca\/wp-json\/wp\/v2\/tags?post=279492"}],"curies":[{"name":"wp","href":"https:\/\/api.w.org\/{rel}","templated":true}]}}