{"id":279470,"date":"2025-09-17T11:40:00","date_gmt":"2025-09-17T09:40:00","guid":{"rendered":"https:\/\/www.tucomarca.com\/wordpress\/segunda\/?p=279470"},"modified":"2025-09-17T15:12:17","modified_gmt":"2025-09-17T13:12:17","slug":"tierra-bobal-celebra-el-dia-mundial-del-turisme-2025-amb-deu-dies-dexperiencies-uniques","status":"publish","type":"post","link":"https:\/\/tucomarca.whitekongsoftware.com\/ca\/tierra-bobal-celebra-el-dia-mundial-del-turisme-2025-amb-deu-dies-dexperiencies-uniques\/","title":{"rendered":"Tierra Bobal celebra el Dia Mundial del Turisme 2025 amb deu dies d\u2019experi\u00e8ncies \u00faniques"},"content":{"rendered":"\n<h3 class=\"wp-block-heading\">Durant deu dies, visitants i ve\u00efns podran gaudir de m\u00e9s d\u2019una vintena de propostes organitzades per entitats i empreses adherides a la marca Tierra Bobal que combinen enoturisme, natura, gastronomia i cultura.<\/h3>\n\n\n\n<p class=\"wp-block-paragraph\">Del 20 al 30 de setembre, Tierra Bobal commemora el Dia Mundial del Turisme 2025 amb una completa programaci\u00f3 que combina enoturisme, natura, gastronomia i cultura.<\/p>\n\n\n\n<p class=\"wp-block-paragraph\">Sota el lema <em>\u201cDescobreix Tierra Bobal, Connectar \u00e9s Viure\u201d<\/em>, la data convida a descobrir l\u2019ess\u00e8ncia de Tierra Bobal i a connectar amb una hist\u00f2ria de m\u00e9s de 2.500 anys d\u2019hist\u00f2ria del vi, els seus paisatges de vinyes i rius, els seus sabors aut\u00e8ntics i la calidesa de la seua gent.<\/p>\n\n\n\n<p class=\"wp-block-paragraph\">Durant deu dies, visitants i ve\u00efns podran gaudir de m\u00e9s d\u2019una vintena de propostes organitzades per entitats i empreses adherides a la marca Tierra Bobal. L\u2019oferta inclou des de visites guiades a jaciments arqueol\u00f2gics i cellers subterranis fins a experi\u00e8ncies gastron\u00f2miques, tastos de vi, rutes en la natura i activitats d\u2019aventura.<\/p>\n\n\n\n<p class=\"wp-block-paragraph\"><strong>Activitats destacades<\/strong><\/p>\n\n\n\n<p class=\"wp-block-paragraph\">Entre les activitats destacades, que es troben detallades en este enlla\u00e7 a la web de Tierra Bobal, destaquen:<\/p>\n\n\n\n<ul class=\"wp-block-list\">\n<li><strong>20 al 30 de setembre:<\/strong> Nit en Blanc a Requena, visites a Kelin en Caudete de las Fuentes, tastos en cellers Pago de Tharsys i Rodeno, oleotour en Oli-Oli Biodin\u00e1mico, rutes Starlight i experi\u00e8ncies gastron\u00f2miques de temporada en el Restaurant Alto Tajo.<\/li>\n\n\n\n<li><strong>23 al 27 de setembre:<\/strong> tast de formatges en Queser\u00eda Hoya de la Iglesia i visites a les Covetes de la Vila de Requena.<\/li>\n\n\n\n<li><strong>27 de setembre \u2013 Dia Mundial del Turisme:<\/strong> Ruta Taronja a les Hoces del Cabriel, Festa de la Verema en Bodegas Nodus, Festa Fi de Verema en Bodegas Clos Cor V\u00ed, Tasting de Ra\u00efm i Vins en Vinea Clausa, experi\u00e8ncia gastron\u00f2mica en el Restaurant Sinarcas, aix\u00ed com visites a terrisseries i cellers subterranis d\u2019Utiel.<\/li>\n\n\n\n<li><strong>27 i 28 de setembre:<\/strong> r\u00e0fting al riu Cabriel amb Kalahari Aventuras i visites guiades a El Mol\u00f3n de Camporrobles.<\/li>\n<\/ul>\n\n\n\n<p class=\"wp-block-paragraph\"><strong>Una invitaci\u00f3 a descobrir Tierra Bobal<\/strong><\/p>\n\n\n\n<p class=\"wp-block-paragraph\">La programaci\u00f3 del Dia Mundial del Turisme 2025 refor\u00e7a l\u2019aposta de Tierra Bobal per un turisme sostenible i de qualitat, en qu\u00e8 conviuen:<\/p>\n\n\n\n<ul class=\"wp-block-list\">\n<li>L\u2019enoturisme en cellers hist\u00f2rics i moderns.<\/li>\n\n\n\n<li>El patrimoni cultural a trav\u00e9s de jaciments, coves i tradicions artesanes.<\/li>\n\n\n\n<li>El turisme de natura amb rutes i activitats al Parc Natural Hoces del Cabriel.<\/li>\n\n\n\n<li>La gastronomia local, amb productes de quil\u00f2metre zero i experi\u00e8ncies culin\u00e0ries \u00faniques.<\/li>\n<\/ul>\n\n\n\n<p class=\"wp-block-paragraph\">Tierra Bobal \u00e9s la marca tur\u00edstica que representa als municipis de: Camporrobles, Caudete de las Fuentes, Chera, Fuenterrobles, Requena, Sinarcas, Utiel, Venta del Moro i Villargordo del Cabriel.<\/p>\n\n\n\n<figure class=\"wp-block-image size-large\"><img loading=\"lazy\" decoding=\"async\" width=\"724\" height=\"1024\" src=\"https:\/\/www.tucomarca.com\/wordpress\/segunda\/wp-content\/uploads\/2025\/09\/TierraBobalActividades-724x1024.jpg\" alt=\"\" class=\"wp-image-279468\" srcset=\"https:\/\/tucomarca.whitekongsoftware.com\/wp-content\/uploads\/2025\/09\/TierraBobalActividades-724x1024.jpg 724w, https:\/\/tucomarca.whitekongsoftware.com\/wp-content\/uploads\/2025\/09\/TierraBobalActividades-212x300.jpg 212w, https:\/\/tucomarca.whitekongsoftware.com\/wp-content\/uploads\/2025\/09\/TierraBobalActividades-768x1086.jpg 768w, https:\/\/tucomarca.whitekongsoftware.com\/wp-content\/uploads\/2025\/09\/TierraBobalActividades.jpg 886w\" sizes=\"auto, (max-width: 724px) 100vw, 724px\" \/><\/figure>\n","protected":false},"excerpt":{"rendered":"<div class=\"mh-excerpt\">Durant deu dies, visitants i ve\u00efns podran gaudir de m\u00e9s d\u2019una vintena de propostes organitzades per entitats i empreses adherides a la marca Tierra Bobal que combinen enoturisme, natura, gastronomia i cultura. Del 20 al <a class=\"mh-excerpt-more\" href=\"https:\/\/tucomarca.whitekongsoftware.com\/ca\/tierra-bobal-celebra-el-dia-mundial-del-turisme-2025-amb-deu-dies-dexperiencies-uniques\/\" title=\"Tierra Bobal celebra el Dia Mundial del Turisme 2025 amb deu dies d\u2019experi\u00e8ncies \u00faniques\">[+] <\/a><\/div>\n","protected":false},"author":12,"featured_media":279467,"comment_status":"open","ping_status":"open","sticky":false,"template":"","format":"standard","meta":{"footnotes":""},"categories":[11019,11031,11032,11054,11055,10894,11007,10908,10909,10896,11058,11059,11060,11061],"tags":[23013,10910,12388],"class_list":["post-279470","post","type-post","status-publish","format-standard","has-post-thumbnail","category-agenda-ca","category-camporrobles-ca","category-caudete-ca","category-chera-ca","category-fuenterrobles-ca","category-la-comarca-ca","category-ocio-y-cultura-ca","category-requena-ca","category-requena-utiel-ca","category-seccion-ca","category-sinarcas-ca","category-utiel-ca","category-venta-del-moro-ca","category-villargordo-del-cabriel-ca","tag-dia-mundial-del-turismo-ca","tag-requena-utiel-ca","tag-tierra-bobal-ca"],"_links":{"self":[{"href":"https:\/\/tucomarca.whitekongsoftware.com\/ca\/wp-json\/wp\/v2\/posts\/279470","targetHints":{"allow":["GET"]}}],"collection":[{"href":"https:\/\/tucomarca.whitekongsoftware.com\/ca\/wp-json\/wp\/v2\/posts"}],"about":[{"href":"https:\/\/tucomarca.whitekongsoftware.com\/ca\/wp-json\/wp\/v2\/types\/post"}],"author":[{"embeddable":true,"href":"https:\/\/tucomarca.whitekongsoftware.com\/ca\/wp-json\/wp\/v2\/users\/12"}],"replies":[{"embeddable":true,"href":"https:\/\/tucomarca.whitekongsoftware.com\/ca\/wp-json\/wp\/v2\/comments?post=279470"}],"version-history":[{"count":0,"href":"https:\/\/tucomarca.whitekongsoftware.com\/ca\/wp-json\/wp\/v2\/posts\/279470\/revisions"}],"wp:featuredmedia":[{"embeddable":true,"href":"https:\/\/tucomarca.whitekongsoftware.com\/ca\/wp-json\/wp\/v2\/media\/279467"}],"wp:attachment":[{"href":"https:\/\/tucomarca.whitekongsoftware.com\/ca\/wp-json\/wp\/v2\/media?parent=279470"}],"wp:term":[{"taxonomy":"category","embeddable":true,"href":"https:\/\/tucomarca.whitekongsoftware.com\/ca\/wp-json\/wp\/v2\/categories?post=279470"},{"taxonomy":"post_tag","embeddable":true,"href":"https:\/\/tucomarca.whitekongsoftware.com\/ca\/wp-json\/wp\/v2\/tags?post=279470"}],"curies":[{"name":"wp","href":"https:\/\/api.w.org\/{rel}","templated":true}]}}