{"id":279462,"date":"2025-09-17T12:00:00","date_gmt":"2025-09-17T10:00:00","guid":{"rendered":"https:\/\/www.tucomarca.com\/wordpress\/segunda\/?p=279462"},"modified":"2025-09-17T14:49:16","modified_gmt":"2025-09-17T12:49:16","slug":"carlos-mazon-anuncia-mes-ajudes-per-a-families-afectades-per-les-riuades-dotades-amb-35-milions-deuros","status":"publish","type":"post","link":"https:\/\/tucomarca.whitekongsoftware.com\/ca\/carlos-mazon-anuncia-mes-ajudes-per-a-families-afectades-per-les-riuades-dotades-amb-35-milions-deuros\/","title":{"rendered":"Carlos Maz\u00f3n anuncia m\u00e9s ajudes per a fam\u00edlies afectades per les riuades dotades amb 35 milions d\u2019euros"},"content":{"rendered":"\n<h3 class=\"wp-block-heading\">Avan\u00e7a la posada en marxa d\u2019una nova l\u00ednia d\u2019ajuda per a atendre les necessitats de totes les fam\u00edlies nombroses i monoparentals residents en municipis afectats pel temporal.<br>Assenyala l\u2019habitatge com \u201cun dels principals problemes de la Comunitat Valenciana\u201d i trasllada que es va a llan\u00e7ar una nova convocat\u00f2ria d\u2019ajudes de lloguer als damnificats per la DANA per un any m\u00e9s.<br>S\u2019amplia el suport econ\u00f2mic a les fam\u00edlies acollidores amb menors al seu c\u00e0rrec amb necessitats especials i a les fam\u00edlies nombroses i monoparentals que hagen tingut danys.<br>Assenyala que s\u00f3n directes, \u201csense burocr\u00e0cia ni paperassa per als beneficiaris\u201d i que se sumen als 20 milions d\u2019euros ja mobilitzats per a estos col\u00b7lectius fins als 55 milions d\u2019euros.<br>Subratlla el comprom\u00eds del Consell per \u201cuna reconstrucci\u00f3 justa que arribe a tots\u201d i recrimina la falta de suport del Govern central amb la \u201cregi\u00f3 pitjor finan\u00e7ada d\u2019Espanya\u201d.<\/h3>\n\n\n\n<p class=\"wp-block-paragraph\">El president de la Generalitat, <strong>Carlos Maz\u00f3n<\/strong>, ha anunciat un nou paquet d\u2019ajudes \u201cdirectes, sense burocr\u00e0cia ni paperassa\u201d dirigides a fam\u00edlies i inf\u00e0ncia afectades per les riuades, amb una dotaci\u00f3 addicional de <strong>35 milions d\u2019euros<\/strong>.<\/p>\n\n\n\n<p class=\"wp-block-paragraph\">El cap del Consell ha explicat que esta iniciativa se suma als 20 milions ja mobilitzats per a les fam\u00edlies i la llar fins a aconseguir un total de <strong>55 milions d\u2019euros<\/strong>.<\/p>\n\n\n\n<p class=\"wp-block-paragraph\">D\u2019esta manera, ha assenyalat el \u201cpaper proactiu\u201d del Consell per a accelerar la reconstrucci\u00f3 econ\u00f2mica i social de la Comunitat Valenciana enfront de l\u2019actuaci\u00f3 reactiva d\u2019altres administracions que \u201chan anat a remolc i fins i tot han arribat a culpabilitzar els ciutadans de no haver sol\u00b7licitat prou b\u00e9 les ajudes\u201d.<\/p>\n\n\n\n<p class=\"wp-block-paragraph\">En este sentit, ha remarcat el comprom\u00eds del Consell \u201camb aquells que m\u00e9s ho necessiten i amb una reconstrucci\u00f3 justa que arribe a tots\u201d, al mateix temps que ha retret la falta de suport del Govern central \u201camb la regi\u00f3 pitjor finan\u00e7ada d\u2019Espanya\u201d.<\/p>\n\n\n\n<p class=\"wp-block-paragraph\"><strong>14 milions per a fam\u00edlies nombroses i monoparentals afectades<\/strong><\/p>\n\n\n\n<p class=\"wp-block-paragraph\">El president ha anunciat la posada en marxa d\u2019una nova l\u00ednia d\u2019ajudes dotada amb <strong>14 milions d\u2019euros<\/strong> per a fam\u00edlies nombroses i monoparentals de municipis afectats per les riuades.<\/p>\n\n\n\n<p class=\"wp-block-paragraph\">Esta mesura beneficiar\u00e0 m\u00e9s de <strong>10.600 fam\u00edlies nombroses<\/strong> i <strong>3.400 fam\u00edlies monoparentals<\/strong>, que rebran <strong>1.000 euros per unitat familiar<\/strong> per fer front a l\u2019esfor\u00e7 extraordinari que han hagut d\u2019assumir despr\u00e9s de la cat\u00e0strofe.<\/p>\n\n\n\n<p class=\"wp-block-paragraph\">Maz\u00f3n ha avan\u00e7at que les mesures es materialitzaran en les pr\u00f2ximes setmanes \u201camb la reducci\u00f3 de la burocr\u00e0cia all\u00e0 on siga possible per a facilitar-ne l\u2019acc\u00e9s, com ja hem fet amb totes les anteriors\u201d.<\/p>\n\n\n\n<p class=\"wp-block-paragraph\"><strong>Ampliaci\u00f3 d\u2019ajudes per a lloguer i fam\u00edlies<\/strong><\/p>\n\n\n\n<p class=\"wp-block-paragraph\">Durant la seua intervenci\u00f3, Maz\u00f3n tamb\u00e9 ha assenyalat l\u2019habitatge com \u201cun dels principals problemes de la Comunitat Valenciana\u201d i ha avan\u00e7at una nova convocat\u00f2ria d\u2019ajudes al <strong>lloguer<\/strong> per a les persones damnificades per la DANA durant un any m\u00e9s.<\/p>\n\n\n\n<p class=\"wp-block-paragraph\">Aix\u00ed, als <strong>14,7 milions ja compromesos<\/strong> s\u2019afegeixen <strong>15 milions d\u2019euros extra<\/strong>, de manera que els m\u00e9s de <strong>1.300 beneficiaris actuals<\/strong> podran ampliar l\u2019ajuda durant un any m\u00e9s, i aquells afectats que vulguen sol\u00b7licitar-la ara tindran l\u2019opci\u00f3 en la nova convocat\u00f2ria.<\/p>\n\n\n\n<p class=\"wp-block-paragraph\">Igualment, s\u2019estendr\u00e0 el suport a totes les <strong>fam\u00edlies acollidores<\/strong>, de manera que m\u00e9s de <strong>380 fam\u00edlies<\/strong> rebran directament en els seus comptes fins a <strong>6.000 euros<\/strong>, en funci\u00f3 dels menors acollits, mobilitzant un total d\u2019<strong>1,1 milions d\u2019euros addicionals<\/strong>.<\/p>\n\n\n\n<p class=\"wp-block-paragraph\">A m\u00e9s, m\u00e9s de <strong>375 fam\u00edlies<\/strong> amb menors al seu c\u00e0rrec amb necessitats especials de la zona DANA rebran <strong>2.000 euros addicionals<\/strong>, mentre que <strong>3.890 fam\u00edlies nombroses i monoparentals<\/strong> que patiren danys rebran <strong>1.000 euros extra<\/strong> sobre la proposta inicial, sense necessitat de cap tr\u00e0mit.<\/p>\n\n\n\n<p class=\"wp-block-paragraph\">Estes actuacions se sumen a les iniciatives posades en marxa fa uns dies \u201cper a abonar de manera autom\u00e0tica m\u00e9s ajudes DANA de primera necessitat, vehicles, aut\u00f2noms i treballadors en ERTO, que s\u2019acumulen a les ja rebudes anteriorment pels beneficiaris\u201d.<\/p>\n\n\n\n<p class=\"wp-block-paragraph\">Tanmateix \u2013ha assenyalat el president\u2013, \u201ctotes estes l\u00ednies no s\u00f3n suficients\u201d, i ha fet refer\u00e8ncia al \u201cdoble esfor\u00e7 permanent de la Comunitat Valenciana\u201d per a ajudar als qui ho necessiten i alhora \u201chaver de quadrar uns comptes que el Govern central s\u2019entesta a desquadrar menystenint els recursos que el conjunt dels ciutadans de Val\u00e8ncia, Alacant i Castell\u00f3 mereixen\u201d.<\/p>\n\n\n\n<p class=\"wp-block-paragraph\">Maz\u00f3n ha remarcat que la Generalitat \u201cno pot abordar la reconstrucci\u00f3 en solitari\u201d i ha subratllat el comprom\u00eds del Govern valenci\u00e0 per a \u201ccontinuar estant al capdavant i que la recuperaci\u00f3 arribe a tots\u201d.<\/p>\n","protected":false},"excerpt":{"rendered":"<div class=\"mh-excerpt\">Avan\u00e7a la posada en marxa d\u2019una nova l\u00ednia d\u2019ajuda per a atendre les necessitats de totes les fam\u00edlies nombroses i monoparentals residents en municipis afectats pel temporal.Assenyala l\u2019habitatge com \u201cun dels principals problemes de la <a class=\"mh-excerpt-more\" href=\"https:\/\/tucomarca.whitekongsoftware.com\/ca\/carlos-mazon-anuncia-mes-ajudes-per-a-families-afectades-per-les-riuades-dotades-amb-35-milions-deuros\/\" title=\"Carlos Maz\u00f3n anuncia m\u00e9s ajudes per a fam\u00edlies afectades per les riuades dotades amb 35 milions d\u2019euros\">[+] <\/a><\/div>\n","protected":false},"author":12,"featured_media":279460,"comment_status":"open","ping_status":"open","sticky":false,"template":"","format":"standard","meta":{"footnotes":""},"categories":[21466,10898,10948,10894,10904,10903,10947,10896,10897],"tags":[21788,18807,15409,11498],"class_list":["post-279462","post","type-post","status-publish","format-standard","has-post-thumbnail","category-dana-ca","category-ventana-ca","category-infraestructuras-ca","category-la-comarca-ca","category-sin-categorizar-ca","category-medio-ambiente-la-comarca-ca","category-politica","category-seccion-ca","category-sucesos-la-comarca-ca","tag-ayudas-dana-ca","tag-carlos-mazon-ca","tag-dana-2-ca","tag-generalitat-valenciana-ca"],"_links":{"self":[{"href":"https:\/\/tucomarca.whitekongsoftware.com\/ca\/wp-json\/wp\/v2\/posts\/279462","targetHints":{"allow":["GET"]}}],"collection":[{"href":"https:\/\/tucomarca.whitekongsoftware.com\/ca\/wp-json\/wp\/v2\/posts"}],"about":[{"href":"https:\/\/tucomarca.whitekongsoftware.com\/ca\/wp-json\/wp\/v2\/types\/post"}],"author":[{"embeddable":true,"href":"https:\/\/tucomarca.whitekongsoftware.com\/ca\/wp-json\/wp\/v2\/users\/12"}],"replies":[{"embeddable":true,"href":"https:\/\/tucomarca.whitekongsoftware.com\/ca\/wp-json\/wp\/v2\/comments?post=279462"}],"version-history":[{"count":0,"href":"https:\/\/tucomarca.whitekongsoftware.com\/ca\/wp-json\/wp\/v2\/posts\/279462\/revisions"}],"wp:featuredmedia":[{"embeddable":true,"href":"https:\/\/tucomarca.whitekongsoftware.com\/ca\/wp-json\/wp\/v2\/media\/279460"}],"wp:attachment":[{"href":"https:\/\/tucomarca.whitekongsoftware.com\/ca\/wp-json\/wp\/v2\/media?parent=279462"}],"wp:term":[{"taxonomy":"category","embeddable":true,"href":"https:\/\/tucomarca.whitekongsoftware.com\/ca\/wp-json\/wp\/v2\/categories?post=279462"},{"taxonomy":"post_tag","embeddable":true,"href":"https:\/\/tucomarca.whitekongsoftware.com\/ca\/wp-json\/wp\/v2\/tags?post=279462"}],"curies":[{"name":"wp","href":"https:\/\/api.w.org\/{rel}","templated":true}]}}