{"id":279399,"date":"2025-09-17T05:00:00","date_gmt":"2025-09-17T03:00:00","guid":{"rendered":"https:\/\/www.tucomarca.com\/wordpress\/segunda\/?p=279399"},"modified":"2025-09-16T22:17:33","modified_gmt":"2025-09-16T20:17:33","slug":"el-consell-critica-la-visita-del-ministre-cos-a-valencia-mentre-5-000-autonoms-afectats-per-la-riuada-segueixen-sense-cobrar-la-prestacio-promesa","status":"publish","type":"post","link":"https:\/\/tucomarca.whitekongsoftware.com\/ca\/el-consell-critica-la-visita-del-ministre-cos-a-valencia-mentre-5-000-autonoms-afectats-per-la-riuada-segueixen-sense-cobrar-la-prestacio-promesa\/","title":{"rendered":"El Consell critica la visita del ministre Cuerpo a Val\u00e8ncia mentre 5.000 aut\u00f2noms afectats per la riuada segueixen sense cobrar la prestaci\u00f3 promesa"},"content":{"rendered":"\n<p class=\"wp-block-paragraph\">El ministre d&#8217;Economia, Carlos Cuerpo, visita hui la capital valenciana per a participar en la reuni\u00f3 amb els consellers de les comunitats aut\u00f2nomes en la qual s&#8217;analitzar\u00e0 l&#8217;impacte de l&#8217;acord aranzelari aconseguit entre els Estats Units i la Comissi\u00f3 Europea. No obstant aix\u00f2, la seua pres\u00e8ncia es produeix en un context de fort malestar entre els aut\u00f2noms de la Comunitat Valenciana afectats per l&#8217;\u00faltima DANA, que denuncien seguir sense percebre la prestaci\u00f3 per cessament d&#8217;activitat que el Govern central els va prometre el mes de gener passat.<\/p>\n\n\n\n<p class=\"wp-block-paragraph\">L&#8217;Executiu de Pedro S\u00e1nchez es va comprometre en reiterades ocasions a prorrogar aquesta ajuda, que va expirar el 31 de gener de 2025. Malgrat aix\u00f2, les promeses mai es van materialitzar, deixant a m\u00e9s de 5.000 aut\u00f2noms en una situaci\u00f3 d&#8217;especial vulnerabilitat, al no disposar de cotitzaci\u00f3 suficient per a accedir a una altra mena de prestaci\u00f3.<\/p>\n\n\n\n<p class=\"wp-block-paragraph\"><strong>Dos compromisos incomplits<\/strong><\/p>\n\n\n\n<p class=\"wp-block-paragraph\">En una primera reuni\u00f3 celebrada en la Delegaci\u00f3 del Govern a Val\u00e8ncia, el propi Cuerpo va assegurar a representants dels aut\u00f2noms que la prestaci\u00f3 extraordin\u00e0ria s&#8217;activaria. No va oc\u00f3rrer.<\/p>\n\n\n\n<p class=\"wp-block-paragraph\">Posteriorment, el 12 de mar\u00e7, en una trobada institucional de m\u00e0xim nivell celebrat en la seu de la patronal valenciana \u2014amb la pres\u00e8ncia dels Reis, el president de la CEOE, Antonio Garamendi; el president de la CEV, Salvador Navarro; el president de les Cambres de Comer\u00e7, Jos\u00e9 Vicente Morata, i el president de la Generalitat, Carlos Maz\u00f3n, entre altres\u2014 el ministre va tornar a comprometre&#8217;s p\u00fablicament: va afirmar que la prestaci\u00f3 es posaria en marxa de manera urgent i amb car\u00e0cter retroactiu. Tampoc va complir.<\/p>\n\n\n\n<p class=\"wp-block-paragraph\"><strong>Promeses que s&#8217;esfumen<\/strong><\/p>\n\n\n\n<p class=\"wp-block-paragraph\">El malestar en el sector s&#8217;ha incrementat en comprovar que el Govern ni tan sols va aprofitar l&#8217;aprovaci\u00f3 del Reial decret llei 9\/2025, al juliol, per a incloure la pr\u00f2rroga de la prestaci\u00f3 en la reforma de la Llei General de la Seguretat Social.<\/p>\n\n\n\n<p class=\"wp-block-paragraph\">M\u00e9s encara, la nota de premsa que el propi Ministeri d&#8217;Inclusi\u00f3, Seguretat Social i Migracions va publicar el 30 de gener \u2014sota el t\u00edtol \u201cEl Govern prorrogar\u00e0 el cessament extraordinari DANA per a aut\u00f2noms\u201d\u2014 ha desaparegut de la web oficial.<\/p>\n\n\n\n<p class=\"wp-block-paragraph\">El president de l&#8217;Associaci\u00f3 de Treballadors Aut\u00f2noms (LLIGA) en la Comunitat Valenciana, Alberto Ara, va traslladar llavors l&#8217;incompliment a la delegada del Govern, Pilar Bernab\u00e9, qui es va comprometre a remetre la queixa al Ministeri. Hui dia, la situaci\u00f3 segueix sense resoldre&#8217;s.<\/p>\n\n\n\n<p class=\"wp-block-paragraph\"><strong>Silenci ministerial<\/strong><\/p>\n\n\n\n<p class=\"wp-block-paragraph\">Des del Consell se subratlla que l&#8217;actitud del ministre Cos suposa \u201cdonar l&#8217;esquena a milers d&#8217;aut\u00f2noms que van confiar en ell i hui estan completament desprotegits\u201d. El malestar creix entre els afectats, que consideren que se&#8217;ls ha abandonat malgrat ser un dels col\u00b7lectius m\u00e9s colpejats per les conseq\u00fc\u00e8ncies de la dana.<\/p>\n\n\n\n<p class=\"wp-block-paragraph\">Mentrestant, el ministre guarda silenci i la seua visita de hui a Val\u00e8ncia arriba marcada per les cr\u00edtiques i la frustraci\u00f3 d&#8217;un sector que reclama solucions urgents.<\/p>\n","protected":false},"excerpt":{"rendered":"<div class=\"mh-excerpt\">El ministre d&#8217;Economia, Carlos Cuerpo, visita hui la capital valenciana per a participar en la reuni\u00f3 amb els consellers de les comunitats aut\u00f2nomes en la qual s&#8217;analitzar\u00e0 l&#8217;impacte de l&#8217;acord aranzelari aconseguit entre els Estats <a class=\"mh-excerpt-more\" href=\"https:\/\/tucomarca.whitekongsoftware.com\/ca\/el-consell-critica-la-visita-del-ministre-cos-a-valencia-mentre-5-000-autonoms-afectats-per-la-riuada-segueixen-sense-cobrar-la-prestacio-promesa\/\" title=\"El Consell critica la visita del ministre Cuerpo a Val\u00e8ncia mentre 5.000 aut\u00f2noms afectats per la riuada segueixen sense cobrar la prestaci\u00f3 promesa\">[+] <\/a><\/div>\n","protected":false},"author":1,"featured_media":279397,"comment_status":"open","ping_status":"open","sticky":false,"template":"","format":"standard","meta":{"footnotes":""},"categories":[21466,10898,10948,10894,10904,10903,10947,10896,10897],"tags":[15409,11199],"class_list":["post-279399","post","type-post","status-publish","format-standard","has-post-thumbnail","category-dana-ca","category-ventana-ca","category-infraestructuras-ca","category-la-comarca-ca","category-sin-categorizar-ca","category-medio-ambiente-la-comarca-ca","category-politica","category-seccion-ca","category-sucesos-la-comarca-ca","tag-dana-2-ca","tag-la-comunitat-ca"],"_links":{"self":[{"href":"https:\/\/tucomarca.whitekongsoftware.com\/ca\/wp-json\/wp\/v2\/posts\/279399","targetHints":{"allow":["GET"]}}],"collection":[{"href":"https:\/\/tucomarca.whitekongsoftware.com\/ca\/wp-json\/wp\/v2\/posts"}],"about":[{"href":"https:\/\/tucomarca.whitekongsoftware.com\/ca\/wp-json\/wp\/v2\/types\/post"}],"author":[{"embeddable":true,"href":"https:\/\/tucomarca.whitekongsoftware.com\/ca\/wp-json\/wp\/v2\/users\/1"}],"replies":[{"embeddable":true,"href":"https:\/\/tucomarca.whitekongsoftware.com\/ca\/wp-json\/wp\/v2\/comments?post=279399"}],"version-history":[{"count":0,"href":"https:\/\/tucomarca.whitekongsoftware.com\/ca\/wp-json\/wp\/v2\/posts\/279399\/revisions"}],"wp:featuredmedia":[{"embeddable":true,"href":"https:\/\/tucomarca.whitekongsoftware.com\/ca\/wp-json\/wp\/v2\/media\/279397"}],"wp:attachment":[{"href":"https:\/\/tucomarca.whitekongsoftware.com\/ca\/wp-json\/wp\/v2\/media?parent=279399"}],"wp:term":[{"taxonomy":"category","embeddable":true,"href":"https:\/\/tucomarca.whitekongsoftware.com\/ca\/wp-json\/wp\/v2\/categories?post=279399"},{"taxonomy":"post_tag","embeddable":true,"href":"https:\/\/tucomarca.whitekongsoftware.com\/ca\/wp-json\/wp\/v2\/tags?post=279399"}],"curies":[{"name":"wp","href":"https:\/\/api.w.org\/{rel}","templated":true}]}}