{"id":279388,"date":"2025-09-16T09:35:00","date_gmt":"2025-09-16T07:35:00","guid":{"rendered":"https:\/\/www.tucomarca.com\/wordpress\/segunda\/?p=279388"},"modified":"2025-09-16T21:47:17","modified_gmt":"2025-09-16T19:47:17","slug":"la-diputacio-porta-a-riba-roja-formacio-dalta-qualitat-per-a-empreses-afectades-per-la-dana-a-traves-del-formworking","status":"publish","type":"post","link":"https:\/\/tucomarca.whitekongsoftware.com\/ca\/la-diputacio-porta-a-riba-roja-formacio-dalta-qualitat-per-a-empreses-afectades-per-la-dana-a-traves-del-formworking\/","title":{"rendered":"La Diputaci\u00f3 porta a Riba-roja formaci\u00f3 d&#8217;alta qualitat per a empreses afectades per la dana a trav\u00e9s del Formworking"},"content":{"rendered":"\n<h3 class=\"wp-block-heading\">La vicepresidenta Nat\u00e0lia Enguix destaca que \u201cl&#8217;\u00e8xit del teixit empresarial \u00e9s el dels nostres pobles i comarques. Per aix\u00f2 consolidem la formaci\u00f3 en els municipis industrials per als seus directius\u201d.<\/h3>\n\n\n\n<h3 class=\"wp-block-heading\">La Federaci\u00f3 de Parcs Empresarials coordina les sessions formatives finan\u00e7ades per Diputaci\u00f3, que arribaran a Riba-roja, Canals, Ll\u00edria, L&#8217;Olleria, Massanassa, Pu\u00e7ol, Vilallonga i Alberic fins al pr\u00f2xim 25 de novembre.<\/h3>\n\n\n\n<h3 class=\"wp-block-heading\">La nova presidenta de FEPEVAL, Patricia Mu\u00f1oz, destaca l&#8217;\u00e8xit de la iniciativa, que ha esgotat les places de la jornada inaugural amb 27 empreses inscrites en la sessi\u00f3 amb el soci\u00f2leg, consultor i coach Eduardo Rosser.<\/h3>\n\n\n\n<p class=\"wp-block-paragraph\">La Diputaci\u00f3 de Val\u00e8ncia consolida el seu projecte d&#8217;acostar la formaci\u00f3 d&#8217;alta qualitat a les empreses de les comarques. La vicepresidenta primera, Nat\u00e0lia Enguix, ha obert este dimarts en la seu de Ribactiva Empresas de Riba-roja la segona edici\u00f3 del Formworking, un encontre de treball que fomenta i millora les relacions empresarials, ampliant coneixements i impulsant la cooperaci\u00f3. \u201cL&#8217;\u00e8xit del teixit empresarial \u00e9s l&#8217;\u00e8xit dels nostres pobles i comarques\u201d, ha afirmat Enguix en la pr\u00e8via de la sessi\u00f3 impartida pel soci\u00f2leg i coach Eduardo Rosser amb totes les places cobertes.<\/p>\n\n\n\n<p class=\"wp-block-paragraph\">En paraules d&#8217;Enguix, \u201cl&#8217;objectiu del Formworking \u00e9s acostar al territori oportunitats formatives, facilitant l&#8217;acc\u00e9s a coneixements clau per al desenvolupament dels directius i la competitivitat empresarial, sense necessitat de despla\u00e7ar-se per a trobar eixa formaci\u00f3 d&#8217;alt nivell. En el context actual, \u00e9s m\u00e9s important si cap l&#8217;ajuda a parcs empresarials com el de Riba-roja, que a m\u00e9s ha resultat afectat per la dana\u201d. \u201cLa iniciativa enfortix la dinamitzaci\u00f3 econ\u00f2mica dels nostres pobles i ciutats, que \u00e9s el principal eix d&#8217;actuaci\u00f3 de la delegaci\u00f3 de Promoci\u00f3 Econ\u00f2mica que hem posat en marxa en la Diputaci\u00f3&#8221;, ha assenyalat la vicepresidenta en el municipi del Camp de T\u00faria, on ha participat en l&#8217;obertura de la jornada al costat de l&#8217;alcalde, Robert Raga, i la nova presidenta de FEPEVAL, Patricia Mu\u00f1oz.<\/p>\n\n\n\n<p class=\"wp-block-paragraph\">La responsable de la Federaci\u00f3 de Parcs Empresarials de la Comunitat Valenciana ha agra\u00eft a la Diputaci\u00f3 la seua implicaci\u00f3 amb el teixit empresarial i la subvenci\u00f3 de 120.000 euros que ha servit per a impulsar el Formworking a les comarques, amb la coordinaci\u00f3 de FEPEVAL i l&#8217;ajuda dels ajuntaments, que actuen com a facilitadors i reforcen al mateix temps la seua relaci\u00f3 amb les empreses del seu entorn. Patricia Mu\u00f1oz, qui va assumir el c\u00e0rrec este mateix dilluns, ha subratllat &#8220;la import\u00e0ncia de d&#8217;impulsar accions de col\u00b7laboraci\u00f3 p\u00fablic-privada que promoguen la formaci\u00f3 de les empreses en \u00e0rees estrat\u00e8giques i afavorisquen la creaci\u00f3 de sinergies en el teixit empresarial a nivell comarcal. Esta iniciativa, en la qual la Diputaci\u00f3 torna a confiar en FEPEVAL, \u00e9s un clar exemple i estem encantats de participar en el seu desenvolupament a trav\u00e9s de les nostres entitats federades\u201d.<\/p>\n\n\n\n<p class=\"wp-block-paragraph\">La jornada de Riba-roja ha comen\u00e7at amb un networking entre els empresaris, ha continuat amb la benvinguda institucional i s&#8217;ha completat amb la sessi\u00f3 de treball. Nat\u00e0lia Enguix ha animat als participants a \u201ccontinuar millorant la competitivitat de les seues empreses\u201d i ha assenyalat que la Diputaci\u00f3 \u201ccontinuar\u00e0 impulsant, al costat dels ajuntaments, l&#8217;economia local a les comarques, amb iniciatives com el Formworking, els bons comer\u00e7 dana i el Pla Obert, un programa inversor amb 350 milions d&#8217;euros que finan\u00e7a milers de projectes executats per empreses que operen als nostres pobles i ciutats\u201d.<\/p>\n\n\n\n<p class=\"wp-block-paragraph\"><strong>Formadors i sessions<\/strong><\/p>\n\n\n\n<p class=\"wp-block-paragraph\">Riba-roja ha obert la segona edici\u00f3 del Formworking de la Diputaci\u00f3 amb la sessi\u00f3 dirigida pel soci\u00f2leg i director comercial Eduardo Rosser. El formador, expert consultor i coach, ha abordat l&#8217;habilitat directiva \u2018Negociaci\u00f3\u2019 davant prop de 30 empreses del Camp de T\u00faria que han superat les places previstes per a la jornada inaugural. Sense abandonar el municipi, el dimecres 24 tindr\u00e0 lloc una segona jornada a c\u00e0rrec de Pepe Crespo, doctor en Enginyeria Gr\u00e0fica per la UPV i llicenciat en Ci\u00e8ncies de la Informaci\u00f3 per la Complutense de Madrid. Crespo exposar\u00e0 un m\u00e8tode de reflexi\u00f3 i dinamitzaci\u00f3 estrat\u00e8gica per a definir objectius de present i futur, amb el t\u00edtol \u2018Aclarir abans de planificar\u2019.<\/p>\n\n\n\n<p class=\"wp-block-paragraph\">El dilluns 22 de setembre ser\u00e0 la bloguera, podcaster i conferenciant Reme Egea, creadora del projecte \u2018Amb els peus a l\u2019Aula\u2019, la que conduir\u00e0 la primera de les jornades programades a L&#8217;Olleria. Tamb\u00e9 en el municipi de la Vall d&#8217;Albaida tindr\u00e0 lloc una segona sessi\u00f3 amb Eduardo Rosser, fixada per al 2 d&#8217;octubre. De la Vall saltem a l&#8217;Horta Sud, en concret a Massanassa, on estan previstes les sessions formatives de Pepe Crespo, el 30 de setembre, i de Reme Egea, el 7 d&#8217;octubre.<\/p>\n\n\n\n<p class=\"wp-block-paragraph\">Ll\u00edria acollir\u00e0 el Formworking de la Diputaci\u00f3 el dimarts 14 d&#8217;octubre, amb Pepe Crespo com a formador; i el divendres 17 del mateix mes, amb la intervenci\u00f3 de la periodista i consultora en Comunicaci\u00f3 Maribel Vilaplana. Tamb\u00e9 a l&#8217;octubre, el programa de formaci\u00f3 comarcal de la Diputaci\u00f3 es trasllada a la Costera, amb les jornades de Bernardo Perales, que acumula quatre d\u00e8cades d&#8217;experi\u00e8ncia en vendes i direcci\u00f3 comercial, liderant projectes d&#8217;\u00e8xit per a empreses com a Via Digital, Telyco i Telef\u00f3nica, i Reme Egea a Canals, el dimarts 21 i el dimecres 29 respectivament.<\/p>\n\n\n\n<p class=\"wp-block-paragraph\">El Formworking arribar\u00e0 a la Safor el 30 de setembre, amb la sessi\u00f3 a Vilallonga a c\u00e0rrec d&#8217;Eduardo Rosser. La segona cita ser\u00e0 el dimecres 5 de novembre amb Reme Egea com a formadora. De la Safor ens en anem a l&#8217;Horta Nord, amb les jornades de Pu\u00e7ol el dijous 6 de novembre, a c\u00e0rrec del doctor \u2018cum laude\u2019 en Direcci\u00f3 d&#8217;Empreses Jos\u00e9 Antonio Moreno, i el dimecres 12 amb Reme Egea. I aix\u00ed arribem a l&#8217;\u00faltima de les cites, que trobem a la Ribera Alta i el municipi d&#8217;Alberic, que rebr\u00e0 a Pepe Crespo el dimecres 19 de novembre, i tancar\u00e0 la segona edici\u00f3 del Formworking de la Diputaci\u00f3 el dimarts 25 amb Maribel Vilaplana.<\/p>\n\n\n\n<figure class=\"wp-block-image size-large\"><img loading=\"lazy\" decoding=\"async\" width=\"1024\" height=\"699\" src=\"http:\/\/www.tucomarca.com\/wordpress\/segunda\/wp-content\/uploads\/2025\/09\/Formworking-Riba-roja-3-1024x699.jpg\" alt=\"\" class=\"wp-image-279385\" srcset=\"https:\/\/tucomarca.whitekongsoftware.com\/wp-content\/uploads\/2025\/09\/Formworking-Riba-roja-3-1024x699.jpg 1024w, https:\/\/tucomarca.whitekongsoftware.com\/wp-content\/uploads\/2025\/09\/Formworking-Riba-roja-3-300x205.jpg 300w, https:\/\/tucomarca.whitekongsoftware.com\/wp-content\/uploads\/2025\/09\/Formworking-Riba-roja-3-768x525.jpg 768w, https:\/\/tucomarca.whitekongsoftware.com\/wp-content\/uploads\/2025\/09\/Formworking-Riba-roja-3-1536x1049.jpg 1536w, https:\/\/tucomarca.whitekongsoftware.com\/wp-content\/uploads\/2025\/09\/Formworking-Riba-roja-3-2048x1399.jpg 2048w\" sizes=\"auto, (max-width: 1024px) 100vw, 1024px\" \/><\/figure>\n","protected":false},"excerpt":{"rendered":"<div class=\"mh-excerpt\">La vicepresidenta Nat\u00e0lia Enguix destaca que \u201cl&#8217;\u00e8xit del teixit empresarial \u00e9s el dels nostres pobles i comarques. Per aix\u00f2 consolidem la formaci\u00f3 en els municipis industrials per als seus directius\u201d. La Federaci\u00f3 de Parcs Empresarials <a class=\"mh-excerpt-more\" href=\"https:\/\/tucomarca.whitekongsoftware.com\/ca\/la-diputacio-porta-a-riba-roja-formacio-dalta-qualitat-per-a-empreses-afectades-per-la-dana-a-traves-del-formworking\/\" title=\"La Diputaci\u00f3 porta a Riba-roja formaci\u00f3 d&#8217;alta qualitat per a empreses afectades per la dana a trav\u00e9s del Formworking\">[+] <\/a><\/div>\n","protected":false},"author":12,"featured_media":279384,"comment_status":"open","ping_status":"open","sticky":false,"template":"","format":"standard","meta":{"footnotes":""},"categories":[10892,21466,10898,10948,10894,10904,10903,10947,10906,10896,10897],"tags":[10899,15409,11199,21009,11102],"class_list":["post-279388","post","type-post","status-publish","format-standard","has-post-thumbnail","category-camp-de-turia-ca","category-dana-ca","category-ventana-ca","category-infraestructuras-ca","category-la-comarca-ca","category-sin-categorizar-ca","category-medio-ambiente-la-comarca-ca","category-politica","category-riba-roja-ca","category-seccion-ca","category-sucesos-la-comarca-ca","tag-camp-de-turia-ca","tag-dana-2-ca","tag-la-comunitat-ca","tag-la-diputacio-de-valencia-ca","tag-riba-roja-2-ca"],"_links":{"self":[{"href":"https:\/\/tucomarca.whitekongsoftware.com\/ca\/wp-json\/wp\/v2\/posts\/279388","targetHints":{"allow":["GET"]}}],"collection":[{"href":"https:\/\/tucomarca.whitekongsoftware.com\/ca\/wp-json\/wp\/v2\/posts"}],"about":[{"href":"https:\/\/tucomarca.whitekongsoftware.com\/ca\/wp-json\/wp\/v2\/types\/post"}],"author":[{"embeddable":true,"href":"https:\/\/tucomarca.whitekongsoftware.com\/ca\/wp-json\/wp\/v2\/users\/12"}],"replies":[{"embeddable":true,"href":"https:\/\/tucomarca.whitekongsoftware.com\/ca\/wp-json\/wp\/v2\/comments?post=279388"}],"version-history":[{"count":0,"href":"https:\/\/tucomarca.whitekongsoftware.com\/ca\/wp-json\/wp\/v2\/posts\/279388\/revisions"}],"wp:featuredmedia":[{"embeddable":true,"href":"https:\/\/tucomarca.whitekongsoftware.com\/ca\/wp-json\/wp\/v2\/media\/279384"}],"wp:attachment":[{"href":"https:\/\/tucomarca.whitekongsoftware.com\/ca\/wp-json\/wp\/v2\/media?parent=279388"}],"wp:term":[{"taxonomy":"category","embeddable":true,"href":"https:\/\/tucomarca.whitekongsoftware.com\/ca\/wp-json\/wp\/v2\/categories?post=279388"},{"taxonomy":"post_tag","embeddable":true,"href":"https:\/\/tucomarca.whitekongsoftware.com\/ca\/wp-json\/wp\/v2\/tags?post=279388"}],"curies":[{"name":"wp","href":"https:\/\/api.w.org\/{rel}","templated":true}]}}