{"id":279307,"date":"2025-09-16T11:00:00","date_gmt":"2025-09-16T09:00:00","guid":{"rendered":"https:\/\/www.tucomarca.com\/wordpress\/segunda\/?p=279307"},"modified":"2025-09-16T19:21:48","modified_gmt":"2025-09-16T17:21:48","slug":"turis-es-prepara-per-a-tancar-les-celebracions-en-honor-a-la-mare-de-deu-dels-dolors-gloriosos","status":"publish","type":"post","link":"https:\/\/tucomarca.whitekongsoftware.com\/ca\/turis-es-prepara-per-a-tancar-les-celebracions-en-honor-a-la-mare-de-deu-dels-dolors-gloriosos\/","title":{"rendered":"Tur\u00eds es prepara per a tancar les celebracions en honor a la Mare de D\u00e9u dels Dolors Gloriosos"},"content":{"rendered":"\n<p class=\"wp-block-paragraph\">Tur\u00eds es disposa a finalitzar les celebracions amb motiu de la festa can\u00f2nica de la seua patrona, la Mare de D\u00e9u dels Dolors Gloriosos<\/p>\n\n\n\n<p class=\"wp-block-paragraph\">Enguany ho faran d&#8217;una manera molt especial amb motiu de la commemoraci\u00f3 del 75 aniversari de la seua coronaci\u00f3 per l&#8217;Arquebisbe Marcelino Olaechea.<\/p>\n\n\n\n<p class=\"wp-block-paragraph\">Coincidint amb el dia de la coronaci\u00f3, 17 de setembre, dem\u00e0 dimarts se celebrar\u00e0 missa Solemne a les 20.00 en el temple parroquial presidida per l&#8217;Arquebisbe de Val\u00e8ncia Don Enrique Benavent.<\/p>\n\n\n\n<p class=\"wp-block-paragraph\">Tot seguit la imatge de la patrona pujar\u00e0 en process\u00f3 a l&#8217;ermita a coll dels portadors, acompanyada per les clavariesas d&#8217;enguany, que s&#8217;han encarregat d&#8217;organitzar els festejos amb tota l&#8217;esplendor, i per representants de l&#8217;ajuntament i d&#8217;entitats i associacions.<\/p>\n\n\n\n<p class=\"wp-block-paragraph\">Amb aquest acte culminen quinze dies enfocats a la devoci\u00f3 per aquesta advocaci\u00f3 tan singular de Mar\u00eda. La romeria al monument dedicat a la patrona en el Pi Gros, la tradicional novena i el besamans van donar pas el diumenge a la missa presidida pel bisbe auxiliar de Val\u00e8ncia, Don Arturo Garc\u00eda, i a la process\u00f3 vespertina amb gran participaci\u00f3.<\/p>\n\n\n\n<p class=\"wp-block-paragraph\">D&#8217;altra banda, fins al dia 5 d&#8217;octubre es mantindr\u00e0 en el temple parroquial l&#8217;exposici\u00f3 sobre la coronaci\u00f3 de la Mare de D\u00e9u i la devoci\u00f3 dels turisanos. A m\u00e9s de fotografies i gravats s&#8217;exposen vestits i mantells, entre ells els que portava la imatge en el dia de la coronaci\u00f3.<\/p>\n\n\n\n<p class=\"wp-block-paragraph\">Pel que sembla, la intenci\u00f3 \u00e9s que la imatge torne a portar eixes vestidures el dia 2 de novembre, quan realitzar\u00e0 la segona eixida extraordin\u00e0ria al cementeri. En falles de Tur\u00eds la Mare de D\u00e9u dels Dolors Gloriosos va presidir per primera vegada en la hist\u00f2ria l&#8217;ofrena fallera de Tur\u00eds.<\/p>\n\n\n\n<figure class=\"wp-block-gallery has-nested-images columns-1 is-cropped wp-block-gallery-1 is-layout-flex wp-block-gallery-is-layout-flex\">\n<figure class=\"wp-block-image size-large\"><img loading=\"lazy\" decoding=\"async\" width=\"1024\" height=\"768\" data-id=\"279299\" src=\"https:\/\/www.tucomarca.com\/wordpress\/segunda\/wp-content\/uploads\/2025\/09\/TurisAniversariMarede-Deu01-1024x768.jpeg\" alt=\"\" class=\"wp-image-279299\" srcset=\"https:\/\/tucomarca.whitekongsoftware.com\/wp-content\/uploads\/2025\/09\/TurisAniversariMarede-Deu01-1024x768.jpeg 1024w, https:\/\/tucomarca.whitekongsoftware.com\/wp-content\/uploads\/2025\/09\/TurisAniversariMarede-Deu01-300x225.jpeg 300w, https:\/\/tucomarca.whitekongsoftware.com\/wp-content\/uploads\/2025\/09\/TurisAniversariMarede-Deu01-768x576.jpeg 768w, https:\/\/tucomarca.whitekongsoftware.com\/wp-content\/uploads\/2025\/09\/TurisAniversariMarede-Deu01-1536x1152.jpeg 1536w, https:\/\/tucomarca.whitekongsoftware.com\/wp-content\/uploads\/2025\/09\/TurisAniversariMarede-Deu01-678x509.jpeg 678w, https:\/\/tucomarca.whitekongsoftware.com\/wp-content\/uploads\/2025\/09\/TurisAniversariMarede-Deu01-326x245.jpeg 326w, https:\/\/tucomarca.whitekongsoftware.com\/wp-content\/uploads\/2025\/09\/TurisAniversariMarede-Deu01-80x60.jpeg 80w, https:\/\/tucomarca.whitekongsoftware.com\/wp-content\/uploads\/2025\/09\/TurisAniversariMarede-Deu01.jpeg 1600w\" sizes=\"auto, (max-width: 1024px) 100vw, 1024px\" \/><\/figure>\n\n\n\n<figure class=\"wp-block-image size-large\"><img loading=\"lazy\" decoding=\"async\" width=\"1024\" height=\"768\" data-id=\"279301\" src=\"https:\/\/www.tucomarca.com\/wordpress\/segunda\/wp-content\/uploads\/2025\/09\/TurisAniversariMarede-Deu02-1024x768.jpg\" alt=\"\" class=\"wp-image-279301\" srcset=\"https:\/\/tucomarca.whitekongsoftware.com\/wp-content\/uploads\/2025\/09\/TurisAniversariMarede-Deu02-1024x768.jpg 1024w, https:\/\/tucomarca.whitekongsoftware.com\/wp-content\/uploads\/2025\/09\/TurisAniversariMarede-Deu02-300x225.jpg 300w, https:\/\/tucomarca.whitekongsoftware.com\/wp-content\/uploads\/2025\/09\/TurisAniversariMarede-Deu02-768x576.jpg 768w, https:\/\/tucomarca.whitekongsoftware.com\/wp-content\/uploads\/2025\/09\/TurisAniversariMarede-Deu02-678x509.jpg 678w, https:\/\/tucomarca.whitekongsoftware.com\/wp-content\/uploads\/2025\/09\/TurisAniversariMarede-Deu02-326x245.jpg 326w, https:\/\/tucomarca.whitekongsoftware.com\/wp-content\/uploads\/2025\/09\/TurisAniversariMarede-Deu02-80x60.jpg 80w, https:\/\/tucomarca.whitekongsoftware.com\/wp-content\/uploads\/2025\/09\/TurisAniversariMarede-Deu02.jpg 1063w\" sizes=\"auto, (max-width: 1024px) 100vw, 1024px\" \/><\/figure>\n\n\n\n<figure class=\"wp-block-image size-large\"><img loading=\"lazy\" decoding=\"async\" width=\"1024\" height=\"768\" data-id=\"279303\" src=\"https:\/\/www.tucomarca.com\/wordpress\/segunda\/wp-content\/uploads\/2025\/09\/TurisAniversariMarede-Deu03-1024x768.jpg\" alt=\"\" class=\"wp-image-279303\" srcset=\"https:\/\/tucomarca.whitekongsoftware.com\/wp-content\/uploads\/2025\/09\/TurisAniversariMarede-Deu03-1024x768.jpg 1024w, https:\/\/tucomarca.whitekongsoftware.com\/wp-content\/uploads\/2025\/09\/TurisAniversariMarede-Deu03-300x225.jpg 300w, https:\/\/tucomarca.whitekongsoftware.com\/wp-content\/uploads\/2025\/09\/TurisAniversariMarede-Deu03-768x576.jpg 768w, https:\/\/tucomarca.whitekongsoftware.com\/wp-content\/uploads\/2025\/09\/TurisAniversariMarede-Deu03-678x509.jpg 678w, https:\/\/tucomarca.whitekongsoftware.com\/wp-content\/uploads\/2025\/09\/TurisAniversariMarede-Deu03-326x245.jpg 326w, https:\/\/tucomarca.whitekongsoftware.com\/wp-content\/uploads\/2025\/09\/TurisAniversariMarede-Deu03-80x60.jpg 80w, https:\/\/tucomarca.whitekongsoftware.com\/wp-content\/uploads\/2025\/09\/TurisAniversariMarede-Deu03.jpg 1063w\" sizes=\"auto, (max-width: 1024px) 100vw, 1024px\" \/><\/figure>\n<\/figure>\n","protected":false},"excerpt":{"rendered":"<div class=\"mh-excerpt\">Tur\u00eds es disposa a finalitzar les celebracions amb motiu de la festa can\u00f2nica de la seua patrona, la Mare de D\u00e9u dels Dolors Gloriosos Enguany ho faran d&#8217;una manera molt especial amb motiu de la <a class=\"mh-excerpt-more\" href=\"https:\/\/tucomarca.whitekongsoftware.com\/ca\/turis-es-prepara-per-a-tancar-les-celebracions-en-honor-a-la-mare-de-deu-dels-dolors-gloriosos\/\" title=\"Tur\u00eds es prepara per a tancar les celebracions en honor a la Mare de D\u00e9u dels Dolors Gloriosos\">[+] <\/a><\/div>\n","protected":false},"author":12,"featured_media":279306,"comment_status":"open","ping_status":"open","sticky":false,"template":"","format":"gallery","meta":{"footnotes":""},"categories":[11019,10894,10902,11004,11007,11008,10896,11047],"tags":[11356,11093],"class_list":["post-279307","post","type-post","status-publish","format-gallery","has-post-thumbnail","category-agenda-ca","category-la-comarca-ca","category-la-ribera-ca","category-la-semana-en-imagenes-ca","category-ocio-y-cultura-ca","category-pueblos-en-fiestas-ca","category-seccion-ca","category-turis-ca","tag-ribera-alta-ca","tag-turis-ca","post_format-post-format-gallery"],"_links":{"self":[{"href":"https:\/\/tucomarca.whitekongsoftware.com\/ca\/wp-json\/wp\/v2\/posts\/279307","targetHints":{"allow":["GET"]}}],"collection":[{"href":"https:\/\/tucomarca.whitekongsoftware.com\/ca\/wp-json\/wp\/v2\/posts"}],"about":[{"href":"https:\/\/tucomarca.whitekongsoftware.com\/ca\/wp-json\/wp\/v2\/types\/post"}],"author":[{"embeddable":true,"href":"https:\/\/tucomarca.whitekongsoftware.com\/ca\/wp-json\/wp\/v2\/users\/12"}],"replies":[{"embeddable":true,"href":"https:\/\/tucomarca.whitekongsoftware.com\/ca\/wp-json\/wp\/v2\/comments?post=279307"}],"version-history":[{"count":0,"href":"https:\/\/tucomarca.whitekongsoftware.com\/ca\/wp-json\/wp\/v2\/posts\/279307\/revisions"}],"wp:featuredmedia":[{"embeddable":true,"href":"https:\/\/tucomarca.whitekongsoftware.com\/ca\/wp-json\/wp\/v2\/media\/279306"}],"wp:attachment":[{"href":"https:\/\/tucomarca.whitekongsoftware.com\/ca\/wp-json\/wp\/v2\/media?parent=279307"}],"wp:term":[{"taxonomy":"category","embeddable":true,"href":"https:\/\/tucomarca.whitekongsoftware.com\/ca\/wp-json\/wp\/v2\/categories?post=279307"},{"taxonomy":"post_tag","embeddable":true,"href":"https:\/\/tucomarca.whitekongsoftware.com\/ca\/wp-json\/wp\/v2\/tags?post=279307"}],"curies":[{"name":"wp","href":"https:\/\/api.w.org\/{rel}","templated":true}]}}