{"id":279161,"date":"2025-09-15T13:45:00","date_gmt":"2025-09-15T11:45:00","guid":{"rendered":"https:\/\/www.tucomarca.com\/wordpress\/segunda\/?p=279161"},"modified":"2025-09-15T20:44:23","modified_gmt":"2025-09-15T18:44:23","slug":"benaguasil-formara-part-del-projecte-europeu-bridging-heritage-per-a-posar-en-valor-la-contribucio-de-les-dones-al-desenvolupament-cultural-europeu","status":"publish","type":"post","link":"https:\/\/tucomarca.whitekongsoftware.com\/ca\/benaguasil-formara-part-del-projecte-europeu-bridging-heritage-per-a-posar-en-valor-la-contribucio-de-les-dones-al-desenvolupament-cultural-europeu\/","title":{"rendered":"Benaguasil formar\u00e0 part del projecte europeu \u201cBridging HERitage\u201d per a posar en valor la contribuci\u00f3 de les dones al desenvolupament cultural europeu"},"content":{"rendered":"\n<h3 class=\"wp-block-heading\">El projecte ha obtingut un finan\u00e7ament europeu de m\u00e9s de 150.000 euros, que es repartiran entre els diferents socis del projecte.<\/h3>\n\n\n\n<p class=\"wp-block-paragraph\">L\u2019Ajuntament de Benaguasil ha sigut seleccionat com a soci en el projecte europeu \u201cBridging HERitage \u2013 Women\u2019s Contribution to European Cultural Development\u201d, una iniciativa finan\u00e7ada per la Comissi\u00f3 Europea a trav\u00e9s del programa CERV \u2013 Ciutadania, Igualtat, Drets i Valors. El projecte t\u00e9 una duraci\u00f3 de 24 mesos i compta amb la participaci\u00f3 d\u2019entitats de huit pa\u00efsos europeus.<\/p>\n\n\n\n<p class=\"wp-block-paragraph\">L\u2019objectiu de Bridging HERitage \u00e9s recon\u00e9ixer i visibilitzar el paper de les dones en la hist\u00f2ria i en el desenvolupament cultural d\u2019Europa, posant en valor les seues contribucions en \u00e0mbits com l\u2019art, la literatura, la ci\u00e8ncia, la pol\u00edtica i l\u2019activisme social. A trav\u00e9s d\u2019activitats culturals, educatives i participatives, es fomentar\u00e0 la igualtat de g\u00e8nere i es donar\u00e0 veu a les dones de totes les edats, or\u00edgens i condicions, enfortint la cohesi\u00f3 social i el patrimoni cultural compartit.<\/p>\n\n\n\n<p class=\"wp-block-paragraph\">Durant els pr\u00f2xims dos anys, Benaguasil acollir\u00e0 esdeveniments, tallers i exposicions destinats a sensibilitzar la ciutadania sobre la import\u00e0ncia de la igualtat en la representaci\u00f3 cultural, a m\u00e9s de participar en accions conjuntes amb la resta de socis europeus. Entre els pa\u00efsos participants es troben Pa\u00efsos Baixos, Pol\u00f2nia, S\u00e8rbia, It\u00e0lia, Portugal, Let\u00f2nia, Romania i Ucra\u00efna.<\/p>\n\n\n\n<p class=\"wp-block-paragraph\">Stephane Soriano, regidor de Projectes Europeus, ha destacat que \u201cesta \u00e9s una bona oportunitat per a projectar Benaguasil en l\u2019\u00e0mbit europeu i, al mateix temps, promoure una reflexi\u00f3 col\u00b7lectiva sobre la import\u00e0ncia de les dones en la construcci\u00f3 de la nostra identitat cultural\u201d.<\/p>\n\n\n\n<p class=\"wp-block-paragraph\">Amb esta participaci\u00f3, el municipi referma el seu comprom\u00eds amb la igualtat de g\u00e8nere, la cooperaci\u00f3 internacional i la promoci\u00f3 dels valors europeus.<\/p>\n","protected":false},"excerpt":{"rendered":"<div class=\"mh-excerpt\">El projecte ha obtingut un finan\u00e7ament europeu de m\u00e9s de 150.000 euros, que es repartiran entre els diferents socis del projecte. L\u2019Ajuntament de Benaguasil ha sigut seleccionat com a soci en el projecte europeu \u201cBridging <a class=\"mh-excerpt-more\" href=\"https:\/\/tucomarca.whitekongsoftware.com\/ca\/benaguasil-formara-part-del-projecte-europeu-bridging-heritage-per-a-posar-en-valor-la-contribucio-de-les-dones-al-desenvolupament-cultural-europeu\/\" title=\"Benaguasil formar\u00e0 part del projecte europeu \u201cBridging HERitage\u201d per a posar en valor la contribuci\u00f3 de les dones al desenvolupament cultural europeu\">[+] <\/a><\/div>\n","protected":false},"author":12,"featured_media":279159,"comment_status":"open","ping_status":"open","sticky":false,"template":"","format":"standard","meta":{"footnotes":""},"categories":[11019,10952,10892,10894,11007,10947,10896],"tags":[22990,10899,20417],"class_list":["post-279161","post","type-post","status-publish","format-standard","has-post-thumbnail","category-agenda-ca","category-benaguasil-ca","category-camp-de-turia-ca","category-la-comarca-ca","category-ocio-y-cultura-ca","category-politica","category-seccion-ca","tag-bridging-heritage-ca","tag-camp-de-turia-ca","tag-proyecto-europeo-ca"],"_links":{"self":[{"href":"https:\/\/tucomarca.whitekongsoftware.com\/ca\/wp-json\/wp\/v2\/posts\/279161","targetHints":{"allow":["GET"]}}],"collection":[{"href":"https:\/\/tucomarca.whitekongsoftware.com\/ca\/wp-json\/wp\/v2\/posts"}],"about":[{"href":"https:\/\/tucomarca.whitekongsoftware.com\/ca\/wp-json\/wp\/v2\/types\/post"}],"author":[{"embeddable":true,"href":"https:\/\/tucomarca.whitekongsoftware.com\/ca\/wp-json\/wp\/v2\/users\/12"}],"replies":[{"embeddable":true,"href":"https:\/\/tucomarca.whitekongsoftware.com\/ca\/wp-json\/wp\/v2\/comments?post=279161"}],"version-history":[{"count":0,"href":"https:\/\/tucomarca.whitekongsoftware.com\/ca\/wp-json\/wp\/v2\/posts\/279161\/revisions"}],"wp:featuredmedia":[{"embeddable":true,"href":"https:\/\/tucomarca.whitekongsoftware.com\/ca\/wp-json\/wp\/v2\/media\/279159"}],"wp:attachment":[{"href":"https:\/\/tucomarca.whitekongsoftware.com\/ca\/wp-json\/wp\/v2\/media?parent=279161"}],"wp:term":[{"taxonomy":"category","embeddable":true,"href":"https:\/\/tucomarca.whitekongsoftware.com\/ca\/wp-json\/wp\/v2\/categories?post=279161"},{"taxonomy":"post_tag","embeddable":true,"href":"https:\/\/tucomarca.whitekongsoftware.com\/ca\/wp-json\/wp\/v2\/tags?post=279161"}],"curies":[{"name":"wp","href":"https:\/\/api.w.org\/{rel}","templated":true}]}}