{"id":279123,"date":"2025-09-15T12:00:00","date_gmt":"2025-09-15T10:00:00","guid":{"rendered":"https:\/\/www.tucomarca.com\/wordpress\/segunda\/?p=279123"},"modified":"2025-09-15T18:20:41","modified_gmt":"2025-09-15T16:20:41","slug":"godelleta-installa-noves-marquesines-escolars-en-el-transport-escolar-durbanitzacions-i-disseminats","status":"publish","type":"post","link":"https:\/\/tucomarca.whitekongsoftware.com\/ca\/godelleta-installa-noves-marquesines-escolars-en-el-transport-escolar-durbanitzacions-i-disseminats\/","title":{"rendered":"Godelleta instal\u00b7la noves marquesines escolars en el transport escolar d&#8217;urbanitzacions i disseminats"},"content":{"rendered":"\n<h3 class=\"wp-block-heading\">Les noves instal\u00b7lacions milloren la seguretat i comoditat de l&#8217;alumnat en els punts de recollida de bus escolar d&#8217;urbanitzacions i disseminats del terme municipal.<\/h3>\n\n\n\n<p class=\"wp-block-paragraph\">L&#8217;Ajuntament de Godelleta inicia el curs escolar amb la culminaci\u00f3 d&#8217;un projecte molt esperat: la instal\u00b7laci\u00f3 de marquesines en les parades de transport escolar situades en urbanitzacions i zones disseminades del terme municipal.&nbsp; L&#8217;alcaldessa de Godelleta, Amparo Pardo, ha subratllat la import\u00e0ncia d&#8217;aquest avan\u00e7: \u201cVol\u00edem que xiquets i xiquetes que viuen en urbanitzacions i disseminats tingueren un entorn segur mentre esperen el transport escolar. \u00c9s el resultat d&#8217;un projecte molt prioritari en l&#8217;equip de govern, dut a terme amb el Pla d&#8217;inversions 22-23, agraint la col\u00b7laboraci\u00f3 de la Diputaci\u00f3 de Val\u00e8ncia\u201d.<\/p>\n\n\n\n<p class=\"wp-block-paragraph\">A m\u00e9s, Vicente Ruiz, regidor de l&#8217;\u00e0rea de medi ambient destaca: \u201cAquest projecte representa una iniciativa ferma per millorar la qualitat del servei p\u00fablic, refor\u00e7ar la seguretat de l&#8217;alumnat i fomentar una mobilitat m\u00e9s sostenible\u201d. Aix\u00ed mateix, Max Prades, regidor d&#8217;Economia, Hisenda, Contractaci\u00f3, Urbanitzacions i Disseminats afirma: \u201cLes noves marquesines no sols ofereixen protecci\u00f3 enfront de les inclem\u00e8ncies del temps, sin\u00f3 que tamb\u00e9 creen espais m\u00e9s c\u00f2modes, accessibles i funcionals per a les fam\u00edlies residents en urbanitzacions i disseminats. Amb aquesta actuaci\u00f3, es promou el benestar ciutad\u00e0 en l&#8217;\u00e0mbit educatiu, amplificat en tot el terme municipal.\u201d<\/p>\n\n\n\n<p class=\"wp-block-paragraph\">Les noves estructures es troben al Carrer Lugo, Montsec, El Quemao, Carrer Albacete i Cimeres de Calicanto. S&#8217;han dissenyat i instal\u00b7lat a c\u00e0rrec de NEMAIN LLEVANT SL, realitzant uns models \u00fanics per a aquest projecte que destaquen per una versi\u00f3 moderna i avantguardista, aportant valor i est\u00e8tica al municipi. Cada marquesina compta amb zona ensostrada, llum solar, bancs de descans, paperera, panell informatiu i aparcament per a bicicletes, oferint aix\u00ed un espai m\u00e9s segur, c\u00f2mode i funcional per a l&#8217;alumnat.&nbsp;<\/p>\n\n\n\n<p class=\"wp-block-paragraph\">Per part seua, el regidor d&#8217;Agricultura, Transports i Comer\u00e7, Jos\u00e9 Miguel Caballero, ha assenyalat: \u201cLes noves marquesines comptaran amb un codi QR on es podr\u00e0 tindre un acc\u00e9s r\u00e0pid a una guia telef\u00f2nica d&#8217;inter\u00e9s, tant de tel\u00e8fons d&#8217;emerg\u00e8ncia com de comer\u00e7os o serveis del terme, que s&#8217;anir\u00e0 actualitzant en funci\u00f3 de les necessitats.\u201d<\/p>\n\n\n\n<p class=\"wp-block-paragraph\">Des de l&#8217;\u00e0rea d&#8217;Educaci\u00f3, la regidora Paqui Rico ha destacat l&#8217;impacte positiu en el dia a dia escolar: \u201cLa seguretat de l&#8217;alumnat \u00e9s una prioritat. Aquestes marquesines permeten que l&#8217;estudiantat espere l&#8217;autob\u00fas en condicions adequades, i que les fam\u00edlies tinguen un punt de trobada m\u00e9s c\u00f2moda. \u00c9s una inversi\u00f3 en benestar i en qualitat educativa.\u201d<\/p>\n\n\n\n<figure class=\"wp-block-gallery has-nested-images columns-2 is-cropped wp-block-gallery-1 is-layout-flex wp-block-gallery-is-layout-flex\">\n<figure class=\"wp-block-image size-large\"><img loading=\"lazy\" decoding=\"async\" width=\"1024\" height=\"577\" data-id=\"279119\" src=\"https:\/\/www.tucomarca.com\/wordpress\/segunda\/wp-content\/uploads\/2025\/09\/GodelletaMarquesinas01-1024x577.jpg\" alt=\"\" class=\"wp-image-279119\" srcset=\"https:\/\/tucomarca.whitekongsoftware.com\/wp-content\/uploads\/2025\/09\/GodelletaMarquesinas01-1024x577.jpg 1024w, https:\/\/tucomarca.whitekongsoftware.com\/wp-content\/uploads\/2025\/09\/GodelletaMarquesinas01-300x169.jpg 300w, https:\/\/tucomarca.whitekongsoftware.com\/wp-content\/uploads\/2025\/09\/GodelletaMarquesinas01-768x433.jpg 768w, https:\/\/tucomarca.whitekongsoftware.com\/wp-content\/uploads\/2025\/09\/GodelletaMarquesinas01-678x381.jpg 678w, https:\/\/tucomarca.whitekongsoftware.com\/wp-content\/uploads\/2025\/09\/GodelletaMarquesinas01.jpg 1280w\" sizes=\"auto, (max-width: 1024px) 100vw, 1024px\" \/><\/figure>\n\n\n\n<figure class=\"wp-block-image size-large\"><img loading=\"lazy\" decoding=\"async\" width=\"1024\" height=\"577\" data-id=\"279117\" src=\"https:\/\/www.tucomarca.com\/wordpress\/segunda\/wp-content\/uploads\/2025\/09\/GodelletaMarquesinas06-1024x577.jpg\" alt=\"\" class=\"wp-image-279117\" srcset=\"https:\/\/tucomarca.whitekongsoftware.com\/wp-content\/uploads\/2025\/09\/GodelletaMarquesinas06-1024x577.jpg 1024w, https:\/\/tucomarca.whitekongsoftware.com\/wp-content\/uploads\/2025\/09\/GodelletaMarquesinas06-300x169.jpg 300w, https:\/\/tucomarca.whitekongsoftware.com\/wp-content\/uploads\/2025\/09\/GodelletaMarquesinas06-768x433.jpg 768w, https:\/\/tucomarca.whitekongsoftware.com\/wp-content\/uploads\/2025\/09\/GodelletaMarquesinas06-678x381.jpg 678w, https:\/\/tucomarca.whitekongsoftware.com\/wp-content\/uploads\/2025\/09\/GodelletaMarquesinas06.jpg 1280w\" sizes=\"auto, (max-width: 1024px) 100vw, 1024px\" \/><\/figure>\n\n\n\n<figure class=\"wp-block-image size-large\"><img loading=\"lazy\" decoding=\"async\" width=\"1024\" height=\"577\" data-id=\"279115\" src=\"https:\/\/www.tucomarca.com\/wordpress\/segunda\/wp-content\/uploads\/2025\/09\/GodelletaMarquesinas05-1024x577.jpg\" alt=\"\" class=\"wp-image-279115\" srcset=\"https:\/\/tucomarca.whitekongsoftware.com\/wp-content\/uploads\/2025\/09\/GodelletaMarquesinas05-1024x577.jpg 1024w, https:\/\/tucomarca.whitekongsoftware.com\/wp-content\/uploads\/2025\/09\/GodelletaMarquesinas05-300x169.jpg 300w, https:\/\/tucomarca.whitekongsoftware.com\/wp-content\/uploads\/2025\/09\/GodelletaMarquesinas05-768x433.jpg 768w, https:\/\/tucomarca.whitekongsoftware.com\/wp-content\/uploads\/2025\/09\/GodelletaMarquesinas05-678x381.jpg 678w, https:\/\/tucomarca.whitekongsoftware.com\/wp-content\/uploads\/2025\/09\/GodelletaMarquesinas05.jpg 1280w\" sizes=\"auto, (max-width: 1024px) 100vw, 1024px\" \/><\/figure>\n\n\n\n<figure class=\"wp-block-image size-large\"><img loading=\"lazy\" decoding=\"async\" width=\"1024\" height=\"577\" data-id=\"279113\" src=\"https:\/\/www.tucomarca.com\/wordpress\/segunda\/wp-content\/uploads\/2025\/09\/GodelletaMarquesinas04-1024x577.jpg\" alt=\"\" class=\"wp-image-279113\" srcset=\"https:\/\/tucomarca.whitekongsoftware.com\/wp-content\/uploads\/2025\/09\/GodelletaMarquesinas04-1024x577.jpg 1024w, https:\/\/tucomarca.whitekongsoftware.com\/wp-content\/uploads\/2025\/09\/GodelletaMarquesinas04-300x169.jpg 300w, https:\/\/tucomarca.whitekongsoftware.com\/wp-content\/uploads\/2025\/09\/GodelletaMarquesinas04-768x433.jpg 768w, https:\/\/tucomarca.whitekongsoftware.com\/wp-content\/uploads\/2025\/09\/GodelletaMarquesinas04-678x381.jpg 678w, https:\/\/tucomarca.whitekongsoftware.com\/wp-content\/uploads\/2025\/09\/GodelletaMarquesinas04.jpg 1280w\" sizes=\"auto, (max-width: 1024px) 100vw, 1024px\" \/><\/figure>\n\n\n\n<figure class=\"wp-block-image size-large\"><img loading=\"lazy\" decoding=\"async\" width=\"1024\" height=\"577\" data-id=\"279109\" src=\"https:\/\/www.tucomarca.com\/wordpress\/segunda\/wp-content\/uploads\/2025\/09\/GodelletaMarquesinas02-1024x577.jpg\" alt=\"\" class=\"wp-image-279109\" srcset=\"https:\/\/tucomarca.whitekongsoftware.com\/wp-content\/uploads\/2025\/09\/GodelletaMarquesinas02-1024x577.jpg 1024w, https:\/\/tucomarca.whitekongsoftware.com\/wp-content\/uploads\/2025\/09\/GodelletaMarquesinas02-300x169.jpg 300w, https:\/\/tucomarca.whitekongsoftware.com\/wp-content\/uploads\/2025\/09\/GodelletaMarquesinas02-768x433.jpg 768w, https:\/\/tucomarca.whitekongsoftware.com\/wp-content\/uploads\/2025\/09\/GodelletaMarquesinas02-678x381.jpg 678w, https:\/\/tucomarca.whitekongsoftware.com\/wp-content\/uploads\/2025\/09\/GodelletaMarquesinas02.jpg 1280w\" sizes=\"auto, (max-width: 1024px) 100vw, 1024px\" \/><\/figure>\n\n\n\n<figure class=\"wp-block-image size-large\"><img loading=\"lazy\" decoding=\"async\" width=\"1024\" height=\"577\" data-id=\"279111\" src=\"https:\/\/www.tucomarca.com\/wordpress\/segunda\/wp-content\/uploads\/2025\/09\/GodelletaMarquesinas03-1024x577.jpg\" alt=\"\" class=\"wp-image-279111\" srcset=\"https:\/\/tucomarca.whitekongsoftware.com\/wp-content\/uploads\/2025\/09\/GodelletaMarquesinas03-1024x577.jpg 1024w, https:\/\/tucomarca.whitekongsoftware.com\/wp-content\/uploads\/2025\/09\/GodelletaMarquesinas03-300x169.jpg 300w, https:\/\/tucomarca.whitekongsoftware.com\/wp-content\/uploads\/2025\/09\/GodelletaMarquesinas03-768x433.jpg 768w, https:\/\/tucomarca.whitekongsoftware.com\/wp-content\/uploads\/2025\/09\/GodelletaMarquesinas03-678x381.jpg 678w, https:\/\/tucomarca.whitekongsoftware.com\/wp-content\/uploads\/2025\/09\/GodelletaMarquesinas03.jpg 1280w\" sizes=\"auto, (max-width: 1024px) 100vw, 1024px\" \/><\/figure>\n<\/figure>\n","protected":false},"excerpt":{"rendered":"<div class=\"mh-excerpt\">Les noves instal\u00b7lacions milloren la seguretat i comoditat de l&#8217;alumnat en els punts de recollida de bus escolar d&#8217;urbanitzacions i disseminats del terme municipal. L&#8217;Ajuntament de Godelleta inicia el curs escolar amb la culminaci\u00f3 d&#8217;un <a class=\"mh-excerpt-more\" href=\"https:\/\/tucomarca.whitekongsoftware.com\/ca\/godelleta-installa-noves-marquesines-escolars-en-el-transport-escolar-durbanitzacions-i-disseminats\/\" title=\"Godelleta instal\u00b7la noves marquesines escolars en el transport escolar d&#8217;urbanitzacions i disseminats\">[+] <\/a><\/div>\n","protected":false},"author":12,"featured_media":279120,"comment_status":"open","ping_status":"open","sticky":false,"template":"","format":"gallery","meta":{"footnotes":""},"categories":[10977,10948,10894,10912,10903,10896],"tags":[11087,12903,10914,13820],"class_list":["post-279123","post","type-post","status-publish","format-gallery","has-post-thumbnail","category-godelleta-ca","category-infraestructuras-ca","category-la-comarca-ca","category-la-hoya-ca","category-medio-ambiente-la-comarca-ca","category-seccion-ca","tag-godelleta-ca","tag-infraestructuras-ca","tag-la-hoya-de-bunol-chiva-ca","tag-transporte-ca","post_format-post-format-gallery"],"_links":{"self":[{"href":"https:\/\/tucomarca.whitekongsoftware.com\/ca\/wp-json\/wp\/v2\/posts\/279123","targetHints":{"allow":["GET"]}}],"collection":[{"href":"https:\/\/tucomarca.whitekongsoftware.com\/ca\/wp-json\/wp\/v2\/posts"}],"about":[{"href":"https:\/\/tucomarca.whitekongsoftware.com\/ca\/wp-json\/wp\/v2\/types\/post"}],"author":[{"embeddable":true,"href":"https:\/\/tucomarca.whitekongsoftware.com\/ca\/wp-json\/wp\/v2\/users\/12"}],"replies":[{"embeddable":true,"href":"https:\/\/tucomarca.whitekongsoftware.com\/ca\/wp-json\/wp\/v2\/comments?post=279123"}],"version-history":[{"count":0,"href":"https:\/\/tucomarca.whitekongsoftware.com\/ca\/wp-json\/wp\/v2\/posts\/279123\/revisions"}],"wp:featuredmedia":[{"embeddable":true,"href":"https:\/\/tucomarca.whitekongsoftware.com\/ca\/wp-json\/wp\/v2\/media\/279120"}],"wp:attachment":[{"href":"https:\/\/tucomarca.whitekongsoftware.com\/ca\/wp-json\/wp\/v2\/media?parent=279123"}],"wp:term":[{"taxonomy":"category","embeddable":true,"href":"https:\/\/tucomarca.whitekongsoftware.com\/ca\/wp-json\/wp\/v2\/categories?post=279123"},{"taxonomy":"post_tag","embeddable":true,"href":"https:\/\/tucomarca.whitekongsoftware.com\/ca\/wp-json\/wp\/v2\/tags?post=279123"}],"curies":[{"name":"wp","href":"https:\/\/api.w.org\/{rel}","templated":true}]}}