{"id":278995,"date":"2025-09-10T12:55:00","date_gmt":"2025-09-10T10:55:00","guid":{"rendered":"https:\/\/www.tucomarca.com\/wordpress\/segunda\/?p=278995"},"modified":"2025-09-10T19:12:44","modified_gmt":"2025-09-10T17:12:44","slug":"transports-finalitza-la-reconstruccio-de-la-carretera-n-3-a-setaigues-i-bunyol-danyada-per-la-dana-despres-dinvertir-375-milions-deuros","status":"publish","type":"post","link":"https:\/\/tucomarca.whitekongsoftware.com\/ca\/transports-finalitza-la-reconstruccio-de-la-carretera-n-3-a-setaigues-i-bunyol-danyada-per-la-dana-despres-dinvertir-375-milions-deuros\/","title":{"rendered":"Transports finalitza la reconstrucci\u00f3 de la carretera N-3 a Setaig\u00fces i Bunyol, danyada per la DANA, despr\u00e9s d&#8217;invertir 3,75 milions d&#8217;euros"},"content":{"rendered":"\n<h3 class=\"wp-block-heading\">S&#8217;ha treballat al llarg de 4 km, entre els km 294 i 298, per a restituir i millorar les condicions d&#8217;aquesta carretera i garantir la seua seguretat i funcionalitat.&nbsp;<\/h3>\n\n\n\n<h3 class=\"wp-block-heading\">S&#8217;han arreglat talussos i est\u00e9s noves capes de ferma, millorant les prestacions tant dels materials emprats com de les solucions finalment propostes, perqu\u00e8 la carretera mantinga la seua funcionalitat en cas de noves avingudes.<\/h3>\n\n\n\n<p class=\"wp-block-paragraph\">El Ministeri de Transports i Mobilitat Sostenible ha finalitzat les obres de reconstrucci\u00f3 del tram entre els km 294 i 298 de la carretera N-3, al seu pas pels municipis de Setaig\u00fces i Bunyol a la prov\u00edncia de Val\u00e8ncia, i que es va veure afectat per la DANA del 29 d&#8217;octubre de 2024. Els treballs han tingut una duraci\u00f3 aproximada de huit mesos i la inversi\u00f3 realitzada ha ascendit a 3,75 milions d&#8217;euros (IVA incl\u00f2s).<\/p>\n\n\n\n<p class=\"wp-block-paragraph\">La reconstrucci\u00f3 s&#8217;ha centrat en restituir a les condicions de la carretera pr\u00e8vies al succ\u00e9s de pluges torrencials, principalment a trav\u00e9s de la restituci\u00f3 dels talussos col\u00b7lapsats i l&#8217;est\u00e9s de noves capes de ferma, entre altres treballs, millorant les prestacions tant dels materials emprats com de les solucions finalment propostes, amb la finalitat que la carretera continue mantenint la seua funcionalitat en cas de noves avingudes.<\/p>\n\n\n\n<p class=\"wp-block-paragraph\">Entre les actuacions completades es troben:<\/p>\n\n\n\n<ul class=\"wp-block-list\">\n<li>La reconstrucci\u00f3 de l&#8217;esplanada arrossegada per la crescuda del riu.<\/li>\n\n\n\n<li>La reposici\u00f3 del ferm de la carretera i senyalitzaci\u00f3 horitzontal.<\/li>\n\n\n\n<li>La reparaci\u00f3 de les obres de f\u00e0brica aterrides pels arrossegaments del riu.<\/li>\n\n\n\n<li>La restituci\u00f3 dels accessos.<\/li>\n\n\n\n<li>La renovaci\u00f3 dels elements d&#8217;abalisament, senyalitzaci\u00f3 vertical i sistemes de contenci\u00f3 de vehicles que la riuada va deixar inservibles.<\/li>\n<\/ul>\n\n\n\n<p class=\"wp-block-paragraph\"><strong>Danys ocasionats<\/strong><\/p>\n\n\n\n<p class=\"wp-block-paragraph\">Els danys m\u00e9s greus ocasionats per l&#8217;extraordin\u00e0ria crescuda del cabal del riu Bunyol en el tram que discorre paral\u00b7lel a la carretera N-3, van anar dos col\u00b7lapses de talussos de terrapl\u00e9 localitzats en els km 294,600 i 297, aix\u00ed com la destrucci\u00f3 del ferm, especialment la registrada en el km 297,500. A m\u00e9s, en diversos talussos al llarg del recorregut es van produir nombrosos descalces i p\u00e8rdues d&#8217;estabilitat. &nbsp;<\/p>\n\n\n\n<p class=\"wp-block-paragraph\">Tamb\u00e9 es van produir altres danys, de menor entitat, per\u00f2 sobre els quals ha sigut necessari actuar amb la finalitat de no agreujar les conseq\u00fc\u00e8ncies que tingueren futures avingudes d&#8217;aigua. Aix\u00ed, es van produir l&#8217;obstrucci\u00f3 de drenatges, danys en sistemes de contenci\u00f3 de vehicles, sedimentaci\u00f3 en llits de restes de ferma, senyals, barreres i altres, acumulaci\u00f3 err\u00e0tica de sediments i material d&#8217;arrossegament en els llits del riu Bunyol i del Barranc de Moneri, principalment.<\/p>\n\n\n\n<p class=\"wp-block-paragraph\">La situaci\u00f3 generada representava un greu perill per a la seguretat vi\u00e0ria d&#8217;una carretera que constitueix l&#8217;\u00fanic acc\u00e9s a diverses urbanitzacions i a una s\u00e8rie d&#8217;edificacions d&#8217;\u00fas residencial, pertanyents als municipis de Setaig\u00fces i Bunyol.<\/p>\n\n\n\n<figure class=\"wp-block-gallery has-nested-images columns-2 is-cropped wp-block-gallery-1 is-layout-flex wp-block-gallery-is-layout-flex\">\n<figure class=\"wp-block-image size-large\"><img loading=\"lazy\" decoding=\"async\" width=\"1024\" height=\"742\" data-id=\"278978\" src=\"https:\/\/www.tucomarca.com\/wordpress\/segunda\/wp-content\/uploads\/2025\/09\/ReconstruccionN3_01-1024x742.png\" alt=\"\" class=\"wp-image-278978\" srcset=\"https:\/\/tucomarca.whitekongsoftware.com\/wp-content\/uploads\/2025\/09\/ReconstruccionN3_01-1024x742.png 1024w, https:\/\/tucomarca.whitekongsoftware.com\/wp-content\/uploads\/2025\/09\/ReconstruccionN3_01-300x217.png 300w, https:\/\/tucomarca.whitekongsoftware.com\/wp-content\/uploads\/2025\/09\/ReconstruccionN3_01-768x556.png 768w, https:\/\/tucomarca.whitekongsoftware.com\/wp-content\/uploads\/2025\/09\/ReconstruccionN3_01.png 1204w\" sizes=\"auto, (max-width: 1024px) 100vw, 1024px\" \/><\/figure>\n\n\n\n<figure class=\"wp-block-image size-large\"><img loading=\"lazy\" decoding=\"async\" width=\"1024\" height=\"666\" data-id=\"278980\" src=\"https:\/\/www.tucomarca.com\/wordpress\/segunda\/wp-content\/uploads\/2025\/09\/ReconstruccionN3_02-1024x666.png\" alt=\"\" class=\"wp-image-278980\" srcset=\"https:\/\/tucomarca.whitekongsoftware.com\/wp-content\/uploads\/2025\/09\/ReconstruccionN3_02-1024x666.png 1024w, https:\/\/tucomarca.whitekongsoftware.com\/wp-content\/uploads\/2025\/09\/ReconstruccionN3_02-300x195.png 300w, https:\/\/tucomarca.whitekongsoftware.com\/wp-content\/uploads\/2025\/09\/ReconstruccionN3_02-768x500.png 768w, https:\/\/tucomarca.whitekongsoftware.com\/wp-content\/uploads\/2025\/09\/ReconstruccionN3_02.png 1233w\" sizes=\"auto, (max-width: 1024px) 100vw, 1024px\" \/><\/figure>\n\n\n\n<figure class=\"wp-block-image size-large\"><img loading=\"lazy\" decoding=\"async\" width=\"1024\" height=\"697\" data-id=\"278982\" src=\"https:\/\/www.tucomarca.com\/wordpress\/segunda\/wp-content\/uploads\/2025\/09\/ReconstruccionN3_03-1024x697.png\" alt=\"\" class=\"wp-image-278982\" srcset=\"https:\/\/tucomarca.whitekongsoftware.com\/wp-content\/uploads\/2025\/09\/ReconstruccionN3_03-1024x697.png 1024w, https:\/\/tucomarca.whitekongsoftware.com\/wp-content\/uploads\/2025\/09\/ReconstruccionN3_03-300x204.png 300w, https:\/\/tucomarca.whitekongsoftware.com\/wp-content\/uploads\/2025\/09\/ReconstruccionN3_03-768x522.png 768w, https:\/\/tucomarca.whitekongsoftware.com\/wp-content\/uploads\/2025\/09\/ReconstruccionN3_03.png 1204w\" sizes=\"auto, (max-width: 1024px) 100vw, 1024px\" \/><\/figure>\n\n\n\n<figure class=\"wp-block-image size-large\"><img loading=\"lazy\" decoding=\"async\" width=\"1024\" height=\"666\" data-id=\"278984\" src=\"https:\/\/www.tucomarca.com\/wordpress\/segunda\/wp-content\/uploads\/2025\/09\/ReconstruccionN3_04-1024x666.png\" alt=\"\" class=\"wp-image-278984\" srcset=\"https:\/\/tucomarca.whitekongsoftware.com\/wp-content\/uploads\/2025\/09\/ReconstruccionN3_04-1024x666.png 1024w, https:\/\/tucomarca.whitekongsoftware.com\/wp-content\/uploads\/2025\/09\/ReconstruccionN3_04-300x195.png 300w, https:\/\/tucomarca.whitekongsoftware.com\/wp-content\/uploads\/2025\/09\/ReconstruccionN3_04-768x500.png 768w, https:\/\/tucomarca.whitekongsoftware.com\/wp-content\/uploads\/2025\/09\/ReconstruccionN3_04.png 1228w\" sizes=\"auto, (max-width: 1024px) 100vw, 1024px\" \/><\/figure>\n\n\n\n<figure class=\"wp-block-image size-large\"><img loading=\"lazy\" decoding=\"async\" width=\"1024\" height=\"652\" data-id=\"278986\" src=\"https:\/\/www.tucomarca.com\/wordpress\/segunda\/wp-content\/uploads\/2025\/09\/ReconstruccionN3_05-1024x652.png\" alt=\"\" class=\"wp-image-278986\" srcset=\"https:\/\/tucomarca.whitekongsoftware.com\/wp-content\/uploads\/2025\/09\/ReconstruccionN3_05-1024x652.png 1024w, https:\/\/tucomarca.whitekongsoftware.com\/wp-content\/uploads\/2025\/09\/ReconstruccionN3_05-300x191.png 300w, https:\/\/tucomarca.whitekongsoftware.com\/wp-content\/uploads\/2025\/09\/ReconstruccionN3_05-768x489.png 768w, https:\/\/tucomarca.whitekongsoftware.com\/wp-content\/uploads\/2025\/09\/ReconstruccionN3_05.png 1151w\" sizes=\"auto, (max-width: 1024px) 100vw, 1024px\" \/><\/figure>\n\n\n\n<figure class=\"wp-block-image size-large\"><img loading=\"lazy\" decoding=\"async\" width=\"1024\" height=\"672\" data-id=\"278988\" src=\"https:\/\/www.tucomarca.com\/wordpress\/segunda\/wp-content\/uploads\/2025\/09\/ReconstruccionN3_06-1024x672.png\" alt=\"\" class=\"wp-image-278988\" srcset=\"https:\/\/tucomarca.whitekongsoftware.com\/wp-content\/uploads\/2025\/09\/ReconstruccionN3_06-1024x672.png 1024w, https:\/\/tucomarca.whitekongsoftware.com\/wp-content\/uploads\/2025\/09\/ReconstruccionN3_06-300x197.png 300w, https:\/\/tucomarca.whitekongsoftware.com\/wp-content\/uploads\/2025\/09\/ReconstruccionN3_06-768x504.png 768w, https:\/\/tucomarca.whitekongsoftware.com\/wp-content\/uploads\/2025\/09\/ReconstruccionN3_06.png 1229w\" sizes=\"auto, (max-width: 1024px) 100vw, 1024px\" \/><\/figure>\n<\/figure>\n","protected":false},"excerpt":{"rendered":"<div class=\"mh-excerpt\">S&#8217;ha treballat al llarg de 4 km, entre els km 294 i 298, per a restituir i millorar les condicions d&#8217;aquesta carretera i garantir la seua seguretat i funcionalitat.&nbsp; S&#8217;han arreglat talussos i est\u00e9s noves <a class=\"mh-excerpt-more\" href=\"https:\/\/tucomarca.whitekongsoftware.com\/ca\/transports-finalitza-la-reconstruccio-de-la-carretera-n-3-a-setaigues-i-bunyol-danyada-per-la-dana-despres-dinvertir-375-milions-deuros\/\" title=\"Transports finalitza la reconstrucci\u00f3 de la carretera N-3 a Setaig\u00fces i Bunyol, danyada per la DANA, despr\u00e9s d&#8217;invertir 3,75 milions d&#8217;euros\">[+] <\/a><\/div>\n","protected":false},"author":13,"featured_media":278981,"comment_status":"open","ping_status":"open","sticky":false,"template":"","format":"gallery","meta":{"footnotes":""},"categories":[10911,21466,10898,10948,10894,10904,10912,10903,10947,10896,10979,10897],"tags":[10913,15409,12903,11199,10914,11157],"class_list":["post-278995","post","type-post","status-publish","format-gallery","has-post-thumbnail","category-bunol-ca","category-dana-ca","category-ventana-ca","category-infraestructuras-ca","category-la-comarca-ca","category-sin-categorizar-ca","category-la-hoya-ca","category-medio-ambiente-la-comarca-ca","category-politica","category-seccion-ca","category-siete-aguas-ca","category-sucesos-la-comarca-ca","tag-bunol-ca","tag-dana-2-ca","tag-infraestructuras-ca","tag-la-comunitat-ca","tag-la-hoya-de-bunol-chiva-ca","tag-siete-aguas-ca","post_format-post-format-gallery"],"_links":{"self":[{"href":"https:\/\/tucomarca.whitekongsoftware.com\/ca\/wp-json\/wp\/v2\/posts\/278995","targetHints":{"allow":["GET"]}}],"collection":[{"href":"https:\/\/tucomarca.whitekongsoftware.com\/ca\/wp-json\/wp\/v2\/posts"}],"about":[{"href":"https:\/\/tucomarca.whitekongsoftware.com\/ca\/wp-json\/wp\/v2\/types\/post"}],"author":[{"embeddable":true,"href":"https:\/\/tucomarca.whitekongsoftware.com\/ca\/wp-json\/wp\/v2\/users\/13"}],"replies":[{"embeddable":true,"href":"https:\/\/tucomarca.whitekongsoftware.com\/ca\/wp-json\/wp\/v2\/comments?post=278995"}],"version-history":[{"count":0,"href":"https:\/\/tucomarca.whitekongsoftware.com\/ca\/wp-json\/wp\/v2\/posts\/278995\/revisions"}],"wp:featuredmedia":[{"embeddable":true,"href":"https:\/\/tucomarca.whitekongsoftware.com\/ca\/wp-json\/wp\/v2\/media\/278981"}],"wp:attachment":[{"href":"https:\/\/tucomarca.whitekongsoftware.com\/ca\/wp-json\/wp\/v2\/media?parent=278995"}],"wp:term":[{"taxonomy":"category","embeddable":true,"href":"https:\/\/tucomarca.whitekongsoftware.com\/ca\/wp-json\/wp\/v2\/categories?post=278995"},{"taxonomy":"post_tag","embeddable":true,"href":"https:\/\/tucomarca.whitekongsoftware.com\/ca\/wp-json\/wp\/v2\/tags?post=278995"}],"curies":[{"name":"wp","href":"https:\/\/api.w.org\/{rel}","templated":true}]}}