{"id":278977,"date":"2025-09-10T09:00:00","date_gmt":"2025-09-10T07:00:00","guid":{"rendered":"https:\/\/www.tucomarca.com\/wordpress\/segunda\/?p=278977"},"modified":"2025-09-10T19:07:03","modified_gmt":"2025-09-10T17:07:03","slug":"els-bons-comerc-de-la-diputacio-generaran-10-milions-deuros-en-compres-en-26-municipis-de-la-dana","status":"publish","type":"post","link":"https:\/\/tucomarca.whitekongsoftware.com\/ca\/els-bons-comerc-de-la-diputacio-generaran-10-milions-deuros-en-compres-en-26-municipis-de-la-dana\/","title":{"rendered":"Els bons comer\u00e7 de la Diputaci\u00f2 generaran 10 milions d&#8217;euros en compres en 26 municipis de la Dana"},"content":{"rendered":"\n<h3 class=\"wp-block-heading\">El president, Vicent Momp\u00f3, i la vicepresidenta Nat\u00e0lia Enguix presenten en el Mercat d\u2019Aldaia la campanya de bons comer\u00e7 que espera arribar als 10 milions d&#8217;euros en impacte econ\u00f2mic per als establiments.<\/h3>\n\n\n\n<h3 class=\"wp-block-heading\">\u201cA difer\u00e8ncia d&#8217;altres bons d&#8217;este tipus, eliminem la burocr\u00e0cia per als ajuntaments\u201d, destaca Enguix. La Diputaci\u00f3, C\u00e1mara Val\u00e8ncia i Caixa Popular gestionaran l&#8217;adhesi\u00f3 dels comer\u00e7os i la venda de cupons.<\/h3>\n\n\n\n<h3 class=\"wp-block-heading\">Momp\u00f3 lamenta que 3.000 comer\u00e7os valencians continuen tancats i reclama al Govern el pagament d&#8217;almenys la mitat de les indemnitzacions. \u201cUn poble sense comer\u00e7 \u00e9s un poble sense vida. Els ajudarem amb recursos\u201d.<\/h3>\n\n\n\n<p class=\"wp-block-paragraph\">Dimecres 10 de setembre de 2025.- campanya Bons Comer\u00e7 Dana per a reactivar l&#8217;activitat d&#8217;establiments de 26 municipis greument afectats per la riuada del passat 29 d&#8217;octubre. El Mercat d\u2019Aldaia ha acollit un acte en el qual el president de la Diputaci\u00f3, Vicent Momp\u00f3, i la vicepresidenta Nat\u00e0lia Enguix, responsable de Cooperaci\u00f3 i Promoci\u00f3 Econ\u00f2mica, han anunciat una partida de cinc milions d&#8217;euros per a la reactivaci\u00f3 del comer\u00e7 local, que podr\u00e0 arribar als 10 milions d&#8217;euros amb la participaci\u00f3 de la ciutadania.<\/p>\n\n\n\n<p class=\"wp-block-paragraph\">Les xifres s\u00f3n desoladores, amb 3.000 comer\u00e7os valencians que continuen tancats a conseq\u00fc\u00e8ncia de la dana, dels quals una tercera part est\u00e0 en risc de no tornar a obrir, segons previsions de la Uni\u00f3 Gremial i Confecomer\u00e7. Aix\u00f2 afectaria milers de llocs de treball, segons l&#8217;estimaci\u00f3 de C\u00e1mara Val\u00e8ncia, que col\u00b7labora al costat de Caixa Popular en la iniciativa finan\u00e7ada per la Diputaci\u00f3. \u201cUn poble sense comer\u00e7 local \u00e9s un poble sense vida. El comer\u00e7 no \u00e9s nom\u00e9s economia, tamb\u00e9 \u00e9s conviv\u00e8ncia; i quan un d&#8217;estos establiments baixa la persiana perdem totes i tots\u201d, ha assenyalat el president Momp\u00f3, qui ha aprofitat per a reclamar a l&#8217;Estat \u201cl&#8217;avan\u00e7ament d&#8217;almenys la mitat de les indemnitzacions\u201d.<\/p>\n\n\n\n<p class=\"wp-block-paragraph\">El m\u00e0xim responsable provincial considera que la burocr\u00e0cia \u201cs&#8217;ha convertit en una segona cat\u00e0strofe per als negocis\u201d, i en eixe context d&#8217;incertesa emergeix la Diputaci\u00f3, que ha decidit aportar recursos econ\u00f2mics i humans a eixe teixit comercial dels municipis greument afectats per la dana. La delegaci\u00f3 de Promoci\u00f3 Econ\u00f2mica que dirigix la vicepresidenta Nat\u00e0lia Enguix llan\u00e7a una campanya de bons amb una dotaci\u00f3 econ\u00f2mica de cinc milions d&#8217;euros, que podria duplicar l&#8217;impacte econ\u00f2mic per als comerciants si els consumidors adquirixen els 95.000 bons emesos.<\/p>\n\n\n\n<p class=\"wp-block-paragraph\">La vicepresidenta Enguix destaca que la campanya \u201cno s&#8217;ha fet a trav\u00e9s de subvencions, sin\u00f3 d&#8217;ajudes directes, \u00fatils i senzilles. Es tracta d&#8217;un projecte coral entre la Diputaci\u00f3, C\u00e1mara Val\u00e8ncia, Caixa Popular, les associacions de comerciants, els ajuntaments i els ciutadans per a reactivar l&#8217;activitat d&#8217;eixos comer\u00e7os que, a m\u00e9s de resultar afectats, s\u00f3n moltes vegades oblidats en la gesti\u00f3 de la cat\u00e0strofe\u201d.<\/p>\n\n\n\n<p class=\"wp-block-paragraph\">En paraules de la responsable provincial de Promoci\u00f3 Econ\u00f2mica, \u201cquan un comer\u00e7 tanca s&#8217;apaga part de la vida dels nostres pobles, i des de la Diputaci\u00f3 assumim la responsabilitat de contribuir a la dinamitzaci\u00f3 dels nostres barris ajudant als establiments a recuperar la seua activitat\u201d. \u201cEsta ajuda no \u00e9s una concessi\u00f3, sin\u00f3 una obligaci\u00f3 moral que devem a eixos comerciants que tant ens donen en el dia a dia\u201d.<\/p>\n\n\n\n<figure class=\"wp-block-image size-large\"><img loading=\"lazy\" decoding=\"async\" width=\"1024\" height=\"666\" src=\"http:\/\/www.tucomarca.com\/wordpress\/segunda\/wp-content\/uploads\/2025\/09\/DipuBONOComercio02-1024x666.jpg\" alt=\"\" class=\"wp-image-278970\" srcset=\"https:\/\/tucomarca.whitekongsoftware.com\/wp-content\/uploads\/2025\/09\/DipuBONOComercio02-1024x666.jpg 1024w, https:\/\/tucomarca.whitekongsoftware.com\/wp-content\/uploads\/2025\/09\/DipuBONOComercio02-300x195.jpg 300w, https:\/\/tucomarca.whitekongsoftware.com\/wp-content\/uploads\/2025\/09\/DipuBONOComercio02-768x499.jpg 768w, https:\/\/tucomarca.whitekongsoftware.com\/wp-content\/uploads\/2025\/09\/DipuBONOComercio02.jpg 1181w\" sizes=\"auto, (max-width: 1024px) 100vw, 1024px\" \/><\/figure>\n\n\n\n<p class=\"wp-block-paragraph\"><strong>Bons en 26 municipis<\/strong><\/p>\n\n\n\n<p class=\"wp-block-paragraph\">El funcionament de la campanya \u00e9s molt senzill: la Diputaci\u00f3 aporta cinc milions d&#8217;euros per a l&#8217;emissi\u00f3 dels bons; C\u00e1mara Val\u00e8ncia habilita la web <a href=\"https:\/\/bonocomerciodana.com\/\">https:\/\/bonocomerciodana.com\/<\/a> perqu\u00e8 els comer\u00e7os s&#8217;adherisquen i supervisa que complisquen els requisits; Caixa Popular assumix les despeses banc\u00e0ries de la campanya; i els consumidors interessats adquirixen a trav\u00e9s del web els bons de 100 euros, dels quals paguen 50, perqu\u00e8 l&#8217;altra mitat est\u00e0 coberta amb l&#8217;ajuda de la Diputaci\u00f3.<\/p>\n\n\n\n<p class=\"wp-block-paragraph\">El president de C\u00e1mara Val\u00e8ncia, Jos\u00e9 Vicente Morata, ha avan\u00e7at que \u201cm\u00e9s de 250 establiments s&#8217;han adherit ja a la campanya, del cens de m\u00e9s de 3.000 amb el qual comptem i als quals ens estem dirigint per a donar a con\u00e9ixer el projecte i facilitar-los que participen\u201d. Els bons podran adquirir-se a partir d&#8217;este dijous, 11 de setembre, i arribaran a les mans dels consumidors a partir del dilluns 29 de setembre. Les persones empadronades en els municipis afectats tindran prefer\u00e8ncia durant el primer mes, i la venda de bons s&#8217;ampliar\u00e0 a la resta d&#8217;usuaris a partir de l&#8217;11 d&#8217;octubre i fins al final de la campanya el 31 de desembre.<\/p>\n\n\n\n<p class=\"wp-block-paragraph\">Els municipis contemplats en el conveni entre la Diputaci\u00f3 i C\u00e1mara Val\u00e8ncia s\u00f3n Catarroja, Aldaia, Alfafar, Paiporta, Alaqu\u00e0s, Xirivella, Benet\u00fasser, Sedav\u00ed, Massanassa, Albal, Picanya, Llocnou de la Corona i Beniparrell a l&#8217;Horta Sud; Algemes\u00ed, L&#8217;Alc\u00fadia, Catadau, Montroi, Llombai i Guaddassuar a la Ribera Alta; Chiva i Cheste en l&#8217;Hoya de Bu\u00f1ol; Sot de Chera i Pedralba en la Serran\u00eda; Utiel a la Plana Utiel-Requena; Loriguilla al Camp de T\u00faria; i Riola a la Ribera Baixa.<\/p>\n\n\n\n<p class=\"wp-block-paragraph\">La directora de Caixa Popular, Alicia Soler, ha considerat que la campanya \u201c\u00e9s una oportunitat de demostrar a la societat que tenim eixe comprom\u00eds i una mirada humana per damunt de la rendibilitat\u201d. La responsable de l&#8217;entitat banc\u00e0ria, col\u00b7laboradora en el projecte impulsat per la Diputaci\u00f3 i la C\u00e1mara, ha insistit en el model cooperatiu que permet \u201cestar sempre prop de les persones, escoltant i acompanyant, especialment en moments dif\u00edcils com el de la dana\u201d.<\/p>\n\n\n\n<p class=\"wp-block-paragraph\">Per part seua, l&#8217;alcalde d&#8217;Aldaia, Guillermo Luj\u00e1n, ha garantit \u201cl&#8217;\u00e8xit d&#8217;una campanya que \u00e9s un gran encert i que ha comptat amb les associacions de comerciants\u201d. En opini\u00f3 de l&#8217;amfitri\u00f3 de l&#8217;acte celebrat en el Mercat del seu poble, \u201cla millor manera d&#8217;ajudar al comer\u00e7 local \u00e9s comprar en ell, que \u00e9s el que estem incentivant amb esta iniciativa\u201d.<\/p>\n","protected":false},"excerpt":{"rendered":"<div class=\"mh-excerpt\">El president, Vicent Momp\u00f3, i la vicepresidenta Nat\u00e0lia Enguix presenten en el Mercat d\u2019Aldaia la campanya de bons comer\u00e7 que espera arribar als 10 milions d&#8217;euros en impacte econ\u00f2mic per als establiments. \u201cA difer\u00e8ncia d&#8217;altres <a class=\"mh-excerpt-more\" href=\"https:\/\/tucomarca.whitekongsoftware.com\/ca\/els-bons-comerc-de-la-diputacio-generaran-10-milions-deuros-en-compres-en-26-municipis-de-la-dana\/\" title=\"Els bons comer\u00e7 de la Diputaci\u00f2 generaran 10 milions d&#8217;euros en compres en 26 municipis de la Dana\">[+] <\/a><\/div>\n","protected":false},"author":12,"featured_media":278969,"comment_status":"open","ping_status":"open","sticky":false,"template":"","format":"standard","meta":{"footnotes":""},"categories":[10983,10892,10991,21466,11046,10898,10994,10948,10894,10904,10912,10902,10997,10931,11001,11025,10947,10909,10896,11026,10897,11059,10974,10975],"tags":[22987,10899,15409,11246,10914,11080,10910,11356],"class_list":["post-278977","post","type-post","status-publish","format-standard","has-post-thumbnail","category-algemesi-ca","category-camp-de-turia-ca","category-catadau-ca","category-dana-ca","category-los-serranos-ca","category-ventana-ca","category-guadassuar-ca","category-infraestructuras-ca","category-la-comarca-ca","category-sin-categorizar-ca","category-la-hoya-ca","category-la-ribera-ca","category-llombai-ca","category-loriguilla-ca","category-montroi-ca","category-pedralba-ca","category-politica","category-requena-utiel-ca","category-seccion-ca","category-sot-de-chera-ca","category-sucesos-la-comarca-ca","category-utiel-ca","category-cheste-ca","category-chiva-ca","tag-bonos-comercio-ca","tag-camp-de-turia-ca","tag-dana-2-ca","tag-diputacio-de-valencia-ca","tag-la-hoya-de-bunol-chiva-ca","tag-los-serranos-ca","tag-requena-utiel-ca","tag-ribera-alta-ca"],"_links":{"self":[{"href":"https:\/\/tucomarca.whitekongsoftware.com\/ca\/wp-json\/wp\/v2\/posts\/278977","targetHints":{"allow":["GET"]}}],"collection":[{"href":"https:\/\/tucomarca.whitekongsoftware.com\/ca\/wp-json\/wp\/v2\/posts"}],"about":[{"href":"https:\/\/tucomarca.whitekongsoftware.com\/ca\/wp-json\/wp\/v2\/types\/post"}],"author":[{"embeddable":true,"href":"https:\/\/tucomarca.whitekongsoftware.com\/ca\/wp-json\/wp\/v2\/users\/12"}],"replies":[{"embeddable":true,"href":"https:\/\/tucomarca.whitekongsoftware.com\/ca\/wp-json\/wp\/v2\/comments?post=278977"}],"version-history":[{"count":0,"href":"https:\/\/tucomarca.whitekongsoftware.com\/ca\/wp-json\/wp\/v2\/posts\/278977\/revisions"}],"wp:featuredmedia":[{"embeddable":true,"href":"https:\/\/tucomarca.whitekongsoftware.com\/ca\/wp-json\/wp\/v2\/media\/278969"}],"wp:attachment":[{"href":"https:\/\/tucomarca.whitekongsoftware.com\/ca\/wp-json\/wp\/v2\/media?parent=278977"}],"wp:term":[{"taxonomy":"category","embeddable":true,"href":"https:\/\/tucomarca.whitekongsoftware.com\/ca\/wp-json\/wp\/v2\/categories?post=278977"},{"taxonomy":"post_tag","embeddable":true,"href":"https:\/\/tucomarca.whitekongsoftware.com\/ca\/wp-json\/wp\/v2\/tags?post=278977"}],"curies":[{"name":"wp","href":"https:\/\/api.w.org\/{rel}","templated":true}]}}