{"id":278955,"date":"2025-09-10T09:05:00","date_gmt":"2025-09-10T07:05:00","guid":{"rendered":"https:\/\/www.tucomarca.com\/wordpress\/segunda\/?p=278955"},"modified":"2025-09-10T18:46:48","modified_gmt":"2025-09-10T16:46:48","slug":"vicent-mompo-rep-a-la-seleccio-valenciana-de-pilota-despres-del-seu-exit-en-leuropeu-jove-de-pilota-a-ma","status":"publish","type":"post","link":"https:\/\/tucomarca.whitekongsoftware.com\/ca\/vicent-mompo-rep-a-la-seleccio-valenciana-de-pilota-despres-del-seu-exit-en-leuropeu-jove-de-pilota-a-ma\/","title":{"rendered":"Vicent Momp\u00f3 rep a la Selecci\u00f3 Valenciana de Pilota despr\u00e9s del seu \u00e8xit en l&#8217;Europeu Jove de Pilota a M\u00e0\u00a0"},"content":{"rendered":"\n<h3 class=\"wp-block-heading\">El president de la Diputaci\u00f3 de Val\u00e8ncia homenatja els j\u00f3vens que van participar en el Campionat d&#8217;Europa de categories inferiors, en el qual el combinat valenci\u00e0 ha obtingut huit medalles, dos d&#8217;elles d&#8217;or.<\/h3>\n\n\n\n<p class=\"wp-block-paragraph\">La Diputaci\u00f3 de Val\u00e8ncia ha realitzat este dimecres un merescut homenatge als jugadors de la Selecci\u00f3 Valenciana de Pilota despr\u00e9s dels \u00e8xits collits en Campionat Europeu Jove de Pilota a M\u00e0, que es va disputar el passat cap de setmana a B\u00e8lgica. El president de la instituci\u00f3 provincial, Vicent Momp\u00f3, acompanyat pel diputat d&#8217;Esports, Pedro Cuesta, ha rebut al Pati dels Scala als components dels equips participants en el torneig, corresponents a les categories sub15, sub17 i sub19, tant masculina com femenina.<\/p>\n\n\n\n<p class=\"wp-block-paragraph\">El combinat valenci\u00e0 va obtindre un total de huit medalles (dos d&#8217;or, quatre de plata i dos de bronze) al llarg dels tres dies de competici\u00f3, la qual cosa va servir per a aconseguir el subcampionat absolut en categoria femenina, i el tercer lloc en el global mascul\u00ed.<\/p>\n\n\n\n<figure class=\"wp-block-gallery has-nested-images columns-2 is-cropped wp-block-gallery-1 is-layout-flex wp-block-gallery-is-layout-flex\">\n<figure class=\"wp-block-image size-large\"><img loading=\"lazy\" decoding=\"async\" width=\"1024\" height=\"666\" data-id=\"278945\" src=\"https:\/\/www.tucomarca.com\/wordpress\/segunda\/wp-content\/uploads\/2025\/09\/DipuPilota03-1024x666.jpg\" alt=\"\" class=\"wp-image-278945\" srcset=\"https:\/\/tucomarca.whitekongsoftware.com\/wp-content\/uploads\/2025\/09\/DipuPilota03-1024x666.jpg 1024w, https:\/\/tucomarca.whitekongsoftware.com\/wp-content\/uploads\/2025\/09\/DipuPilota03-300x195.jpg 300w, https:\/\/tucomarca.whitekongsoftware.com\/wp-content\/uploads\/2025\/09\/DipuPilota03-768x499.jpg 768w, https:\/\/tucomarca.whitekongsoftware.com\/wp-content\/uploads\/2025\/09\/DipuPilota03.jpg 1181w\" sizes=\"auto, (max-width: 1024px) 100vw, 1024px\" \/><\/figure>\n\n\n\n<figure class=\"wp-block-image size-large\"><img loading=\"lazy\" decoding=\"async\" width=\"1024\" height=\"666\" data-id=\"278947\" src=\"https:\/\/www.tucomarca.com\/wordpress\/segunda\/wp-content\/uploads\/2025\/09\/DipuPilota02-1024x666.jpg\" alt=\"\" class=\"wp-image-278947\" srcset=\"https:\/\/tucomarca.whitekongsoftware.com\/wp-content\/uploads\/2025\/09\/DipuPilota02-1024x666.jpg 1024w, https:\/\/tucomarca.whitekongsoftware.com\/wp-content\/uploads\/2025\/09\/DipuPilota02-300x195.jpg 300w, https:\/\/tucomarca.whitekongsoftware.com\/wp-content\/uploads\/2025\/09\/DipuPilota02-768x499.jpg 768w, https:\/\/tucomarca.whitekongsoftware.com\/wp-content\/uploads\/2025\/09\/DipuPilota02.jpg 1181w\" sizes=\"auto, (max-width: 1024px) 100vw, 1024px\" \/><\/figure>\n\n\n\n<figure class=\"wp-block-image size-large\"><img loading=\"lazy\" decoding=\"async\" width=\"1024\" height=\"666\" data-id=\"278951\" src=\"https:\/\/www.tucomarca.com\/wordpress\/segunda\/wp-content\/uploads\/2025\/09\/DipuPilota04-1024x666.jpg\" alt=\"\" class=\"wp-image-278951\" srcset=\"https:\/\/tucomarca.whitekongsoftware.com\/wp-content\/uploads\/2025\/09\/DipuPilota04-1024x666.jpg 1024w, https:\/\/tucomarca.whitekongsoftware.com\/wp-content\/uploads\/2025\/09\/DipuPilota04-300x195.jpg 300w, https:\/\/tucomarca.whitekongsoftware.com\/wp-content\/uploads\/2025\/09\/DipuPilota04-768x499.jpg 768w, https:\/\/tucomarca.whitekongsoftware.com\/wp-content\/uploads\/2025\/09\/DipuPilota04.jpg 1181w\" sizes=\"auto, (max-width: 1024px) 100vw, 1024px\" \/><\/figure>\n<\/figure>\n\n\n\n<p class=\"wp-block-paragraph\">\u201cDes de la Diputaci\u00f3 sentim un enorme orgull per l&#8217;\u00e8xit dels nostres j\u00f3vens pilotaris en este campionat d&#8217;Europa. Sou present i futur del nostre esport aut\u00f2cton, un referent per a les noves generacions. Gr\u00e0cies a l&#8217;impuls que estem donant a la pilota des de diferents \u00e0mbits, veiem com cada vegada m\u00e9s xiquets s&#8217;acosten a este esport, i com, amb especial satisfacci\u00f3, cada vegada m\u00e9s xiques s&#8217;incorporen a la pr\u00e0ctica, ampliant aix\u00ed el seu horitz\u00f3 i garantint la seua continu\u00eftat amb m\u00e9s for\u00e7a que mai\u201d, ha subratllat Vicent Momp\u00f3.<\/p>\n\n\n\n<p class=\"wp-block-paragraph\">Momp\u00f3 ha ressaltat, a m\u00e9s, que \u201cla Diputaci\u00f3 \u00e9s hui la instituci\u00f3 que m\u00e9s aposta per la pilota, el nostre esport per excel\u00b7l\u00e8ncia i una de les senyes d&#8217;identitat m\u00e9s arrelades de la Comunitat Valenciana. Hem posat en marxa el Pla de Trinquets, amb un pressupost de 8 milions d&#8217;euros, que permetr\u00e0 recuperar i modernitzar estos espais emblem\u00e0tics per a tants pobles de la prov\u00edncia, al mateix temps que hem consolidat el nostre suport ferm a la Federaci\u00f3\u201d.<\/p>\n\n\n\n<p class=\"wp-block-paragraph\">A l&#8217;acte han acudit el president de la Federaci\u00f3 de Pilota Valenciana, Vicent Molin\u00e9s, aix\u00ed com els entrenadors i pilotaris que van defendre els colors de la Selecci\u00f3 Valenciana en l&#8217;Eurojove de Pilota. Entre estos \u00faltims ha destacat la pres\u00e8ncia d&#8217;aquells que es van proclamar campions continentals, que s\u00f3n els equips de la modalitat d&#8217;one wall, tant el sub17 mascul\u00ed com el sub19 femen\u00ed.<\/p>\n","protected":false},"excerpt":{"rendered":"<div class=\"mh-excerpt\">El president de la Diputaci\u00f3 de Val\u00e8ncia homenatja els j\u00f3vens que van participar en el Campionat d&#8217;Europa de categories inferiors, en el qual el combinat valenci\u00e0 ha obtingut huit medalles, dos d&#8217;elles d&#8217;or. La Diputaci\u00f3 <a class=\"mh-excerpt-more\" href=\"https:\/\/tucomarca.whitekongsoftware.com\/ca\/vicent-mompo-rep-a-la-seleccio-valenciana-de-pilota-despres-del-seu-exit-en-leuropeu-jove-de-pilota-a-ma\/\" title=\"Vicent Momp\u00f3 rep a la Selecci\u00f3 Valenciana de Pilota despr\u00e9s del seu \u00e8xit en l&#8217;Europeu Jove de Pilota a M\u00e0\u00a0\">[+] <\/a><\/div>\n","protected":false},"author":12,"featured_media":278950,"comment_status":"open","ping_status":"open","sticky":false,"template":"","format":"gallery","meta":{"footnotes":""},"categories":[11003,10898,10948,10894,10904,11009,10947,10896],"tags":[11246,22985,16563],"class_list":["post-278955","post","type-post","status-publish","format-gallery","has-post-thumbnail","category-sports","category-ventana-ca","category-infraestructuras-ca","category-la-comarca-ca","category-sin-categorizar-ca","category-polideportivo-ca","category-politica","category-seccion-ca","tag-diputacio-de-valencia-ca","tag-seleccion-valenciana-de-pilota-ca","tag-vicente-mompo-ca","post_format-post-format-gallery"],"_links":{"self":[{"href":"https:\/\/tucomarca.whitekongsoftware.com\/ca\/wp-json\/wp\/v2\/posts\/278955","targetHints":{"allow":["GET"]}}],"collection":[{"href":"https:\/\/tucomarca.whitekongsoftware.com\/ca\/wp-json\/wp\/v2\/posts"}],"about":[{"href":"https:\/\/tucomarca.whitekongsoftware.com\/ca\/wp-json\/wp\/v2\/types\/post"}],"author":[{"embeddable":true,"href":"https:\/\/tucomarca.whitekongsoftware.com\/ca\/wp-json\/wp\/v2\/users\/12"}],"replies":[{"embeddable":true,"href":"https:\/\/tucomarca.whitekongsoftware.com\/ca\/wp-json\/wp\/v2\/comments?post=278955"}],"version-history":[{"count":0,"href":"https:\/\/tucomarca.whitekongsoftware.com\/ca\/wp-json\/wp\/v2\/posts\/278955\/revisions"}],"wp:featuredmedia":[{"embeddable":true,"href":"https:\/\/tucomarca.whitekongsoftware.com\/ca\/wp-json\/wp\/v2\/media\/278950"}],"wp:attachment":[{"href":"https:\/\/tucomarca.whitekongsoftware.com\/ca\/wp-json\/wp\/v2\/media?parent=278955"}],"wp:term":[{"taxonomy":"category","embeddable":true,"href":"https:\/\/tucomarca.whitekongsoftware.com\/ca\/wp-json\/wp\/v2\/categories?post=278955"},{"taxonomy":"post_tag","embeddable":true,"href":"https:\/\/tucomarca.whitekongsoftware.com\/ca\/wp-json\/wp\/v2\/tags?post=278955"}],"curies":[{"name":"wp","href":"https:\/\/api.w.org\/{rel}","templated":true}]}}