{"id":278900,"date":"2025-09-11T14:00:00","date_gmt":"2025-09-11T12:00:00","guid":{"rendered":"https:\/\/www.tucomarca.com\/wordpress\/segunda\/?p=278900"},"modified":"2025-09-11T00:25:00","modified_gmt":"2025-09-10T22:25:00","slug":"metrovalencia-modifica-el-cap-de-setmana-el-servei-entre-valencia-sud-i-torrent-avinguda-per-les-obres-daccessibilitat-a-picanya-despres-de-les-riuades","status":"publish","type":"post","link":"https:\/\/tucomarca.whitekongsoftware.com\/ca\/metrovalencia-modifica-el-cap-de-setmana-el-servei-entre-valencia-sud-i-torrent-avinguda-per-les-obres-daccessibilitat-a-picanya-despres-de-les-riuades\/","title":{"rendered":"Metrovalencia modifica el cap de setmana el servei entre Val\u00e8ncia Sud i Torrent Avinguda per les obres d&#8217;accessibilitat a Picanya despr\u00e9s de les riuades"},"content":{"rendered":"\n<h3 class=\"wp-block-heading\">Els treballs previstos comencen la nit de divendres, 12 de setembre, i finalitzaran la matinada del diumenge al dilluns 15 de setembre.<\/h3>\n\n\n\n<h3 class=\"wp-block-heading\">L&#8217;actuaci\u00f3 implicar\u00e0 una reducci\u00f3 temporal del nombre de trens en circulaci\u00f3 per a millorar les condicions de les andanes.<\/h3>\n\n\n\n<p class=\"wp-block-paragraph\">Ferrocarrils de la Generalitat Valenciana (FGV) modificar\u00e0 durant el pr\u00f2xim cap de setmana, per les obres previstes en l&#8217;estaci\u00f3 de Picanya, el servei del tram Val\u00e8ncia Sud-Torrent Avinguda, pel qual discorren les L\u00ednies 1, 2 i 7 de Metrovalencia.<\/p>\n\n\n\n<p class=\"wp-block-paragraph\">La modificaci\u00f3 prevista comen\u00e7ar\u00e0 a les 22.50 hores del divendres, 12 de setembre, i es prolongar\u00e0 fins a les 5.50 hores del dilluns 15 de setembre. Mentre s&#8217;executen aquests treballs, la circulaci\u00f3 per l&#8217;estaci\u00f3 de Picanya es realitzar\u00e0 per una \u00fanica via, la qual cosa obligar\u00e0 a reduir el nombre de trens que circulen habitualment per aquest tram.<\/p>\n\n\n\n<p class=\"wp-block-paragraph\">Les obres previstes, que prosseguiran despr\u00e9s del cap de setmana per\u00f2 ja sense afectar la circulaci\u00f3, tenen com a finalitat millorar les condicions d&#8217;accessibilitat de les andanes de l&#8217;estaci\u00f3 de Picanya, per a facilitar l&#8217;acc\u00e9s de les persones de mobilitat redu\u00efda, des de les andanes als trens, i s\u00f3n continuaci\u00f3 dels treballs que es van executar en aquestes instal\u00b7lacions despr\u00e9s de les inundacions del passat 29 d&#8217;octubre.<br><br>Els trens de L\u00ednia 1 amb origen B\u00e9tera i va destinar Castell\u00f3, l&#8217;Alc\u00fadia o Picassent continuaran circulant amb normalitat, igual que els trens de L\u00ednia 7 (Mar\u00edtim-Torrent Avinguda).<\/p>\n\n\n\n<p class=\"wp-block-paragraph\">Els viatgers dels trens de la L\u00ednia 1 i 2 amb destinaci\u00f3 Torrent i Torrent Avinguda finalitzaran en l&#8217;estaci\u00f3 de Val\u00e8ncia Sud, exceptuant els primers i \u00faltims serveis de la jornada, per la qual cosa els usuaris que vagen m\u00e9s enll\u00e0 d&#8217;aquesta estaci\u00f3 poden realitzar un transbord m\u00e9s c\u00f2mode en Safranar.<\/p>\n\n\n\n<p class=\"wp-block-paragraph\">Els usuaris que es dirigeixen a l&#8217;aparcament dissuasiu gratu\u00eft de Val\u00e8ncia Sud no han de realitzar el transbord en Safranar i poden concloure el seu viatge en la pr\u00f2pia estaci\u00f3 de Val\u00e8ncia Sud per a arreplegar el seu vehicle.<\/p>\n\n\n\n<p class=\"wp-block-paragraph\">El servei nocturn previst per a la nit del divendres i dissabte es continuar\u00e0 prestant, condicionat en aquest tram per aquesta modificaci\u00f3.<\/p>\n\n\n\n<p class=\"wp-block-paragraph\">Metrovalencia ha previst refor\u00e7ar aquests dies el personal d&#8217;atenci\u00f3 al client en les estacions del tram compr\u00e9s entre Safranar i Torrent Avinguda, aix\u00ed com la informaci\u00f3 que s&#8217;ofereix als viatgers en estacions, teleindicadores, pantalles i megafonia.<\/p>\n\n\n\n<p class=\"wp-block-paragraph\">A m\u00e9s, tots aquells usuaris que desitgen ampliar la informaci\u00f3 d&#8217;horaris i freq\u00fc\u00e8ncies poden consultar la p\u00e0gina web www.metrovalencia.es, el tel\u00e8fon gratu\u00eft d&#8217;informaci\u00f3 i Atenci\u00f3 al Client 900 46 10 46 i l&#8217;app oficial.&nbsp;<\/p>\n\n\n\n<p class=\"wp-block-paragraph\"><strong>Reconstrucci\u00f3&nbsp;<\/strong><\/p>\n\n\n\n<p class=\"wp-block-paragraph\">A pesar que la xarxa de metro i tramvia es troba totalment operativa, encara queden alguns treballs per concloure, com els de l&#8217;estaci\u00f3 de Picanya, que tracten de millorar l&#8217;accessibilitat, especialment a les persones de mobilitat redu\u00efda.<\/p>\n\n\n\n<p class=\"wp-block-paragraph\">Ferrocarrils de la Generalitat Valenciana ha destinat fins al moment 142,5 milions d&#8217;euros en quasi mig centenar de contractes per a reposar els danys patits per la riuada en el conjunt de la xarxa de Metrovalencia, especialment en el Lloc de Comandament, tallers de Val\u00e8ncia Sud, oficines i el tram que uneix Sant Isidre i Castell\u00f3.<\/p>\n","protected":false},"excerpt":{"rendered":"<div class=\"mh-excerpt\">Els treballs previstos comencen la nit de divendres, 12 de setembre, i finalitzaran la matinada del diumenge al dilluns 15 de setembre. L&#8217;actuaci\u00f3 implicar\u00e0 una reducci\u00f3 temporal del nombre de trens en circulaci\u00f3 per a <a class=\"mh-excerpt-more\" href=\"https:\/\/tucomarca.whitekongsoftware.com\/ca\/metrovalencia-modifica-el-cap-de-setmana-el-servei-entre-valencia-sud-i-torrent-avinguda-per-les-obres-daccessibilitat-a-picanya-despres-de-les-riuades\/\" title=\"Metrovalencia modifica el cap de setmana el servei entre Val\u00e8ncia Sud i Torrent Avinguda per les obres d&#8217;accessibilitat a Picanya despr\u00e9s de les riuades\">[+] <\/a><\/div>\n","protected":false},"author":13,"featured_media":278897,"comment_status":"open","ping_status":"open","sticky":false,"template":"","format":"standard","meta":{"footnotes":""},"categories":[10937,10892,21466,10898,10948,10894,10904,10903,10947,10896,10897],"tags":[11202,10899,15409,12903,11199],"class_list":["post-278900","post","type-post","status-publish","format-standard","has-post-thumbnail","category-betera-ca","category-camp-de-turia-ca","category-dana-ca","category-ventana-ca","category-infraestructuras-ca","category-la-comarca-ca","category-sin-categorizar-ca","category-medio-ambiente-la-comarca-ca","category-politica","category-seccion-ca","category-sucesos-la-comarca-ca","tag-betera-ca","tag-camp-de-turia-ca","tag-dana-2-ca","tag-infraestructuras-ca","tag-la-comunitat-ca"],"_links":{"self":[{"href":"https:\/\/tucomarca.whitekongsoftware.com\/ca\/wp-json\/wp\/v2\/posts\/278900","targetHints":{"allow":["GET"]}}],"collection":[{"href":"https:\/\/tucomarca.whitekongsoftware.com\/ca\/wp-json\/wp\/v2\/posts"}],"about":[{"href":"https:\/\/tucomarca.whitekongsoftware.com\/ca\/wp-json\/wp\/v2\/types\/post"}],"author":[{"embeddable":true,"href":"https:\/\/tucomarca.whitekongsoftware.com\/ca\/wp-json\/wp\/v2\/users\/13"}],"replies":[{"embeddable":true,"href":"https:\/\/tucomarca.whitekongsoftware.com\/ca\/wp-json\/wp\/v2\/comments?post=278900"}],"version-history":[{"count":0,"href":"https:\/\/tucomarca.whitekongsoftware.com\/ca\/wp-json\/wp\/v2\/posts\/278900\/revisions"}],"wp:featuredmedia":[{"embeddable":true,"href":"https:\/\/tucomarca.whitekongsoftware.com\/ca\/wp-json\/wp\/v2\/media\/278897"}],"wp:attachment":[{"href":"https:\/\/tucomarca.whitekongsoftware.com\/ca\/wp-json\/wp\/v2\/media?parent=278900"}],"wp:term":[{"taxonomy":"category","embeddable":true,"href":"https:\/\/tucomarca.whitekongsoftware.com\/ca\/wp-json\/wp\/v2\/categories?post=278900"},{"taxonomy":"post_tag","embeddable":true,"href":"https:\/\/tucomarca.whitekongsoftware.com\/ca\/wp-json\/wp\/v2\/tags?post=278900"}],"curies":[{"name":"wp","href":"https:\/\/api.w.org\/{rel}","templated":true}]}}