{"id":278799,"date":"2025-09-09T13:00:00","date_gmt":"2025-09-09T11:00:00","guid":{"rendered":"https:\/\/www.tucomarca.com\/wordpress\/segunda\/?p=278799"},"modified":"2025-09-09T20:50:55","modified_gmt":"2025-09-09T18:50:55","slug":"martinez-mus-destaca-que-els-parcs-metropolitans-inundables-comptaran-amb-espais-climatics-i-un-monitoratge-continu","status":"publish","type":"post","link":"https:\/\/tucomarca.whitekongsoftware.com\/ca\/martinez-mus-destaca-que-els-parcs-metropolitans-inundables-comptaran-amb-espais-climatics-i-un-monitoratge-continu\/","title":{"rendered":"Mart\u00ednez Mus destaca que els parcs metropolitans inundables comptaran amb espais clim\u00e0tics i un monitoratge continu"},"content":{"rendered":"\n<h3 class=\"wp-block-heading\">Les instal\u00b7lacions comptaran amb estacions meteorol\u00f2giques en punts clau de les cap\u00e7aleres i zones de conflu\u00e8ncia en el marc d&#8217;una estrat\u00e8gia de &#8220;reducci\u00f3 de risc&#8221; enfront de noves riuades.<\/h3>\n\n\n\n<h3 class=\"wp-block-heading\">El conseller ha explicat que aquest model, consensuat amb el Centre d&#8217;Estudis Ambientals del Mediterrani, \u201cva m\u00e9s enll\u00e0 de la simple prevenci\u00f3 de riscos\u201d i planteja una \u201ctransformaci\u00f3 integral\u201d.<\/h3>\n\n\n\n<p class=\"wp-block-paragraph\">El conseller de Medi Ambient, Infraestructures i Territori, Vicente Mart\u00ednez Mus, ha destacat que els parcs metropolitans inundables comptaran amb espais clim\u00e0tics per a fer front a les onades de calor i temperatures extremes, aix\u00ed com un monitoratge continu per a tindre dades reals de la situaci\u00f3 de l&#8217;entorn.<\/p>\n\n\n\n<p class=\"wp-block-paragraph\">Aix\u00ed ho ha anunciat Mart\u00ednez Mus, despr\u00e9s de la seua visita a les instal\u00b7lacions del Centre d&#8217;Estudis Ambientals del Mediterrani (CEAM), una de les entitats dependents de la Generalitat que participa en el projecte de manera activa amb l&#8217;objectiu d&#8217;aportar \u201cuna visi\u00f3 cient\u00edfica avan\u00e7ada\u201d a una iniciativa que busca complementar les obres de canalitzaci\u00f3 per a previndre riuades, que ha de dur a terme el Govern.<\/p>\n\n\n\n<p class=\"wp-block-paragraph\">Entre les propostes del CEAM ressalta la creaci\u00f3 d&#8217;espais urbans resilients, que milloren la qualitat de vida i el confort clim\u00e0tic, aix\u00ed com el monitoratge de manera cont\u00ednua les condicions meteorol\u00f2giques. De la mateixa forma, l&#8217;organisme assessora t\u00e8cnicament sobre vegetaci\u00f3 urbana saludable adaptada i dona suport al disseny d&#8217;espais p\u00fablics segurs i utilitzables fins i tot en condicions clim\u00e0tiques adverses.<\/p>\n\n\n\n<p class=\"wp-block-paragraph\">D&#8217;altra banda, en la reuni\u00f3 s&#8217;ha consensuat que els futurs espais clim\u00e0tics comptaran amb zones d&#8217;ombra per a poder realitzar esport quan hi haja altes temperatures, aix\u00ed com la pres\u00e8ncia de vegetaci\u00f3 densa, fonts d&#8217;aigua potable, bancs i \u00e0rees accessibles per al descans i l&#8217;oci familiar durant episodis de calor extrema.&nbsp;<\/p>\n\n\n\n<p class=\"wp-block-paragraph\">Mart\u00ednez Mus ha subratllat que, d&#8217;aquesta manera, el CEAM proporcionar\u00e0 solucions \u201cclim\u00e0ticament adaptades i orientades al benestar ciutad\u00e0\u201d. Aix\u00ed, el model que planteja la Generalitat i en el qual col\u00b7laborar\u00e0 aquesta entitat, persegueix \u201cuna transformaci\u00f3 integral cap a una metr\u00f2poli resilient, biosaludable i cohesionada, en un context d&#8217;accelerat risc clim\u00e0tic\u201d.<\/p>\n\n\n\n<p class=\"wp-block-paragraph\">Davant la cat\u00e0strofe sense precedents de les riuades del passat octubre, la Generalitat ha impulsat un sistema de parcs metropolitans lineals (T\u00faria i Poyo\/Horta Sud), interconnectats mitjan\u00e7ant corredors verds i ciclov\u00edas, dissenyat per a regenerar el sud metropolit\u00e0 des d&#8217;una perspectiva ambiental, social i territorial.<\/p>\n\n\n\n<p class=\"wp-block-paragraph\">D&#8217;aquesta manera, amb la incorporaci\u00f3 del CEAM s&#8217;obri \u201cuna oportunitat per a consolidar un model de regeneraci\u00f3 territorial basat en la ci\u00e8ncia, la sensibilitat ambiental i orientaci\u00f3 clara a la qualitat de vida metropolitana\u201d, ha detallat el conseller.&nbsp;<\/p>\n\n\n\n<p class=\"wp-block-paragraph\">Les accions proposades situen el clima, la salut i el territori en el centre de la post-cat\u00e0strofe, establint les bases per a un futur metropolit\u00e0 m\u00e9s segur, resilient i habitable. Amb aix\u00f2, s&#8217;obri una nova etapa per a l&#8217;Horta Sud i tota l&#8217;\u00e0rea metropolitana de Val\u00e8ncia per a aconseguir \u201cun territori m\u00e9s preparat de cara als reptes del segle XXI, on la naturalesa i la innovaci\u00f3 s&#8217;uneixen al servei del benestar col\u00b7lectiu\u201d, ha assegurat el titular de Medi Ambient.<\/p>\n\n\n\n<figure class=\"wp-block-image size-large\"><img loading=\"lazy\" decoding=\"async\" width=\"1024\" height=\"771\" src=\"http:\/\/www.tucomarca.com\/wordpress\/segunda\/wp-content\/uploads\/2025\/09\/MED_parques_inundables01-1024x771.jpeg\" alt=\"\" class=\"wp-image-278794\" srcset=\"https:\/\/tucomarca.whitekongsoftware.com\/wp-content\/uploads\/2025\/09\/MED_parques_inundables01-1024x771.jpeg 1024w, https:\/\/tucomarca.whitekongsoftware.com\/wp-content\/uploads\/2025\/09\/MED_parques_inundables01-300x226.jpeg 300w, https:\/\/tucomarca.whitekongsoftware.com\/wp-content\/uploads\/2025\/09\/MED_parques_inundables01-768x578.jpeg 768w, https:\/\/tucomarca.whitekongsoftware.com\/wp-content\/uploads\/2025\/09\/MED_parques_inundables01-1536x1156.jpeg 1536w, https:\/\/tucomarca.whitekongsoftware.com\/wp-content\/uploads\/2025\/09\/MED_parques_inundables01-678x509.jpeg 678w, https:\/\/tucomarca.whitekongsoftware.com\/wp-content\/uploads\/2025\/09\/MED_parques_inundables01-326x245.jpeg 326w, https:\/\/tucomarca.whitekongsoftware.com\/wp-content\/uploads\/2025\/09\/MED_parques_inundables01-80x60.jpeg 80w, https:\/\/tucomarca.whitekongsoftware.com\/wp-content\/uploads\/2025\/09\/MED_parques_inundables01.jpeg 1600w\" sizes=\"auto, (max-width: 1024px) 100vw, 1024px\" \/><\/figure>\n","protected":false},"excerpt":{"rendered":"<div class=\"mh-excerpt\">Les instal\u00b7lacions comptaran amb estacions meteorol\u00f2giques en punts clau de les cap\u00e7aleres i zones de conflu\u00e8ncia en el marc d&#8217;una estrat\u00e8gia de &#8220;reducci\u00f3 de risc&#8221; enfront de noves riuades. El conseller ha explicat que aquest <a class=\"mh-excerpt-more\" href=\"https:\/\/tucomarca.whitekongsoftware.com\/ca\/martinez-mus-destaca-que-els-parcs-metropolitans-inundables-comptaran-amb-espais-climatics-i-un-monitoratge-continu\/\" title=\"Mart\u00ednez Mus destaca que els parcs metropolitans inundables comptaran amb espais clim\u00e0tics i un monitoratge continu\">[+] <\/a><\/div>\n","protected":false},"author":13,"featured_media":278797,"comment_status":"open","ping_status":"open","sticky":false,"template":"","format":"standard","meta":{"footnotes":""},"categories":[21466,10898,10948,10894,10904,10903,10947,10896,10897],"tags":[15409,12903,11199,12166],"class_list":["post-278799","post","type-post","status-publish","format-standard","has-post-thumbnail","category-dana-ca","category-ventana-ca","category-infraestructuras-ca","category-la-comarca-ca","category-sin-categorizar-ca","category-medio-ambiente-la-comarca-ca","category-politica","category-seccion-ca","category-sucesos-la-comarca-ca","tag-dana-2-ca","tag-infraestructuras-ca","tag-la-comunitat-ca","tag-medio-ambiente-ca"],"_links":{"self":[{"href":"https:\/\/tucomarca.whitekongsoftware.com\/ca\/wp-json\/wp\/v2\/posts\/278799","targetHints":{"allow":["GET"]}}],"collection":[{"href":"https:\/\/tucomarca.whitekongsoftware.com\/ca\/wp-json\/wp\/v2\/posts"}],"about":[{"href":"https:\/\/tucomarca.whitekongsoftware.com\/ca\/wp-json\/wp\/v2\/types\/post"}],"author":[{"embeddable":true,"href":"https:\/\/tucomarca.whitekongsoftware.com\/ca\/wp-json\/wp\/v2\/users\/13"}],"replies":[{"embeddable":true,"href":"https:\/\/tucomarca.whitekongsoftware.com\/ca\/wp-json\/wp\/v2\/comments?post=278799"}],"version-history":[{"count":0,"href":"https:\/\/tucomarca.whitekongsoftware.com\/ca\/wp-json\/wp\/v2\/posts\/278799\/revisions"}],"wp:featuredmedia":[{"embeddable":true,"href":"https:\/\/tucomarca.whitekongsoftware.com\/ca\/wp-json\/wp\/v2\/media\/278797"}],"wp:attachment":[{"href":"https:\/\/tucomarca.whitekongsoftware.com\/ca\/wp-json\/wp\/v2\/media?parent=278799"}],"wp:term":[{"taxonomy":"category","embeddable":true,"href":"https:\/\/tucomarca.whitekongsoftware.com\/ca\/wp-json\/wp\/v2\/categories?post=278799"},{"taxonomy":"post_tag","embeddable":true,"href":"https:\/\/tucomarca.whitekongsoftware.com\/ca\/wp-json\/wp\/v2\/tags?post=278799"}],"curies":[{"name":"wp","href":"https:\/\/api.w.org\/{rel}","templated":true}]}}