{"id":278777,"date":"2025-09-09T10:30:00","date_gmt":"2025-09-09T08:30:00","guid":{"rendered":"https:\/\/www.tucomarca.com\/wordpress\/segunda\/?p=278777"},"modified":"2025-09-09T20:54:39","modified_gmt":"2025-09-09T18:54:39","slug":"la-consellera-de-justicia-representants-de-la-generalitat-diputats-i-senadors-recolzen-a-utiel-en-el-dia-gran-de-la-els-seus-festejos-patronals","status":"publish","type":"post","link":"https:\/\/tucomarca.whitekongsoftware.com\/ca\/la-consellera-de-justicia-representants-de-la-generalitat-diputats-i-senadors-recolzen-a-utiel-en-el-dia-gran-de-la-els-seus-festejos-patronals\/","title":{"rendered":"La consellera de Just\u00edcia, representants de la Generalitat, diputats i senadors recolzen a Utiel en el dia gran de la els seus festejos patronals"},"content":{"rendered":"\n<p class=\"wp-block-paragraph\">Ahir Utiel celebrava la festivitat de la seua patrona. L&#8217;alcalde d&#8217;Utiel, Ricardo Gabald\u00f3n i la consellera de Just\u00edcia, Nuria Mart\u00ednez, juntament amb representants de la Generalitat, Diputats i Senadors, van formar la comitiva, en el dia gran de la ciutat.<\/p>\n\n\n\n<p class=\"wp-block-paragraph\">Els responsables de les administracions auton\u00f2mica i central van traslladar el seu agra\u00efment a l&#8217;alcalde d&#8217;Utiel, Ricardo Gabald\u00f3n per convidar-los a compartir i sentir l&#8217;emoci\u00f3 i la solemnitat del dia de la patrona d&#8217;Utiel, 8 de setembre, carregat de utielan\u00eda.<\/p>\n\n\n\n<p class=\"wp-block-paragraph\">Ahir Utiel celebrava la festivitat de la seua patrona. L&#8217;alcalde d&#8217;Utiel, Ricardo Gabald\u00f3n i la consellera de Just\u00edcia, Nuria Mart\u00ednez, juntament amb representants de la Generalitat, Diputats i Senadors, van formar la comitiva, en el dia gran de la ciutat.<\/p>\n\n\n\n<p class=\"wp-block-paragraph\">Els responsables de les administraci\u00f3 auton\u00f2mica i nacional van traslladar el seu agra\u00efment a l&#8217;alcalde d&#8217;Utiel, Ricardo Gabald\u00f3n per convidar-los a compartir i sentir &nbsp; l&#8217;emoci\u00f3 i la solemnitat del dia de la patrona d&#8217;Utiel, 8 de setembre, &nbsp;carregat de utielan\u00eda.<\/p>\n\n\n\n<p class=\"wp-block-paragraph\">Utiel va viure ahir el seu dia gran, la festivitat de la seua patrona la Verge del Remei, compartint els actes solemnes i plens d&#8217;emotivitat amb una nodrida representaci\u00f3 de c\u00e0rrecs institucionals.<\/p>\n\n\n\n<p class=\"wp-block-paragraph\">L&#8217;alcalde d&#8217;Utiel , Ricardo Gabald\u00f3n , corporaci\u00f3 i comitiva van estar abrigallats en el dia m\u00e9s important de les festes patronals, per representants de la Generalitat del Congr\u00e9s i del Senat<\/p>\n\n\n\n<p class=\"wp-block-paragraph\">Els &nbsp;actes commemoratius del 8 de setembre , amb la solemne baixada i pujada del pend\u00f3 de la ciutat i la &nbsp;process\u00f3 en honor a la Verge del Remei, van comptar amb l&#8217;assist\u00e8ncia de &nbsp;la consellera de Just\u00edcia, Nuria Mart\u00ednez, la directora general de Just\u00edcia, M\u00aa Jos\u00e9 Adalid; el &nbsp;director general d&#8217;Atenci\u00f3 a les V\u00edctimes i Acc\u00e9s a la Just\u00edcia, Fran Soler i el President del Consell Escolar de la Comunitat Valenciana, Juan Salvador Oliver ; la Diputada en el Congr\u00e9s, Cristina Moreno i els senadors Fernando Carbonell i Estela Darocas.<\/p>\n\n\n\n<p class=\"wp-block-paragraph\">Els responsables de les administracions auton\u00f2mica i central van traslladar el seu agra\u00efment a l&#8217;alcalde d&#8217;Utiel, Ricardo Gabald\u00f3n per convidar-los a compartir i sentir &nbsp; l&#8217;emoci\u00f3 i la solemnitat d&#8217;un dia carregat de utielan\u00eda.<a><\/a><\/p>\n","protected":false},"excerpt":{"rendered":"<div class=\"mh-excerpt\">Ahir Utiel celebrava la festivitat de la seua patrona. L&#8217;alcalde d&#8217;Utiel, Ricardo Gabald\u00f3n i la consellera de Just\u00edcia, Nuria Mart\u00ednez, juntament amb representants de la Generalitat, Diputats i Senadors, van formar la comitiva, en el <a class=\"mh-excerpt-more\" href=\"https:\/\/tucomarca.whitekongsoftware.com\/ca\/la-consellera-de-justicia-representants-de-la-generalitat-diputats-i-senadors-recolzen-a-utiel-en-el-dia-gran-de-la-els-seus-festejos-patronals\/\" title=\"La consellera de Just\u00edcia, representants de la Generalitat, diputats i senadors recolzen a Utiel en el dia gran de la els seus festejos patronals\">[+] <\/a><\/div>\n","protected":false},"author":13,"featured_media":278775,"comment_status":"open","ping_status":"open","sticky":false,"template":"","format":"standard","meta":{"footnotes":""},"categories":[10894,10904,11007,10909,10896,11059],"tags":[14071,15856,10910,11174],"class_list":["post-278777","post","type-post","status-publish","format-standard","has-post-thumbnail","category-la-comarca-ca","category-sin-categorizar-ca","category-ocio-y-cultura-ca","category-requena-utiel-ca","category-seccion-ca","category-utiel-ca","tag-fiestas-patronales-ca","tag-ocio-y-cultura-ca","tag-requena-utiel-ca","tag-utiel-ca"],"_links":{"self":[{"href":"https:\/\/tucomarca.whitekongsoftware.com\/ca\/wp-json\/wp\/v2\/posts\/278777","targetHints":{"allow":["GET"]}}],"collection":[{"href":"https:\/\/tucomarca.whitekongsoftware.com\/ca\/wp-json\/wp\/v2\/posts"}],"about":[{"href":"https:\/\/tucomarca.whitekongsoftware.com\/ca\/wp-json\/wp\/v2\/types\/post"}],"author":[{"embeddable":true,"href":"https:\/\/tucomarca.whitekongsoftware.com\/ca\/wp-json\/wp\/v2\/users\/13"}],"replies":[{"embeddable":true,"href":"https:\/\/tucomarca.whitekongsoftware.com\/ca\/wp-json\/wp\/v2\/comments?post=278777"}],"version-history":[{"count":0,"href":"https:\/\/tucomarca.whitekongsoftware.com\/ca\/wp-json\/wp\/v2\/posts\/278777\/revisions"}],"wp:featuredmedia":[{"embeddable":true,"href":"https:\/\/tucomarca.whitekongsoftware.com\/ca\/wp-json\/wp\/v2\/media\/278775"}],"wp:attachment":[{"href":"https:\/\/tucomarca.whitekongsoftware.com\/ca\/wp-json\/wp\/v2\/media?parent=278777"}],"wp:term":[{"taxonomy":"category","embeddable":true,"href":"https:\/\/tucomarca.whitekongsoftware.com\/ca\/wp-json\/wp\/v2\/categories?post=278777"},{"taxonomy":"post_tag","embeddable":true,"href":"https:\/\/tucomarca.whitekongsoftware.com\/ca\/wp-json\/wp\/v2\/tags?post=278777"}],"curies":[{"name":"wp","href":"https:\/\/api.w.org\/{rel}","templated":true}]}}