{"id":278738,"date":"2025-09-13T17:00:00","date_gmt":"2025-09-13T15:00:00","guid":{"rendered":"https:\/\/www.tucomarca.com\/wordpress\/segunda\/?p=278738"},"modified":"2025-09-22T14:47:25","modified_gmt":"2025-09-22T12:47:25","slug":"el-barri-sant-rafael-de-bunyol-celebrara-les-seues-festes-del-19-al-21-de-setembre","status":"publish","type":"post","link":"https:\/\/tucomarca.whitekongsoftware.com\/ca\/el-barri-sant-rafael-de-bunyol-celebrara-les-seues-festes-del-19-al-21-de-setembre\/","title":{"rendered":"El Barri Sant Rafael de Bunyol celebrar\u00e0 les seues festes del 19 al 21 de setembre"},"content":{"rendered":"\n<p class=\"wp-block-paragraph\">El Barri Sant Rafael de Bunyol ja es prepara per a viure un intens cap de setmana festiu amb activitats per a totes les edats, que se celebraran els dies 19, 20 i 21 de setembre.<\/p>\n\n\n\n<p class=\"wp-block-paragraph\">El divendres 19 de setembre comen\u00e7ar\u00e0 amb el tradicional sopar de sobaquillo amb servei de bar a les 21,00h, seguida a les 23,00h d&#8217;un concert en la pla\u00e7a del barri, a c\u00e0rrec de la Banda Juvenil del CIM L&#8217;Harm\u00f2nica de Bunyol.<\/p>\n\n\n\n<p class=\"wp-block-paragraph\">El dissabte 20 de setembre la jornada arrancar\u00e0 a les 10,00h amb l&#8217;esmorzar de germanor, seguit a les 12,00h de l&#8217;activitat Cinqu\u00e9 i tapa, jocs infantils i cucanyes organitzats per la Serrana. A la vesprada, a les 18,00h, es repartir\u00e0 la llenya, taules i cadires per a l&#8217;esperada torr\u00e1 popular, que comen\u00e7ar\u00e0 a les 19,30h. La vetlada es tancar\u00e0 a les 23,00h amb un gran espectacle.<\/p>\n\n\n\n<p class=\"wp-block-paragraph\">El diumenge 21 de setembre els actes se centraran en la part m\u00e9s solemne i tradicional. A les 11,00h se celebrar\u00e0 la missa a l&#8217;esgl\u00e9sia del barri, seguida a les 12,00h de la romeria amb la imatge de Sant Rafael pels carrers. Finalment, a les 13,00h, tindr\u00e0 lloc una masclet\u00e0 acompanyada d&#8217;un vi d&#8217;honor que posar\u00e0 el fermall d&#8217;or a aquestes festes.<\/p>\n\n\n\n<p class=\"wp-block-paragraph\">A m\u00e9s, s&#8217;informa que es posaran a la venda 50 tiquets per a la torr\u00e1, que inclouen taula i 8 cadires, al preu de 10 \u20ac cadascun. La reserva podr\u00e0 realitzar-se a partir del dimarts 5 de setembre a trav\u00e9s de l&#8217;associaci\u00f3 en el tel\u00e8fon indicat en el cartell.<\/p>\n\n\n\n<p class=\"wp-block-paragraph\">Les festes del Barri Sant Rafael estan organitzades per l&#8217;Associaci\u00f3 de Ve\u00efns i patrocinades per l&#8217;Ajuntament de Bunyol.<\/p>\n","protected":false},"excerpt":{"rendered":"<div class=\"mh-excerpt\">El Barri Sant Rafael de Bunyol ja es prepara per a viure un intens cap de setmana festiu amb activitats per a totes les edats, que se celebraran els dies 19, 20 i 21 de <a class=\"mh-excerpt-more\" href=\"https:\/\/tucomarca.whitekongsoftware.com\/ca\/el-barri-sant-rafael-de-bunyol-celebrara-les-seues-festes-del-19-al-21-de-setembre\/\" title=\"El Barri Sant Rafael de Bunyol celebrar\u00e0 les seues festes del 19 al 21 de setembre\">[+] <\/a><\/div>\n","protected":false},"author":12,"featured_media":92474,"comment_status":"open","ping_status":"open","sticky":false,"template":"","format":"standard","meta":{"footnotes":""},"categories":[11019,10911,10894,10912,11007,10896],"tags":[12018,10913,10914],"class_list":["post-278738","post","type-post","status-publish","format-standard","has-post-thumbnail","category-agenda-ca","category-bunol-ca","category-la-comarca-ca","category-la-hoya-ca","category-ocio-y-cultura-ca","category-seccion-ca","tag-barrio-san-rafael-de-bunol-ca","tag-bunol-ca","tag-la-hoya-de-bunol-chiva-ca"],"_links":{"self":[{"href":"https:\/\/tucomarca.whitekongsoftware.com\/ca\/wp-json\/wp\/v2\/posts\/278738","targetHints":{"allow":["GET"]}}],"collection":[{"href":"https:\/\/tucomarca.whitekongsoftware.com\/ca\/wp-json\/wp\/v2\/posts"}],"about":[{"href":"https:\/\/tucomarca.whitekongsoftware.com\/ca\/wp-json\/wp\/v2\/types\/post"}],"author":[{"embeddable":true,"href":"https:\/\/tucomarca.whitekongsoftware.com\/ca\/wp-json\/wp\/v2\/users\/12"}],"replies":[{"embeddable":true,"href":"https:\/\/tucomarca.whitekongsoftware.com\/ca\/wp-json\/wp\/v2\/comments?post=278738"}],"version-history":[{"count":0,"href":"https:\/\/tucomarca.whitekongsoftware.com\/ca\/wp-json\/wp\/v2\/posts\/278738\/revisions"}],"wp:featuredmedia":[{"embeddable":true,"href":"https:\/\/tucomarca.whitekongsoftware.com\/ca\/wp-json\/wp\/v2\/media\/92474"}],"wp:attachment":[{"href":"https:\/\/tucomarca.whitekongsoftware.com\/ca\/wp-json\/wp\/v2\/media?parent=278738"}],"wp:term":[{"taxonomy":"category","embeddable":true,"href":"https:\/\/tucomarca.whitekongsoftware.com\/ca\/wp-json\/wp\/v2\/categories?post=278738"},{"taxonomy":"post_tag","embeddable":true,"href":"https:\/\/tucomarca.whitekongsoftware.com\/ca\/wp-json\/wp\/v2\/tags?post=278738"}],"curies":[{"name":"wp","href":"https:\/\/api.w.org\/{rel}","templated":true}]}}