{"id":278536,"date":"2025-09-05T11:30:00","date_gmt":"2025-09-05T09:30:00","guid":{"rendered":"https:\/\/www.tucomarca.com\/wordpress\/segunda\/?p=278536"},"modified":"2025-09-05T20:08:21","modified_gmt":"2025-09-05T18:08:21","slug":"educacio-i-els-centres-dalgemesi-alfafar-i-massanassa-que-aniran-a-aules-prefabricades-despres-de-la-riuada-acorden-iniciar-el-curs-l11-de-setembre","status":"publish","type":"post","link":"https:\/\/tucomarca.whitekongsoftware.com\/ca\/educacio-i-els-centres-dalgemesi-alfafar-i-massanassa-que-aniran-a-aules-prefabricades-despres-de-la-riuada-acorden-iniciar-el-curs-l11-de-setembre\/","title":{"rendered":"Educaci\u00f3 i els centres d&#8217;Algemes\u00ed, Alfafar i Massanassa que aniran a aules prefabricades despr\u00e9s de la riuada acorden iniciar el curs l&#8217;11 de setembre"},"content":{"rendered":"\n<h3 class=\"wp-block-heading\">La data s&#8217;ha acordat amb la comunitat educativa perqu\u00e8 els centres puguen ultimar els detalls d&#8217;organitzaci\u00f3 pendents i que les classes puguen iniciar-se amb normalitat.<\/h3>\n\n\n\n<p class=\"wp-block-paragraph\">La Conselleria d&#8217;Educaci\u00f3, Cultura, Universitats i Ocupaci\u00f3 i la comunitat educativa dels centres d&#8217;Algemes\u00ed, Alfafar i Massanassa, que aniran a aules prefabricades despr\u00e9s de resultar afectats per la riuada d&#8217;octubre de 2024, han acordat iniciar el curs escolar 2025\/2026 l&#8217;11 de setembre.<\/p>\n\n\n\n<p class=\"wp-block-paragraph\">La nova data suposa tan sols uns dies de difer\u00e8ncia respecte a l&#8217;inici de curs oficial. Aix\u00ed, a Massanassa l&#8217;alumnat de l&#8217;escola infantil Ausi\u00e0s March i del CEP Llu\u00eds Vives comen\u00e7ar\u00e0 en una mateixa ubicaci\u00f3 tres dies despr\u00e9s del 8 de setembre. En el cas d&#8217;Algemes\u00ed -CEIP Carme Miquel- i d&#8217;Alfafar -CEIP l\u2019Orba-, es tracta tan sols de dos dies d&#8217;ajornament, at\u00e9s que el dia 8 \u00e9s festiu local en totes dues localitats i el pla original era comen\u00e7ar el dia 9.<\/p>\n\n\n\n<p class=\"wp-block-paragraph\">La decisi\u00f3 de comen\u00e7ar l&#8217;11 de setembre s&#8217;ha acordat perqu\u00e8 els centres puguen disposar del temps necessari a l&#8217;hora d&#8217;ultimar detalls i que d&#8217;aquesta manera les classes puguen iniciar-se amb normalitat.<\/p>\n\n\n\n<p class=\"wp-block-paragraph\">Des de la Conselleria d&#8217;Educaci\u00f3 s&#8217;est\u00e0 fent un seguiment exhaustiu de les instal\u00b7lacions i s&#8217;est\u00e0 en contacte constant amb els ajuntaments i equips directius per a informar sobre la situaci\u00f3 de cada centre.<\/p>\n\n\n\n<p class=\"wp-block-paragraph\"><a href=\"https:\/\/twitter.com\/generalitat\"><\/a><a href=\"https:\/\/www.youtube.com\/user\/PresidenciaGVA\"><\/a><a href=\"https:\/\/www.facebook.com\/generalitatvalenciana\"><\/a><a href=\"https:\/\/www.instagram.com\/generalitatvalenciana\"><\/a><\/p>\n","protected":false},"excerpt":{"rendered":"<div class=\"mh-excerpt\">La data s&#8217;ha acordat amb la comunitat educativa perqu\u00e8 els centres puguen ultimar els detalls d&#8217;organitzaci\u00f3 pendents i que les classes puguen iniciar-se amb normalitat. La Conselleria d&#8217;Educaci\u00f3, Cultura, Universitats i Ocupaci\u00f3 i la comunitat <a class=\"mh-excerpt-more\" href=\"https:\/\/tucomarca.whitekongsoftware.com\/ca\/educacio-i-els-centres-dalgemesi-alfafar-i-massanassa-que-aniran-a-aules-prefabricades-despres-de-la-riuada-acorden-iniciar-el-curs-l11-de-setembre\/\" title=\"Educaci\u00f3 i els centres d&#8217;Algemes\u00ed, Alfafar i Massanassa que aniran a aules prefabricades despr\u00e9s de la riuada acorden iniciar el curs l&#8217;11 de setembre\">[+] <\/a><\/div>\n","protected":false},"author":12,"featured_media":278535,"comment_status":"open","ping_status":"open","sticky":false,"template":"","format":"standard","meta":{"footnotes":""},"categories":[10983,21466,10898,10948,10894,10904,10902,10903,10947,10896,10897],"tags":[11081,15409,11246,11356],"class_list":["post-278536","post","type-post","status-publish","format-standard","has-post-thumbnail","category-algemesi-ca","category-dana-ca","category-ventana-ca","category-infraestructuras-ca","category-la-comarca-ca","category-sin-categorizar-ca","category-la-ribera-ca","category-medio-ambiente-la-comarca-ca","category-politica","category-seccion-ca","category-sucesos-la-comarca-ca","tag-algemesi-ca","tag-dana-2-ca","tag-diputacio-de-valencia-ca","tag-ribera-alta-ca"],"_links":{"self":[{"href":"https:\/\/tucomarca.whitekongsoftware.com\/ca\/wp-json\/wp\/v2\/posts\/278536","targetHints":{"allow":["GET"]}}],"collection":[{"href":"https:\/\/tucomarca.whitekongsoftware.com\/ca\/wp-json\/wp\/v2\/posts"}],"about":[{"href":"https:\/\/tucomarca.whitekongsoftware.com\/ca\/wp-json\/wp\/v2\/types\/post"}],"author":[{"embeddable":true,"href":"https:\/\/tucomarca.whitekongsoftware.com\/ca\/wp-json\/wp\/v2\/users\/12"}],"replies":[{"embeddable":true,"href":"https:\/\/tucomarca.whitekongsoftware.com\/ca\/wp-json\/wp\/v2\/comments?post=278536"}],"version-history":[{"count":0,"href":"https:\/\/tucomarca.whitekongsoftware.com\/ca\/wp-json\/wp\/v2\/posts\/278536\/revisions"}],"wp:featuredmedia":[{"embeddable":true,"href":"https:\/\/tucomarca.whitekongsoftware.com\/ca\/wp-json\/wp\/v2\/media\/278535"}],"wp:attachment":[{"href":"https:\/\/tucomarca.whitekongsoftware.com\/ca\/wp-json\/wp\/v2\/media?parent=278536"}],"wp:term":[{"taxonomy":"category","embeddable":true,"href":"https:\/\/tucomarca.whitekongsoftware.com\/ca\/wp-json\/wp\/v2\/categories?post=278536"},{"taxonomy":"post_tag","embeddable":true,"href":"https:\/\/tucomarca.whitekongsoftware.com\/ca\/wp-json\/wp\/v2\/tags?post=278536"}],"curies":[{"name":"wp","href":"https:\/\/api.w.org\/{rel}","templated":true}]}}