{"id":278494,"date":"2025-09-05T12:15:00","date_gmt":"2025-09-05T10:15:00","guid":{"rendered":"https:\/\/www.tucomarca.com\/wordpress\/segunda\/?p=278494"},"modified":"2025-09-05T14:19:49","modified_gmt":"2025-09-05T12:19:49","slug":"la-generalitat-incrementa-en-174-milions-les-ajudes-per-vehicles-sinistrats-en-la-dana","status":"publish","type":"post","link":"https:\/\/tucomarca.whitekongsoftware.com\/ca\/la-generalitat-incrementa-en-174-milions-les-ajudes-per-vehicles-sinistrats-en-la-dana\/","title":{"rendered":"La Generalitat incrementa en 174 milions les ajudes per vehicles sinistrats en la dana"},"content":{"rendered":"\n<h3 class=\"wp-block-heading\">L&#8217;augment s&#8217;aplicar\u00e0 de manera autom\u00e0tica sense necessitat que els beneficiaris el sol\u00b7liciten.<\/h3>\n\n\n\n<h3 class=\"wp-block-heading\">Per als afectats que no es van acollir a aquestes ajudes les anteriors convocat\u00f2ries, s&#8217;estableix un nou termini de sol\u00b7licituds de l&#8217;1 al 22 d&#8217;octubre.<\/h3>\n\n\n\n<p class=\"wp-block-paragraph\">El Consell ha aprovat un decret pel qual s&#8217;incrementen en 174 milions d&#8217;euros la quantia total de les ajudes destinades a compensar la p\u00e8rdua de vehicles sinistrats durant la riuada del 29 d&#8217;octubre de 2024, al mateix temps que s&#8217;estableix un nou termini de sol\u00b7licitud entre l&#8217;1 i el 22 d&#8217;octubre per a aquells afectats que no les van sol\u00b7licitar en les anteriors convocat\u00f2ries.<\/p>\n\n\n\n<p class=\"wp-block-paragraph\">Les noves quanties m\u00e0ximes de les ajudes es dupliquen respecte a les inicialment concedides. Aix\u00ed, tenint en compte els abonaments ja realitzats, les quantitats totals oscil\u00b7laran entre 500 euros per a ciclomotors i fins a 30.000 euros per a autobusos i autocars, amb exemples intermedis com 4.000 euros per a turismes, 5.000 euros per a turismes adaptats a persones amb mobilitat redu\u00efda, 18.000 euros per a camions de gran tonatge o 16.000 euros per a maquin\u00e0ria agr\u00edcola i d&#8217;obres. En total, es contemplen m\u00e9s de 40 tipologies de vehicles.<\/p>\n\n\n\n<p class=\"wp-block-paragraph\"><strong>Gesti\u00f3 autom\u00e0tica de l&#8217;increment<\/strong><\/p>\n\n\n\n<p class=\"wp-block-paragraph\">L&#8217;Ag\u00e8ncia Tribut\u00e0ria Valenciana (ATV) ser\u00e0 l&#8217;encarregada de tramitar l&#8217;increment sense que els beneficiaris hagen de sol\u00b7licitar-lo de nou. El pagament de l&#8217;increment de les ajudes es realitzar\u00e0 mitjan\u00e7ant transfer\u00e8ncia al compte bancari en la qual es va abonar a les persones benefici\u00e0ries l&#8217;ajuda inicial.&nbsp;<\/p>\n\n\n\n<p class=\"wp-block-paragraph\">A m\u00e9s, el decret estableix un termini de cinc dies h\u00e0bils despr\u00e9s de la seua publicaci\u00f3 en el Diari Oficial de la Generalitat Valenciana (DOGV) per a possibles ren\u00fancies a l&#8217;augment per part de les persones benefici\u00e0ries.<\/p>\n\n\n\n<p class=\"wp-block-paragraph\">Considerant que s&#8217;incrementa significativament l&#8217;import inicial de les ajudes, s&#8217;estima necessari tamb\u00e9 habilitar un nou termini extraordinari de presentaci\u00f3 de sol\u00b7licituds, que romandr\u00e0 obert de l&#8217;1 al 22 d&#8217;octubre de 2025.<\/p>\n\n\n\n<p class=\"wp-block-paragraph\">A aquest nou termini es podran acollir-se els qui no van sol\u00b7licitar les ajudes en les convocat\u00f2ries anteriors, o en cas d&#8217;haver-les demanat, que siga per a un vehicle distint.<\/p>\n\n\n\n<p class=\"wp-block-paragraph\">L&#8217;increment de les ajudes respon al car\u00e0cter catastr\u00f2fic i excepcional de la DANA i a la magnitud dels danys detectats en els expedients, amb l&#8217;objectiu d&#8217;aproximar-se el m\u00e0xim possible a la reparaci\u00f3 de les conseq\u00fc\u00e8ncies econ\u00f2miques i refor\u00e7ar la recuperaci\u00f3 socioecon\u00f2mica de les zones afectades.<\/p>\n","protected":false},"excerpt":{"rendered":"<div class=\"mh-excerpt\">L&#8217;augment s&#8217;aplicar\u00e0 de manera autom\u00e0tica sense necessitat que els beneficiaris el sol\u00b7liciten. Per als afectats que no es van acollir a aquestes ajudes les anteriors convocat\u00f2ries, s&#8217;estableix un nou termini de sol\u00b7licituds de l&#8217;1 al <a class=\"mh-excerpt-more\" href=\"https:\/\/tucomarca.whitekongsoftware.com\/ca\/la-generalitat-incrementa-en-174-milions-les-ajudes-per-vehicles-sinistrats-en-la-dana\/\" title=\"La Generalitat incrementa en 174 milions les ajudes per vehicles sinistrats en la dana\">[+] <\/a><\/div>\n","protected":false},"author":1,"featured_media":243227,"comment_status":"open","ping_status":"open","sticky":false,"template":"","format":"standard","meta":{"footnotes":""},"categories":[21466,10898,10948,10894,10904,10903,10947,10896,10897],"tags":[13821,12683,15409,11199],"class_list":["post-278494","post","type-post","status-publish","format-standard","has-post-thumbnail","category-dana-ca","category-ventana-ca","category-infraestructuras-ca","category-la-comarca-ca","category-sin-categorizar-ca","category-medio-ambiente-la-comarca-ca","category-politica","category-seccion-ca","category-sucesos-la-comarca-ca","tag-ayudas-ca","tag-consell-ca","tag-dana-2-ca","tag-la-comunitat-ca"],"_links":{"self":[{"href":"https:\/\/tucomarca.whitekongsoftware.com\/ca\/wp-json\/wp\/v2\/posts\/278494","targetHints":{"allow":["GET"]}}],"collection":[{"href":"https:\/\/tucomarca.whitekongsoftware.com\/ca\/wp-json\/wp\/v2\/posts"}],"about":[{"href":"https:\/\/tucomarca.whitekongsoftware.com\/ca\/wp-json\/wp\/v2\/types\/post"}],"author":[{"embeddable":true,"href":"https:\/\/tucomarca.whitekongsoftware.com\/ca\/wp-json\/wp\/v2\/users\/1"}],"replies":[{"embeddable":true,"href":"https:\/\/tucomarca.whitekongsoftware.com\/ca\/wp-json\/wp\/v2\/comments?post=278494"}],"version-history":[{"count":0,"href":"https:\/\/tucomarca.whitekongsoftware.com\/ca\/wp-json\/wp\/v2\/posts\/278494\/revisions"}],"wp:featuredmedia":[{"embeddable":true,"href":"https:\/\/tucomarca.whitekongsoftware.com\/ca\/wp-json\/wp\/v2\/media\/243227"}],"wp:attachment":[{"href":"https:\/\/tucomarca.whitekongsoftware.com\/ca\/wp-json\/wp\/v2\/media?parent=278494"}],"wp:term":[{"taxonomy":"category","embeddable":true,"href":"https:\/\/tucomarca.whitekongsoftware.com\/ca\/wp-json\/wp\/v2\/categories?post=278494"},{"taxonomy":"post_tag","embeddable":true,"href":"https:\/\/tucomarca.whitekongsoftware.com\/ca\/wp-json\/wp\/v2\/tags?post=278494"}],"curies":[{"name":"wp","href":"https:\/\/api.w.org\/{rel}","templated":true}]}}