{"id":278454,"date":"2025-09-04T10:30:00","date_gmt":"2025-09-04T08:30:00","guid":{"rendered":"https:\/\/www.tucomarca.com\/wordpress\/segunda\/?p=278454"},"modified":"2025-09-04T18:33:51","modified_gmt":"2025-09-04T16:33:51","slug":"rovira-el-curs-escolar-2025-26-sinicia-amb-un-record-de-83-592-docents-laplicacio-total-de-la-llei-de-llibertat-educativa-i-bolcat-en-la-reconstruccio-despres-de-la-riuada","status":"publish","type":"post","link":"https:\/\/tucomarca.whitekongsoftware.com\/ca\/rovira-el-curs-escolar-2025-26-sinicia-amb-un-record-de-83-592-docents-laplicacio-total-de-la-llei-de-llibertat-educativa-i-bolcat-en-la-reconstruccio-despres-de-la-riuada\/","title":{"rendered":"Rovira: &#8220;El curs escolar 2025-26 s\u2019inicia amb un r\u00e8cord de 83.592 docents, l\u2019aplicaci\u00f3 total de la Llei de llibertat educativa i bolcat en la reconstrucci\u00f3 despr\u00e9s de la riuada&#8221;"},"content":{"rendered":"\n<h3 class=\"wp-block-heading\">Des del curs 2020\/2021 fins al curs 2025\/2026 s\u2019ha produ\u00eft un increment de 7.572 docents en l\u2019escola p\u00fablica valenciana.<\/h3>\n\n\n\n<h3 class=\"wp-block-heading\">El 99,8% de l\u2019alumnat estudiar\u00e0 en la llengua triada per les fam\u00edlies.<\/h3>\n\n\n\n<h3 class=\"wp-block-heading\">Les r\u00e0tios seguixen per davall del m\u00e0xim establit, es creen 41 unitats espec\u00edfiques per a alumnat amb dificultats i es mant\u00e9 la inversi\u00f3 en 0-3 i banc de llibres.<\/h3>\n\n\n\n<p class=\"wp-block-paragraph\">El conseller d\u2019Educaci\u00f3, Cultura, Universitats i Ocupaci\u00f3, Jos\u00e9 Antonio Rovira, ha assenyalat que el curs escolar 25\/26 arrancar\u00e0 el 8 de setembre en la Comunitat Valenciana \u201camb un r\u00e8cord de 83.592 docents, l\u2019aplicaci\u00f3 total de la Llei de llibertat educativa i bolcat en la reconstrucci\u00f3 despr\u00e9s de la riuada\u201d.<\/p>\n\n\n\n<p class=\"wp-block-paragraph\">El conseller ha comparegut per a explicar les principals dades del curs escolar en les etapes d\u2019Infantil, Prim\u00e0ria, Secund\u00e0ria, Batxillerat i Formaci\u00f3 Professional.&nbsp;<\/p>\n\n\n\n<p class=\"wp-block-paragraph\">El curs escolar arranca amb 810.730 alumnes, la qual cosa suposa un descens de 1.789 estudiants respecte a les dades definitives de final del curs 2024\/2025. Una baixada que s\u2019explica pel descens de la natalitat, especialment en els \u00faltims anys, la qual cosa es veu reflectida en les etapes m\u00e9s primerenques de l\u2019educaci\u00f3.&nbsp;<\/p>\n\n\n\n<p class=\"wp-block-paragraph\">Quant a les r\u00e0tios, es mantenen de nou per davall de les m\u00e0ximes establides. Aix\u00ed, la mitjana ser\u00e0 de 21 alumnes en Infantil de segon cicle i Prim\u00e0ria (la m\u00e0xima establida \u00e9s de 25), de 24 en Secund\u00e0ria (a on la r\u00e0tio m\u00e0xima establida \u00e9s de 30) i de 28,5 en Batxillerat (la r\u00e0tio m\u00e0xima fixada en esta etapa \u00e9s de 35).&nbsp;<\/p>\n\n\n\n<p class=\"wp-block-paragraph\">Aix\u00ed mateix, el conseller ha ressaltat que en 59 municipis s\u2019ha baixat la r\u00e0tio per a este curs per davall dels 25 alumnes amb l\u2019objectiu de mantindre el m\u00e0xim d\u2019unitats i garantir un lloc escolar. \u201cI en municipis amb el risc de despoblament s\u2019ha baixat de 4 a 3 el m\u00ednim d\u2019alumnes establits, amb la finalitat de poder mantindre\u2019ls. \u00c9s el segon any consecutiu que s\u2019abaixa la r\u00e0tio en estos municipis, ja que quan va arribar este Govern el m\u00ednim era de 6 alumnes\u201d.&nbsp;<\/p>\n\n\n\n<p class=\"wp-block-paragraph\">Rovira ha destacat l\u2019increment de docents per a este curs, en el qual s\u2019arriba a la xifra r\u00e8cord de 83.592 (15.734 docents en la concertada i 67.858 docents en la p\u00fablica). Al respecte, el conseller ha criticat que \u201cfa mesos que sentim parlar d\u2019unes retallades que no s\u00f3n certes. La difamaci\u00f3 no \u00e9s informaci\u00f3 i crear alarma intencionadament en la comunitat educativa basant-se en xifres err\u00f2nies \u00e9s una irresponsabilitat\u201d.&nbsp;<\/p>\n\n\n\n<p class=\"wp-block-paragraph\">Pel que fa \u00fanicament a l\u2019educaci\u00f3 p\u00fablica, el curs partix amb un increment de 1.482 docents respecte al 24\/25. El conseller ha recordat xifres de cursos anteriors i ha indicat que des del curs 2020\/2021 fins a este curs que comen\u00e7ar\u00e0, 2025\/2026, \u201cestem parlant d\u2019un increment de 7.572 docents en l\u2019escola p\u00fablica valenciana\u201d. \u201cEstes s\u00f3n les retallades del Govern del canvi\u201d, ha ironitzat.&nbsp;<\/p>\n\n\n\n<p class=\"wp-block-paragraph\">El conseller tamb\u00e9 ha al\u00b7ludit als advertiments d\u2019alguns sindicats d\u2019una \u201ctardor calenta\u201d en educaci\u00f3, que justifiquen en l\u2019exig\u00e8ncia d\u2019una pujada salarial. Al respecte, ha recordat que l\u2019\u00faltima pujada de sou als docents valencians va ser realitzada pel Govern auton\u00f2mic en 2007. \u201cI el responsable d\u2019eixa negociaci\u00f3, com a director general de Personal Docent vaig ser jo mateix\u201d.&nbsp;<\/p>\n\n\n\n<p class=\"wp-block-paragraph\"><strong>18 nous centres en este curs<\/strong><\/p>\n\n\n\n<p class=\"wp-block-paragraph\">El titular d\u2019Educaci\u00f3 ha fet tamb\u00e9 un rep\u00e0s sobre infraestructures educatives. \u201cDurant el curs escolar 2025\/2026 obriran les portes 18 nous centres escolars, despr\u00e9s d\u2019un any molt complex en el qual els esfor\u00e7os d\u2019infraestructures han estat centrats en gran part per una circumst\u00e0ncia tan tr\u00e0gica com la dana del passat octubre\u201d, ha indicat el conseller.&nbsp;<\/p>\n\n\n\n<p class=\"wp-block-paragraph\">Aix\u00ed, en este mes de setembre obriran 9 centres a Petrer, Canet d\u2019en Berenguer, Castell\u00f3 de la Plana (2), l\u2019Alcora, Loriguilla, Mislata, Algemes\u00ed i Picassent, i la resta ho faran al llarg del curs a Santa Pola, Almorad\u00ed, Gandia, Val\u00e8ncia, la Llosa, la Vall d\u2019Uix\u00f3, la Salzadella i Soneja.&nbsp;<\/p>\n\n\n\n<p class=\"wp-block-paragraph\">A m\u00e9s, hi ha obres en marxa tant de reformes, ampliacions com de noves a trav\u00e9s del pla Edificant. En este moment hi ha 382 obres en execuci\u00f3 en col\u00b7legis i instituts, la qual cosa suposa 46 m\u00e9s que setembre de 2024. La inversi\u00f3 per a estes obres \u00e9s de 640 milions d\u2019euros, que generen prop de 16.000 llocs de treball.&nbsp;<\/p>\n\n\n\n<p class=\"wp-block-paragraph\"><strong>Igualtat d\u2019oportunitats<\/strong><\/p>\n\n\n\n<p class=\"wp-block-paragraph\">El conseller ha explicat les inversions en mat\u00e8ries com el menjador escolar, que arriba als 76,3 milions d\u2019euros. \u201cEls beneficiaris superaran els 150.000 i d\u2019ells m\u00e9s de la mitat, el 56 %, tindran cobert el menjador escolar al 100 %\u201d, ha assenyalat. Quant al transport, s\u2019arriba a un import de 74,6 milions d\u2019inversi\u00f3. La gran majoria de la inversi\u00f3 \u00e9s per a transport col\u00b7lectiu. Es xifra en 44.800 els alumnes transportats i 3.400 els que gaudiran d\u2019ajudes individuals.&nbsp;<\/p>\n\n\n\n<p class=\"wp-block-paragraph\">Respecte al banc de llibres, Rovira ha indicat que \u201cdespr\u00e9s de la consulta de la llengua base hem sentit tamb\u00e9 moltes falsedats sobre este programa. La realitat \u00e9s que, com vam dir, el banc de llibres est\u00e0 garantit i es mant\u00e9 amb un pressupost de 46 milions d\u2019euros. L\u2019estimaci\u00f3 \u00e9s que es beneficien 529.007 alumnes\u201d.&nbsp;<\/p>\n\n\n\n<p class=\"wp-block-paragraph\">Aix\u00ed mateix, les fam\u00edlies disposaran per segon any consecutiu de la gratu\u00eftat 0-3 anys, \u201cuna educaci\u00f3 universal i gratu\u00efta, amb una inversi\u00f3 de 163 milions d\u2019euros i una previsi\u00f3 de beneficiaris, a inici de curs, de 44.320 xiquets i xiquetes\u201d.<\/p>\n\n\n\n<p class=\"wp-block-paragraph\">Finalment, este curs es crea, per segon any consecutiu, 41 noves aules UECO, destinades a atendre els alumnes amb necessitats especials en centres ordinaris. D\u2019esta manera, la prov\u00edncia de Castell\u00f3 comptar\u00e0 amb 4 unitats m\u00e9s, la de Val\u00e8ncia amb 20 i la d\u2019Alacant amb 17. En total la Comunitat disposar\u00e0 este curs de 339 aules UECO, distribu\u00efdes de la manera seg\u00fcent: 237 en Infantil i Prim\u00e0ria i 102 en Secund\u00e0ria. \u201cEn dos anys hem creat 82 aules UECO noves. En l\u2019\u00faltima legislatura de l\u2019anterior govern se\u2019n van crear 56\u201d, ha ressaltat.&nbsp;<\/p>\n\n\n\n<p class=\"wp-block-paragraph\"><strong>M\u00e9s grups en les EOI i 43 cicles nous en FP&nbsp;<\/strong><\/p>\n\n\n\n<p class=\"wp-block-paragraph\">El titular d\u2019Educaci\u00f3 ha explicat que este curs s\u2019implementar\u00e0 \u00edntegrament la Llei estatal de Formaci\u00f3 Professional, i s\u2019aplicar\u00e0 tamb\u00e9 en els segons cursos dels cicles formatius, d\u2019acord amb el calendari establit en el Reial decret 278\/2023. \u201cEns trobem davant d\u2019un nou model de formaci\u00f3 en empresa caracteritzat per la integraci\u00f3 i la corresponsabilitat de la formaci\u00f3 entre les empreses i els centres educatius. L\u2019objectiu, en el qual estem treballant des de l\u2019inici de legislatura \u00e9s aconseguir una FP orientada \u00edntegrament a la m\u00e0xima ocupabilitat i a la formaci\u00f3 integral de l\u2019alumnat\u201d, ha assenyalat.<\/p>\n\n\n\n<p class=\"wp-block-paragraph\">Este curs que comen\u00e7a s\u2019han oferit 165.926 places, la qual cosa suposa 6.825 m\u00e9s que el curs passat i hi haur\u00e0 43 nous cicles d\u2019FP i 17 tamb\u00e9 nous cursos d\u2019especialitzaci\u00f3.&nbsp;<\/p>\n\n\n\n<p class=\"wp-block-paragraph\">Respecte a les EOI, s\u2019oferixen 91.623 places per al curs 25\/26, desglossades per prov\u00edncies en 11.917 per a Castell\u00f3; 47.753 per a Val\u00e8ncia i 31.953 per a Alacant. Esta oferta suposa 1.750 m\u00e9s que en el curs 24\/25. \u201cA m\u00e9s, hi haur\u00e0 2.756 grups, la qual cosa suposa 3 grups m\u00e9s que el curs anterior\u201d.&nbsp;<\/p>\n\n\n\n<p class=\"wp-block-paragraph\">\u201cL\u2019objectiu \u00e9s que les EOI s\u2019adapten a les necessitats de l\u2019alumnat i a la demanda social de formaci\u00f3 en lleng\u00fces estrangeres. I aix\u00f2 suposa fer passos per a facilitar l\u2019aprenentatge en modalitats semipresencials, que augmenten un 51,6 % els seus grups respecte al curs anterior i es produ\u00efx un increment del 5,2 % de l\u2019oferta de cursos a dist\u00e0ncia, en els quals s\u2019han ampliat els idiomes disponibles, i s\u2019ha passat de 6 a 11\u201d, ha indicat.<\/p>\n\n\n\n<p class=\"wp-block-paragraph\"><strong>Aplicaci\u00f3 completa de la Llei de llibertat educativa<\/strong><\/p>\n\n\n\n<p class=\"wp-block-paragraph\">La principal novetat acad\u00e8mica d\u2019este curs en la Comunitat Valenciana \u00e9s que l\u2019alumnat far\u00e0 els seus estudis en la llengua que han triat les seues fam\u00edlies a trav\u00e9s de la consulta de la llengua base o de l\u2019elecci\u00f3 en el per\u00edode d\u2019admissi\u00f3. \u201cUn fet in\u00e8dit en la Comunitat Valenciana\u201d, ha assenyalat el conseller, que ha xifrat en m\u00e9s del 99,80 % de l\u2019alumnat estudiar\u00e0 en la llengua triada per les fam\u00edlies.&nbsp;<\/p>\n\n\n\n<p class=\"wp-block-paragraph\">Aix\u00ed, la distribuci\u00f3 queda de la manera seg\u00fcent, sumant les unitats en Educaci\u00f3 Infantil de 2n cicle, Prim\u00e0ria i Secund\u00e0ria: 13.586 unitats en Llengua Base Castell\u00e0 i 13.815 unitats en Llengua Base Valenci\u00e0. \u201cEstes dades reflectixen l\u2019equilibri de les dos lleng\u00fces en la Comunitat Valenciana, com ja va oc\u00f3rrer en la consulta, en la qual les fam\u00edlies van apostar per un sistema equilibrat en el qual el 50,53 % van triar valenci\u00e0 com a llengua base, i el 49,47 % van triar castell\u00e0\u201d, ha recordat.<\/p>\n\n\n\n<p class=\"wp-block-paragraph\"><strong>Reconstrucci\u00f3 despr\u00e9s de la riuada&nbsp;<\/strong><\/p>\n\n\n\n<p class=\"wp-block-paragraph\">Durant la compareixen\u00e7a el conseller ha explicat la situaci\u00f3 educativa despr\u00e9s de la riuada del 29 d\u2019octubre de 2024. \u201cNo hi ha cap precedent en la Comunitat Valenciana de l\u2019esfor\u00e7 que s\u2019ha hagut de fer per a dur a terme la reconstrucci\u00f3 educativa. Un treball per al qual han fet falta mitjans humans, gesti\u00f3 i inversi\u00f3\u201d, ha indicat, al mateix temps que ha agra\u00eft la col\u00b7laboraci\u00f3 de tota la comunitat educativa per a aconseguir avan\u00e7os.&nbsp;<\/p>\n\n\n\n<p class=\"wp-block-paragraph\">Rovira ha assenyalat que en la reconstrucci\u00f3 s\u2019han invertit 70 milions d\u2019euros, i s\u2019invertiran altres 70 milions. \u201cMentres nosaltres hem invertit estes quantitats, el Ministeri no ha aportat res\u201d, ha manifestat.<\/p>\n\n\n\n<p class=\"wp-block-paragraph\">Dels 115 centres que van resultar danyats en major o menor mesura per la riuada, els \u00fanics que reprenen la seua activitat en instal\u00b7lacions provisionals, perqu\u00e8 s\u00f3n els que van resultar m\u00e9s danyats, s\u00f3n el CEP Llu\u00eds Vives i l\u2019EI Ausi\u00e0s March (Massanassa), CEIP Carme Miquel (Algemes\u00ed), CEIP Orba (Alfafar), IES Berenguer Dalmau (Catarroja), IES Alameda (Utiel), CEIP Blasco Ib\u00e1\u00f1ez (Alginet) i CEIP L\u2019Horta (Paiporta).&nbsp;<\/p>\n\n\n\n<p class=\"wp-block-paragraph\">L\u2019alumnat afectat per la dana va ser de 48.721 i abans de Nadal es va aconseguir que tots els estudiants reprengueren l\u2019activitat en diverses modalitats. Molts d\u2019ells van haver de despla\u00e7ar-se a altres centres i altres localitats i en este curs tot l\u2019alumnat estar\u00e0 ja en els seus municipis. L\u2019alumnat que pertany als 8 centres m\u00e9s danyats i que estar\u00e0 en aules provisionals mentres es constru\u00efxen els seus centres ascendix a 3.079.<\/p>\n\n\n\n<p class=\"wp-block-paragraph\"><strong>Altres novetats del curs<\/strong><\/p>\n\n\n\n<p class=\"wp-block-paragraph\">Finalment, Jos\u00e9 Antonio Rovira ha desgranat algunes de novetats d\u2019este curs, com l\u2019aprovaci\u00f3 del decret de conviv\u00e8ncia, previst per al primer trimestre del curs i en el qual s\u2019inclouran les resolucions de limitaci\u00f3 de l\u2019\u00fas de dispositius m\u00f2bils (que ja s\u2019aplica) o el protocol de refor\u00e7 als docents i davant les agressions (en vigor des de desembre de 2024).&nbsp;<\/p>\n\n\n\n<p class=\"wp-block-paragraph\">A m\u00e9s, els centres podran impartir formaci\u00f3 davant emerg\u00e8ncies de protecci\u00f3 civil durant dos o quatre hores, depenent de l\u2019etapa educativa, i es posaran en marxa plans de refor\u00e7 de matem\u00e0tiques i lectura, se seguix avant amb el Pla valenci\u00e0 de salut mental i s\u2019amplia la vacunaci\u00f3 contra la grip a tots els cursos d\u2019Infantil (de manera volunt\u00e0ria pr\u00e8via autoritzaci\u00f3 de les fam\u00edlies).&nbsp;<\/p>\n","protected":false},"excerpt":{"rendered":"<div class=\"mh-excerpt\">Des del curs 2020\/2021 fins al curs 2025\/2026 s\u2019ha produ\u00eft un increment de 7.572 docents en l\u2019escola p\u00fablica valenciana. El 99,8% de l\u2019alumnat estudiar\u00e0 en la llengua triada per les fam\u00edlies. Les r\u00e0tios seguixen per <a class=\"mh-excerpt-more\" href=\"https:\/\/tucomarca.whitekongsoftware.com\/ca\/rovira-el-curs-escolar-2025-26-sinicia-amb-un-record-de-83-592-docents-laplicacio-total-de-la-llei-de-llibertat-educativa-i-bolcat-en-la-reconstruccio-despres-de-la-riuada\/\" title=\"Rovira: &#8220;El curs escolar 2025-26 s\u2019inicia amb un r\u00e8cord de 83.592 docents, l\u2019aplicaci\u00f3 total de la Llei de llibertat educativa i bolcat en la reconstrucci\u00f3 despr\u00e9s de la riuada&#8221;\">[+] <\/a><\/div>\n","protected":false},"author":12,"featured_media":278453,"comment_status":"open","ping_status":"open","sticky":false,"template":"","format":"standard","meta":{"footnotes":""},"categories":[21466,10898,10948,10894,10904,10903,10947,10896,10897],"tags":[22966,11498],"class_list":["post-278454","post","type-post","status-publish","format-standard","has-post-thumbnail","category-dana-ca","category-ventana-ca","category-infraestructuras-ca","category-la-comarca-ca","category-sin-categorizar-ca","category-medio-ambiente-la-comarca-ca","category-politica","category-seccion-ca","category-sucesos-la-comarca-ca","tag-curso-escolar-25-26-ca","tag-generalitat-valenciana-ca"],"_links":{"self":[{"href":"https:\/\/tucomarca.whitekongsoftware.com\/ca\/wp-json\/wp\/v2\/posts\/278454","targetHints":{"allow":["GET"]}}],"collection":[{"href":"https:\/\/tucomarca.whitekongsoftware.com\/ca\/wp-json\/wp\/v2\/posts"}],"about":[{"href":"https:\/\/tucomarca.whitekongsoftware.com\/ca\/wp-json\/wp\/v2\/types\/post"}],"author":[{"embeddable":true,"href":"https:\/\/tucomarca.whitekongsoftware.com\/ca\/wp-json\/wp\/v2\/users\/12"}],"replies":[{"embeddable":true,"href":"https:\/\/tucomarca.whitekongsoftware.com\/ca\/wp-json\/wp\/v2\/comments?post=278454"}],"version-history":[{"count":0,"href":"https:\/\/tucomarca.whitekongsoftware.com\/ca\/wp-json\/wp\/v2\/posts\/278454\/revisions"}],"wp:featuredmedia":[{"embeddable":true,"href":"https:\/\/tucomarca.whitekongsoftware.com\/ca\/wp-json\/wp\/v2\/media\/278453"}],"wp:attachment":[{"href":"https:\/\/tucomarca.whitekongsoftware.com\/ca\/wp-json\/wp\/v2\/media?parent=278454"}],"wp:term":[{"taxonomy":"category","embeddable":true,"href":"https:\/\/tucomarca.whitekongsoftware.com\/ca\/wp-json\/wp\/v2\/categories?post=278454"},{"taxonomy":"post_tag","embeddable":true,"href":"https:\/\/tucomarca.whitekongsoftware.com\/ca\/wp-json\/wp\/v2\/tags?post=278454"}],"curies":[{"name":"wp","href":"https:\/\/api.w.org\/{rel}","templated":true}]}}