{"id":278440,"date":"2025-09-04T11:00:00","date_gmt":"2025-09-04T09:00:00","guid":{"rendered":"https:\/\/www.tucomarca.com\/wordpress\/segunda\/?p=278440"},"modified":"2025-09-04T17:16:40","modified_gmt":"2025-09-04T15:16:40","slug":"martinez-mus-defensa-que-vaersa-es-linstrument-de-recuperacio-rapida-del-clavegueram-afectat-per-les-riuades-enfront-de-la-lentitud-de-les-ajudes-del-govern-central","status":"publish","type":"post","link":"https:\/\/tucomarca.whitekongsoftware.com\/ca\/martinez-mus-defensa-que-vaersa-es-linstrument-de-recuperacio-rapida-del-clavegueram-afectat-per-les-riuades-enfront-de-la-lentitud-de-les-ajudes-del-govern-central\/","title":{"rendered":"Mart\u00ednez Mus defensa que Vaersa \u00e9s l&#8217;instrument de \u201crecuperaci\u00f3 r\u00e0pida\u201d del clavegueram afectat per les riuades \u201cenfront de la lentitud de les ajudes del Govern central\u201d"},"content":{"rendered":"\n<h3 class=\"wp-block-heading\">El conseller reclama al secretari d&#8217;Estat de Medi Ambient que accelere les obres de canalitzaci\u00f3, agilitat en les ajudes als ajuntaments, inversions en L\u2019Albufera i m\u00e0xima coordinaci\u00f3 al Parc Natural del T\u00faria.<\/h3>\n\n\n\n<h3 class=\"wp-block-heading\">El titular de Medi Ambient exigeix la retirada de vehicles abandonats en el llit del barranc del Pedr\u00eds \u201cdavant el perill que suposen i el mal mediambiental que ocasionen\u201d.<\/h3>\n\n\n\n<p class=\"wp-block-paragraph\">El conseller de Medi Ambient, Infraestructures i Territori, Vicente Mart\u00ednez Mus, ha defensat que l&#8217;empresa p\u00fablica Vaersa \u00e9s en aquest moment \u201cl&#8217;instrument per a la recuperaci\u00f3 r\u00e0pida\u201d dels sistemes de clavegueram dels municipis afectats per les riuades, davant la demora i falta d&#8217;agilitat en l&#8217;aprovaci\u00f3 de les ajudes del Govern central\u201d.<\/p>\n\n\n\n<p class=\"wp-block-paragraph\">Aix\u00ed ho ha manifestat el conseller, durant la reuni\u00f3 que ha mantingut amb el secretari d&#8217;Estat de Medi Ambient, Hugo Mor\u00e1n, amb el qual ha abordat les q\u00fcestions pendents amb el Ministeri de Transici\u00f3 Ecol\u00f2gica i el Repte Demogr\u00e0fic.<\/p>\n\n\n\n<p class=\"wp-block-paragraph\">El titular de Medi Ambient ha assegurat que \u201chan passat m\u00e9s de deu mesos i els ajuntaments continuen esperant l&#8217;aprovaci\u00f3 de les ajudes, per aix\u00f2 des de la Generalitat hem oferit aquest mecanisme perqu\u00e8 els municipis puguen accelerar en la posada en marxa d&#8217;unes obres tan necess\u00e0ries\u201d.<\/p>\n\n\n\n<p class=\"wp-block-paragraph\">El conseller ha explicat que durant la trobada \u201chem sol\u00b7licitat les necess\u00e0ries ajudes i han mostrat la seua disposici\u00f3 a col\u00b7laborar en la recuperaci\u00f3 del parc natural de L\u2019Albufera, un espai en el qual portem treballant durant mesos i en el qual ara estem abordant les batimetr\u00edas necess\u00e0ries per a con\u00e9ixer pam a pam l&#8217;abast que van tindre les inundacions\u201d.<\/p>\n\n\n\n<p class=\"wp-block-paragraph\">En la mateixa l\u00ednia, Mart\u00ednez Mus ha reivindicat la necessitat de \u201ccoordinar tots els treballs i actuacions que s&#8217;estan abordant per al Parc Natural del T\u00faria, amb la creaci\u00f3 de taules t\u00e8cniques que aborden el projecte de manera transversal\u201d.<\/p>\n\n\n\n<p class=\"wp-block-paragraph\">El titular de Medi Ambient ha insistit en la necessitat de saber \u201ccom m\u00e9s prompte millor\u201d qu\u00e8 far\u00e0 la Confederaci\u00f3 Hidrogr\u00e0fica del X\u00faquer (CHJ) amb els llits. \u201cNecessitem saber quin \u00e9s el domini p\u00fablic hidr\u00e0ulic despr\u00e9s de les riuades i les l\u00ednies de delimitaci\u00f3. Una eina essencial per a la nostra revisi\u00f3 del PATRICOVA , per a l&#8217;adequada gesti\u00f3 del territori de cada ajuntament i per a l&#8217;impuls dels futurs parcs inundables\u201d.<\/p>\n\n\n\n<p class=\"wp-block-paragraph\"><strong>Lentitud de la CHJ i vehicles abandonats<\/strong><\/p>\n\n\n\n<p class=\"wp-block-paragraph\">\u201cLa lentitud que acumula la CHJ condiciona a la resta d&#8217;administracions per a poder actuar en aquest i altres aspectes fonamentals\u201d, ha assenyalat el conseller, qui ha afegit que \u201cun dels casos m\u00e9s cridaners s\u00f3n les obres estructurals de canalitzacions i canalitzaci\u00f3 de barrancs per a les quals hem demanat m\u00e9s velocitat i agilitat\u201d.<\/p>\n\n\n\n<p class=\"wp-block-paragraph\">El conseller de Medi Ambient ha criticat que des de la CHJ \u201cmantinguen llits amb vehicles abandonats\u201d, un fet que ha titllat de \u201cinadmissible\u201d davant les conseq\u00fc\u00e8ncies que poden implicar davant futures avingudes i l&#8217;impacte mediambiental que suposa. \u201cLa CHJ ha de solucionar aquest aspecte com m\u00e9s prompte millor\u201d, ha remarcat.<\/p>\n\n\n\n<p class=\"wp-block-paragraph\"><\/p>\n","protected":false},"excerpt":{"rendered":"<div class=\"mh-excerpt\">El conseller reclama al secretari d&#8217;Estat de Medi Ambient que accelere les obres de canalitzaci\u00f3, agilitat en les ajudes als ajuntaments, inversions en L\u2019Albufera i m\u00e0xima coordinaci\u00f3 al Parc Natural del T\u00faria. El titular de <a class=\"mh-excerpt-more\" href=\"https:\/\/tucomarca.whitekongsoftware.com\/ca\/martinez-mus-defensa-que-vaersa-es-linstrument-de-recuperacio-rapida-del-clavegueram-afectat-per-les-riuades-enfront-de-la-lentitud-de-les-ajudes-del-govern-central\/\" title=\"Mart\u00ednez Mus defensa que Vaersa \u00e9s l&#8217;instrument de \u201crecuperaci\u00f3 r\u00e0pida\u201d del clavegueram afectat per les riuades \u201cenfront de la lentitud de les ajudes del Govern central\u201d\">[+] <\/a><\/div>\n","protected":false},"author":12,"featured_media":278439,"comment_status":"open","ping_status":"open","sticky":false,"template":"","format":"standard","meta":{"footnotes":""},"categories":[21466,10898,10948,10894,10904,10903,10947,10896,10897],"tags":[19792,15409,21561,22864],"class_list":["post-278440","post","type-post","status-publish","format-standard","has-post-thumbnail","category-dana-ca","category-ventana-ca","category-infraestructuras-ca","category-la-comarca-ca","category-sin-categorizar-ca","category-medio-ambiente-la-comarca-ca","category-politica","category-seccion-ca","category-sucesos-la-comarca-ca","tag-conselleria-de-medio-ambiente-ca","tag-dana-2-ca","tag-vaersa-ca","tag-vicente-martinez-mus-2-ca"],"_links":{"self":[{"href":"https:\/\/tucomarca.whitekongsoftware.com\/ca\/wp-json\/wp\/v2\/posts\/278440","targetHints":{"allow":["GET"]}}],"collection":[{"href":"https:\/\/tucomarca.whitekongsoftware.com\/ca\/wp-json\/wp\/v2\/posts"}],"about":[{"href":"https:\/\/tucomarca.whitekongsoftware.com\/ca\/wp-json\/wp\/v2\/types\/post"}],"author":[{"embeddable":true,"href":"https:\/\/tucomarca.whitekongsoftware.com\/ca\/wp-json\/wp\/v2\/users\/12"}],"replies":[{"embeddable":true,"href":"https:\/\/tucomarca.whitekongsoftware.com\/ca\/wp-json\/wp\/v2\/comments?post=278440"}],"version-history":[{"count":0,"href":"https:\/\/tucomarca.whitekongsoftware.com\/ca\/wp-json\/wp\/v2\/posts\/278440\/revisions"}],"wp:featuredmedia":[{"embeddable":true,"href":"https:\/\/tucomarca.whitekongsoftware.com\/ca\/wp-json\/wp\/v2\/media\/278439"}],"wp:attachment":[{"href":"https:\/\/tucomarca.whitekongsoftware.com\/ca\/wp-json\/wp\/v2\/media?parent=278440"}],"wp:term":[{"taxonomy":"category","embeddable":true,"href":"https:\/\/tucomarca.whitekongsoftware.com\/ca\/wp-json\/wp\/v2\/categories?post=278440"},{"taxonomy":"post_tag","embeddable":true,"href":"https:\/\/tucomarca.whitekongsoftware.com\/ca\/wp-json\/wp\/v2\/tags?post=278440"}],"curies":[{"name":"wp","href":"https:\/\/api.w.org\/{rel}","templated":true}]}}