{"id":278399,"date":"2025-09-03T08:00:00","date_gmt":"2025-09-03T06:00:00","guid":{"rendered":"https:\/\/www.tucomarca.com\/wordpress\/segunda\/?p=278399"},"modified":"2025-09-03T20:42:13","modified_gmt":"2025-09-03T18:42:13","slug":"el-pspv-psoe-acusa-el-govern-de-bunyol-pp-i-xbunol-de-irresponsabilitat-per-la-falta-de-dutxes-que-va-posar-en-risc-la-salut-dels-assistents-a-la-tomatina","status":"publish","type":"post","link":"https:\/\/tucomarca.whitekongsoftware.com\/ca\/el-pspv-psoe-acusa-el-govern-de-bunyol-pp-i-xbunol-de-irresponsabilitat-per-la-falta-de-dutxes-que-va-posar-en-risc-la-salut-dels-assistents-a-la-tomatina\/","title":{"rendered":"El PSPV-PSOE acusa el govern de Bunyol (PP i XBu\u00f1ol) de &#8220;irresponsabilitat&#8221; per la falta de dutxes que va posar &#8220;en risc la salut dels assistents a la Tomatina&#8221;"},"content":{"rendered":"\n<p class=\"wp-block-paragraph\">El PSPV-PSOE de Bunyol ha denunciat l&#8217;a el seu judici &#8220;greu neglig\u00e8ncia de l&#8217;equip de govern del PP i XBu\u00f1ol durant la passada Tomatina, que ha posat en risc la salut de milers de persones. L&#8217;eliminaci\u00f3 de les dutxes va obligar els visitants a banyar-se en el riu, fins i tot en zones on desemboquen desguassos i on el bany no \u00e9s segur, la qual cosa va poder ser la causa de diverses infeccions cut\u00e0nies aquest estiu segons va confirmar el propi regidor de Sanitat, Carlos Avi\u00f1\u00f3, el 16 de juny&#8221;, segons mantenen des del PSOE de Bunyol.<\/p>\n\n\n\n<p class=\"wp-block-paragraph\">&#8220;La falta de dutxes va obligar els visitants a banyar-se en zones que, segons el Govern municipal, no eren aptes per al bany i que probablement havien provocat a principis de l&#8217;estiu infeccions. A aix\u00f2 s&#8217;ha d&#8217;afegir la nul\u00b7la inversi\u00f3 en equips de neteja i la plantilla de treballadors m\u00e9s baixa dels \u00faltims anys&#8221;, han afegit.<\/p>\n\n\n\n<p class=\"wp-block-paragraph\">&#8220;La irresponsabilitat del govern local s&#8217;agreuja per la falta d&#8217;informaci\u00f3 actualitzada. Els documents que manejaven els turistes i els qui ens visitaven \u2014entrades, mapes i rutes\u2014 continuaven assenyalant dutxes i accessos que en realitat estaven inhabilitats, la qual cosa va deixar als participants sense alternatives segures ni advertiments clars&#8221;.<\/p>\n\n\n\n<p class=\"wp-block-paragraph\">&#8220;Aix\u00ed mateix, la neteja posterior a la festa va ser m\u00e9s lenta i deficient que en edicions anteriors, a causa de la falta d&#8217;inversi\u00f3 en equips i a l&#8217;escassa plantilla de la brigada municipal d&#8217;obres i serveis, completament esgotada despr\u00e9s de jornades interminables durant les festes&#8221;.<\/p>\n\n\n\n<p class=\"wp-block-paragraph\">Des del PSPV-PSOE consideren que aquesta &#8220;desastrosa gesti\u00f3, que el PP i XBu\u00f1ol han intentat disfressar sota l&#8217;etiqueta de &#8220;tomaterapia&#8221;, ha posat en dubte la seguretat dels assistents i la imatge internacional de Bunyol&#8221;; i han exigit &#8220;explicacions immediates a l&#8217;equip de govern i reclama que assumisquen les seues responsabilitats davant una organitzaci\u00f3 ca\u00f2tica que ha posat en risc la salut i la integritat dels ve\u00efns i visitants&#8221;.<\/p>\n","protected":false},"excerpt":{"rendered":"<div class=\"mh-excerpt\">El PSPV-PSOE de Bunyol ha denunciat l&#8217;a el seu judici &#8220;greu neglig\u00e8ncia de l&#8217;equip de govern del PP i XBu\u00f1ol durant la passada Tomatina, que ha posat en risc la salut de milers de persones. <a class=\"mh-excerpt-more\" href=\"https:\/\/tucomarca.whitekongsoftware.com\/ca\/el-pspv-psoe-acusa-el-govern-de-bunyol-pp-i-xbunol-de-irresponsabilitat-per-la-falta-de-dutxes-que-va-posar-en-risc-la-salut-dels-assistents-a-la-tomatina\/\" title=\"El PSPV-PSOE acusa el govern de Bunyol (PP i XBu\u00f1ol) de &#8220;irresponsabilitat&#8221; per la falta de dutxes que va posar &#8220;en risc la salut dels assistents a la Tomatina&#8221;\">[+] <\/a><\/div>\n","protected":false},"author":12,"featured_media":90635,"comment_status":"open","ping_status":"open","sticky":false,"template":"","format":"standard","meta":{"footnotes":""},"categories":[10911,10894,10912,10947,10896,10897],"tags":[10913,10914,11381],"class_list":["post-278399","post","type-post","status-publish","format-standard","has-post-thumbnail","category-bunol-ca","category-la-comarca-ca","category-la-hoya-ca","category-politica","category-seccion-ca","category-sucesos-la-comarca-ca","tag-bunol-ca","tag-la-hoya-de-bunol-chiva-ca","tag-pspv-psoe-bunol-ca"],"_links":{"self":[{"href":"https:\/\/tucomarca.whitekongsoftware.com\/ca\/wp-json\/wp\/v2\/posts\/278399","targetHints":{"allow":["GET"]}}],"collection":[{"href":"https:\/\/tucomarca.whitekongsoftware.com\/ca\/wp-json\/wp\/v2\/posts"}],"about":[{"href":"https:\/\/tucomarca.whitekongsoftware.com\/ca\/wp-json\/wp\/v2\/types\/post"}],"author":[{"embeddable":true,"href":"https:\/\/tucomarca.whitekongsoftware.com\/ca\/wp-json\/wp\/v2\/users\/12"}],"replies":[{"embeddable":true,"href":"https:\/\/tucomarca.whitekongsoftware.com\/ca\/wp-json\/wp\/v2\/comments?post=278399"}],"version-history":[{"count":0,"href":"https:\/\/tucomarca.whitekongsoftware.com\/ca\/wp-json\/wp\/v2\/posts\/278399\/revisions"}],"wp:featuredmedia":[{"embeddable":true,"href":"https:\/\/tucomarca.whitekongsoftware.com\/ca\/wp-json\/wp\/v2\/media\/90635"}],"wp:attachment":[{"href":"https:\/\/tucomarca.whitekongsoftware.com\/ca\/wp-json\/wp\/v2\/media?parent=278399"}],"wp:term":[{"taxonomy":"category","embeddable":true,"href":"https:\/\/tucomarca.whitekongsoftware.com\/ca\/wp-json\/wp\/v2\/categories?post=278399"},{"taxonomy":"post_tag","embeddable":true,"href":"https:\/\/tucomarca.whitekongsoftware.com\/ca\/wp-json\/wp\/v2\/tags?post=278399"}],"curies":[{"name":"wp","href":"https:\/\/api.w.org\/{rel}","templated":true}]}}