{"id":278328,"date":"2025-09-03T13:30:00","date_gmt":"2025-09-03T11:30:00","guid":{"rendered":"https:\/\/www.tucomarca.com\/wordpress\/segunda\/?p=278328"},"modified":"2025-09-03T18:31:39","modified_gmt":"2025-09-03T16:31:39","slug":"martinez-mus-destaca-que-amb-la-reconstruccio-de-la-depuradora-de-bunyol-alboraig-sha-aconseguit-una-installacio-mes-robusta-i-preparada-per-al-futur","status":"publish","type":"post","link":"https:\/\/tucomarca.whitekongsoftware.com\/ca\/martinez-mus-destaca-que-amb-la-reconstruccio-de-la-depuradora-de-bunyol-alboraig-sha-aconseguit-una-installacio-mes-robusta-i-preparada-per-al-futur\/","title":{"rendered":"Mart\u00ednez Mus destaca que amb la reconstrucci\u00f3 de la depuradora de Bunyol-Alboraig s&#8217;ha aconseguit una instal\u00b7laci\u00f3 \u201cm\u00e9s robusta i preparada per al futur\u201d"},"content":{"rendered":"\n<h3 class=\"wp-block-heading\">La Generalitat ha invertit 8 milions d&#8217;euros en les obres, que s&#8217;han desenvolupat durant 4 mesos.<\/h3>\n\n\n\n<h3 class=\"wp-block-heading\">El conseller de Medi Ambient destaca que \u201cen temps r\u00e8cord s&#8217;ha passat d&#8217;una situaci\u00f3 d&#8217;emerg\u00e8ncia, amb abocaments d&#8217;aig\u00fces residuals al riu, a una de normalitat total\u201d.<\/h3>\n\n\n\n<p class=\"wp-block-paragraph\">El conseller de Medi Ambient, Infraestructures i Territori, Vicente Mart\u00ednez Mus, ha visitat les instal\u00b7lacions de l&#8217;estaci\u00f3 depuradora d&#8217;aig\u00fces residuals (EDAR) de Bunyol-Alboraig, on ha remarcat que s&#8217;ha aconseguit una instal\u00b7laci\u00f3 \u201cm\u00e9s robusta i preparada per al futur\u201d.<\/p>\n\n\n\n<p class=\"wp-block-paragraph\">Mart\u00ednez Mus tamb\u00e9 ha destacat que, despr\u00e9s de l&#8217;actuaci\u00f3 de la Generalitat, a trav\u00e9s de l&#8217;Entitat P\u00fablica d&#8217;Aig\u00fces Residuals (EPSAR), \u201cen temps r\u00e8cord s&#8217;ha passat d&#8217;una situaci\u00f3 d&#8217;emerg\u00e8ncia, amb abocaments d&#8217;aig\u00fces residuals al riu, a una de normalitat total, amb el sistema de sanejament funcionant a ple rendiment aconseguint l&#8217;abocament zero\u201d.<\/p>\n\n\n\n<p class=\"wp-block-paragraph\">El titular de Medi Ambient ha explicat que la inversi\u00f3 ha sigut de 8 milions d&#8217;euros i el termini s&#8217;ha prolongat durant quatre mesos. \u201cAquesta obra soluciona el problema despr\u00e9s de les inundacions, protegeix a Bunyol i Alboraig de futures emerg\u00e8ncies clim\u00e0tiques, aix\u00ed com refor\u00e7a la seguretat i la resili\u00e8ncia del nostre territori\u201d.<\/p>\n\n\n\n<p class=\"wp-block-paragraph\">Despr\u00e9s de les riuades del 29 d&#8217;octubre, el col\u00b7lector principal de Bunyol va quedar molt danyat i r\u00e0pidament des de la Conselleria es va activar el pla d&#8217;emerg\u00e8ncia, \u201cla qual cosa demostra la prioritat que vam donar a aquest projecte clau per a la depuraci\u00f3 d&#8217;aig\u00fces residuals de Bunyol i Alboraig\u201d, ha puntualitzat el conseller.<\/p>\n\n\n\n<p class=\"wp-block-paragraph\">En definitiva, les obres han consistit en la revisi\u00f3 del col\u00b7lector afectat, la reposici\u00f3 dels col\u00b7lectors danyats, la neteja dels quals es trobaven en bon estat, aix\u00ed com la reposici\u00f3 d&#8217;equips de depuraci\u00f3 situats en la part subterr\u00e0nia de la instal\u00b7laci\u00f3 d&#8217;aig\u00fces residuals, que van quedar inundats.<\/p>\n\n\n\n<p class=\"wp-block-paragraph\">Mart\u00ednez Mus ha assegurat que \u201cara els processos biol\u00f2gics de la EDAR estan funcionant a ple rendiment i compleixen amb tots els par\u00e0metres d&#8217;eixida, garantint la qualitat de l&#8217;aigua que retornem al medi natural\u201d.<\/p>\n\n\n\n<p class=\"wp-block-paragraph\">A m\u00e9s, la nova infraestructura ha sigut constru\u00efda amb materials d&#8217;alta qualitat i s&#8217;han aplicat solucions innovadores per a garantir la seua resist\u00e8ncia i durabilitat enfront de futures avingudes.<\/p>\n\n\n\n<p class=\"wp-block-paragraph\">Finalment, Vicente Mart\u00ednez Mus ha assenyalat que la recuperaci\u00f3 total de la depuraci\u00f3 significa \u201cla protecci\u00f3 del nostre riu i del nostre entorn natural\u201d. Aquest projecte \u201c\u00e9s una mostra tangible del comprom\u00eds del Consell amb el medi ambient i, per extensi\u00f3, amb la salut i la qualitat de vida de tots els ciutadans de la comarca\u201d, ha concl\u00f2s.<\/p>\n\n\n\n<figure class=\"wp-block-image size-large\"><img loading=\"lazy\" decoding=\"async\" width=\"1024\" height=\"768\" src=\"http:\/\/www.tucomarca.com\/wordpress\/segunda\/wp-content\/uploads\/2025\/09\/MED_DepuradoraBunolAlbo02-1024x768.jpeg\" alt=\"\" class=\"wp-image-278334\" srcset=\"https:\/\/tucomarca.whitekongsoftware.com\/wp-content\/uploads\/2025\/09\/MED_DepuradoraBunolAlbo02-1024x768.jpeg 1024w, https:\/\/tucomarca.whitekongsoftware.com\/wp-content\/uploads\/2025\/09\/MED_DepuradoraBunolAlbo02-300x225.jpeg 300w, https:\/\/tucomarca.whitekongsoftware.com\/wp-content\/uploads\/2025\/09\/MED_DepuradoraBunolAlbo02-768x576.jpeg 768w, https:\/\/tucomarca.whitekongsoftware.com\/wp-content\/uploads\/2025\/09\/MED_DepuradoraBunolAlbo02-1536x1152.jpeg 1536w, https:\/\/tucomarca.whitekongsoftware.com\/wp-content\/uploads\/2025\/09\/MED_DepuradoraBunolAlbo02-2048x1536.jpeg 2048w, https:\/\/tucomarca.whitekongsoftware.com\/wp-content\/uploads\/2025\/09\/MED_DepuradoraBunolAlbo02-678x509.jpeg 678w, https:\/\/tucomarca.whitekongsoftware.com\/wp-content\/uploads\/2025\/09\/MED_DepuradoraBunolAlbo02-326x245.jpeg 326w, https:\/\/tucomarca.whitekongsoftware.com\/wp-content\/uploads\/2025\/09\/MED_DepuradoraBunolAlbo02-80x60.jpeg 80w\" sizes=\"auto, (max-width: 1024px) 100vw, 1024px\" \/><\/figure>\n","protected":false},"excerpt":{"rendered":"<div class=\"mh-excerpt\">La Generalitat ha invertit 8 milions d&#8217;euros en les obres, que s&#8217;han desenvolupat durant 4 mesos. El conseller de Medi Ambient destaca que \u201cen temps r\u00e8cord s&#8217;ha passat d&#8217;una situaci\u00f3 d&#8217;emerg\u00e8ncia, amb abocaments d&#8217;aig\u00fces residuals <a class=\"mh-excerpt-more\" href=\"https:\/\/tucomarca.whitekongsoftware.com\/ca\/martinez-mus-destaca-que-amb-la-reconstruccio-de-la-depuradora-de-bunyol-alboraig-sha-aconseguit-una-installacio-mes-robusta-i-preparada-per-al-futur\/\" title=\"Mart\u00ednez Mus destaca que amb la reconstrucci\u00f3 de la depuradora de Bunyol-Alboraig s&#8217;ha aconseguit una instal\u00b7laci\u00f3 \u201cm\u00e9s robusta i preparada per al futur\u201d\">[+] <\/a><\/div>\n","protected":false},"author":13,"featured_media":278332,"comment_status":"open","ping_status":"open","sticky":false,"template":"","format":"standard","meta":{"footnotes":""},"categories":[10911,21466,10898,10948,10894,10904,10912,10903,10947,10896,10897],"tags":[10913,15409,12903,10914,12166],"class_list":["post-278328","post","type-post","status-publish","format-standard","has-post-thumbnail","category-bunol-ca","category-dana-ca","category-ventana-ca","category-infraestructuras-ca","category-la-comarca-ca","category-sin-categorizar-ca","category-la-hoya-ca","category-medio-ambiente-la-comarca-ca","category-politica","category-seccion-ca","category-sucesos-la-comarca-ca","tag-bunol-ca","tag-dana-2-ca","tag-infraestructuras-ca","tag-la-hoya-de-bunol-chiva-ca","tag-medio-ambiente-ca"],"_links":{"self":[{"href":"https:\/\/tucomarca.whitekongsoftware.com\/ca\/wp-json\/wp\/v2\/posts\/278328","targetHints":{"allow":["GET"]}}],"collection":[{"href":"https:\/\/tucomarca.whitekongsoftware.com\/ca\/wp-json\/wp\/v2\/posts"}],"about":[{"href":"https:\/\/tucomarca.whitekongsoftware.com\/ca\/wp-json\/wp\/v2\/types\/post"}],"author":[{"embeddable":true,"href":"https:\/\/tucomarca.whitekongsoftware.com\/ca\/wp-json\/wp\/v2\/users\/13"}],"replies":[{"embeddable":true,"href":"https:\/\/tucomarca.whitekongsoftware.com\/ca\/wp-json\/wp\/v2\/comments?post=278328"}],"version-history":[{"count":0,"href":"https:\/\/tucomarca.whitekongsoftware.com\/ca\/wp-json\/wp\/v2\/posts\/278328\/revisions"}],"wp:featuredmedia":[{"embeddable":true,"href":"https:\/\/tucomarca.whitekongsoftware.com\/ca\/wp-json\/wp\/v2\/media\/278332"}],"wp:attachment":[{"href":"https:\/\/tucomarca.whitekongsoftware.com\/ca\/wp-json\/wp\/v2\/media?parent=278328"}],"wp:term":[{"taxonomy":"category","embeddable":true,"href":"https:\/\/tucomarca.whitekongsoftware.com\/ca\/wp-json\/wp\/v2\/categories?post=278328"},{"taxonomy":"post_tag","embeddable":true,"href":"https:\/\/tucomarca.whitekongsoftware.com\/ca\/wp-json\/wp\/v2\/tags?post=278328"}],"curies":[{"name":"wp","href":"https:\/\/api.w.org\/{rel}","templated":true}]}}