{"id":278312,"date":"2025-09-02T12:50:00","date_gmt":"2025-09-02T10:50:00","guid":{"rendered":"https:\/\/www.tucomarca.com\/wordpress\/segunda\/?p=278312"},"modified":"2025-09-02T22:17:59","modified_gmt":"2025-09-02T20:17:59","slug":"un-informe-demergencies-arreplega-que-aemet-va-afirmar-en-tres-ocasions-que-la-dana-es-desplacaria-a-la-regio-muntanyenca-de-conca","status":"publish","type":"post","link":"https:\/\/tucomarca.whitekongsoftware.com\/ca\/un-informe-demergencies-arreplega-que-aemet-va-afirmar-en-tres-ocasions-que-la-dana-es-desplacaria-a-la-regio-muntanyenca-de-conca\/","title":{"rendered":"Un informe d&#8217;Emerg\u00e8ncies arreplega que Aemet va afirmar en tres ocasions que la DANA es despla\u00e7aria a la regi\u00f3 muntanyenca de Conca"},"content":{"rendered":"\n<h3 class=\"wp-block-heading\">Un informe rem\u00e9s per la Conselleria d&#8217;Emerg\u00e8ncies a la jutgessa que instrueix el cas de la DANA arreplega que Aemet &#8220;va pronosticar que la DANA anava cap a la regi\u00f3 muntanyenca de Conca&#8221;.<\/h3>\n\n\n\n<p class=\"wp-block-paragraph\">Un informe de la Subdirecci\u00f3 General d&#8217;Emerg\u00e8ncies de la Generalitat aportat al jutjat que investiga la gesti\u00f3 de la DANA arreplega, a partir de la transcripci\u00f3 de les trucades telef\u00f2niques realitzades, que l&#8217;Ag\u00e8ncia Estatal de Meteorologia, Aemet (dependent del Ministeri) va indicar &#8220;fins a tres ocasions que la m\u00e0xima intensitat de les precipitacions es despla\u00e7ava cap a la regi\u00f3 muntanyenca de Conca el passat 29 d&#8217;octubre&#8221;.<\/p>\n\n\n\n<p class=\"wp-block-paragraph\">La menci\u00f3 a aquesta \u00e0rea geogr\u00e0fica ha sigut objecte d&#8217;una intensa pol\u00e8mica des que el mat\u00ed del 29 d&#8217;octubre el president de la Generalitat, Carlos Maz\u00f3n, assegurara en una compareixen\u00e7a p\u00fablica que la dana es despla\u00e7ava cap a aquest punt, i posteriorment esborrara el missatge del seu perfil de X.<\/p>\n\n\n\n<p class=\"wp-block-paragraph\">Jos\u00e9 \u00c1ngel N\u00fa\u00f1ez, el cap de Aemet en la Comunitat Valenciana, \u00e9s un dels interlocutors en aquestes trucades que la Generalitat ha rem\u00e9s al jutjat de Catarroja; encara que setmanes despr\u00e9s de va negar despr\u00e9s de compar\u00e9ixer com a testimoni davant la jutgessa instructora que &#8220;aix\u00f2 no ho va dir la Aemet en cap moment&#8221;.<\/p>\n\n\n\n<p class=\"wp-block-paragraph\">Jos\u00e9 \u00c1ngel N\u00fa\u00f1ez va manifestar el passat 2 de juny haver &#8220;revisat tots els nostres butlletins, les declaracions de tots els portaveus. No crec que Maz\u00f3n li ho inventara, alg\u00fa li ho diria, per\u00f2 no s\u00e9 d&#8217;on va eixir eixa informaci\u00f3&#8221;.<\/p>\n\n\n\n<p class=\"wp-block-paragraph\">No obstant aix\u00f2, en aquest informe elaborat per emerg\u00e8ncies s&#8217;arreplega que va haver-hi una crida de Aemet a Emerg\u00e8ncies &#8220;el 29 d&#8217;octubre a les 9,43 hores en la qual des d&#8217;aquest organisme estatal s&#8217;informa que la tempesta &#8216;tira m\u00e9s cap a l&#8217;interior&#8217; cap a la mitjanit, concretament cap a la Regi\u00f3 muntanyenca de Conca&#8221;.<\/p>\n\n\n\n<p class=\"wp-block-paragraph\">Posteriorment, &#8220;a les 11,26 hores \u00e9s el departament d&#8217;Emerg\u00e8ncies el que telefona a la Aemet (\u00e9s Jos\u00e9 \u00c1ngel N\u00fa\u00f1ez el que parla) per a confirmar que l&#8217;evoluci\u00f3 de les pluges es dirigeix cap a Conca, al que l&#8217;interlocutor de Aemet respon: Aix\u00f2, s\u00ed&#8221;.<\/p>\n\n\n\n<p class=\"wp-block-paragraph\">En l&#8217;informe s&#8217;afig que a &#8220;les 16,16 hores es produeix una tercera trucada des d&#8217;Emerg\u00e8ncies de nou a Aemet, que indica que entre les 15,00 i les 18,00 hores el model meteorol\u00f2gic mostra un despla\u00e7ament de m\u00e0xim de la precipitaci\u00f3 cap al nord-oest, i que entre les 18,00 i les 21,00 hores el m\u00e0xim d&#8217;intensitat estaria ja en la regi\u00f3 muntanyenca de Conca&#8221;.<\/p>\n\n\n\n<p class=\"wp-block-paragraph\"><strong>La primera anomenada a les 7,31 hores<\/strong><\/p>\n\n\n\n<p class=\"wp-block-paragraph\">Segons es reflecteix en l&#8217;informe, la primera crida que s&#8217;esmenta \u00e9s l&#8217;efectuada des de Aemet a Emerg\u00e8ncies el 29 d&#8217;octubre a les 7,31 hores: &#8220;Acabe d&#8217;emetre (av\u00eds) roig en el litoral sud de Val\u00e8ncia fins a les 12 del migdia&#8221;, expliquen des de Aemet per a des d&#8217;Emerg\u00e8ncies afegir que ja tenen const\u00e0ncia d&#8217;incid\u00e8ncies en barrancs d&#8217;Alberic i Alzira.<\/p>\n\n\n\n<p class=\"wp-block-paragraph\">Quatre minuts despr\u00e9s des d&#8217;Emerg\u00e8ncies retornen l&#8217;anomenada a Aemet per a advertir que l&#8217;av\u00eds en la web \u00e9s per a l&#8217;interior nord de la prov\u00edncia, no per al litoral sud. &#8220;Calla, que m&#8217;haur\u00e9 embolicat&#8221;, responen, amb el comprom\u00eds de &#8220;canviar-lo corrent&#8221; i l&#8217;agra\u00efment: &#8220;Encara sort que m&#8217;has anomenat, perqu\u00e8 aix\u00f2 \u00e9s gros&#8221;. Despr\u00e9s, a les 9,43 hores, &#8220;Aemet informa Emerg\u00e8ncies que l&#8217;av\u00eds puja a roig tamb\u00e9 en el litoral nord de Val\u00e8ncia fins a les 18,00 hores&#8221;.<\/p>\n\n\n\n<p class=\"wp-block-paragraph\">Emerg\u00e8ncies pregunta per la possible evoluci\u00f3 del front cap a Castell\u00f3, al que des de la Aemet responen: &#8220;A veure, \u00e9s que tira m\u00e9s cap a a l&#8217;interior, val. Una miqueta m\u00e9s cap a la regi\u00f3 muntanyenca de Conca que \u00e9s el possible que despr\u00e9s vaja a anar a roig. Igual que a les dotze de la nit canvia cap a la zona de Terol. Igual taronja no \u00e9s descartable, per\u00f2 no \u00e9s el que ens ha preocupat fins ara&#8221;.<\/p>\n\n\n\n<p class=\"wp-block-paragraph\">A les 11,26 hores, s&#8217;arreplega en l&#8217;informe que Emerg\u00e8ncies pregunta a Jos\u00e9 \u00c1ngel N\u00fa\u00f1ez sobre la meteorologia concreta per a la ciutat de Val\u00e8ncia, que a eixa hora ja tenia constitu\u00eft la seua Cecopal. En la seua resposta, l&#8217;interlocutor de la Aemet confirma l&#8217;evoluci\u00f3 cap a Conca, el nord-oest, Els Serrans i el Rac\u00f3 d&#8217;Adem\u00fas.<\/p>\n\n\n\n<p class=\"wp-block-paragraph\">A les 13,20 hores Emerg\u00e8ncies sol\u00b7licita de nou &#8220;la predicci\u00f3 en una zona m\u00e9s localitzada, que \u00e9s la ciutat de Val\u00e8ncia&#8221;. La resposta donada \u00e9s que la &#8220;major intensitat es concentrar\u00e0 en zones de N\u00e0quera o Serra i que l&#8217;evoluci\u00f3 ser\u00e0 cap a Adem\u00fas&#8221;.<\/p>\n\n\n\n<p class=\"wp-block-paragraph\">En eixa mateixa crida des de Aemet s&#8217;adverteix tamb\u00e9 de possibles crescudes: &#8220;Les intensitats tendeixen a anar cada vegada m\u00e9s cap a l&#8217;interior i cap al nord, els acumulats que es preveuen a l&#8217;interior nord s\u00f3n sorprenents, els models estan donant unes acumulacions a l&#8217;interior nord a 12 hores i que es van mantenint al llarg del dimecres al mat\u00ed que s\u00f3n impressionants. Aix\u00f2 a les conques dels rius i altres, es va acumulant i pot arribar al litoral en forma de crescudes, per\u00f2 clar, la crescuda ja \u00e9s una altra cosa, jo ac\u00ed ja no s\u00e9 les implicacions&#8221;.<\/p>\n","protected":false},"excerpt":{"rendered":"<div class=\"mh-excerpt\">Un informe rem\u00e9s per la Conselleria d&#8217;Emerg\u00e8ncies a la jutgessa que instrueix el cas de la DANA arreplega que Aemet &#8220;va pronosticar que la DANA anava cap a la regi\u00f3 muntanyenca de Conca&#8221;. Un informe <a class=\"mh-excerpt-more\" href=\"https:\/\/tucomarca.whitekongsoftware.com\/ca\/un-informe-demergencies-arreplega-que-aemet-va-afirmar-en-tres-ocasions-que-la-dana-es-desplacaria-a-la-regio-muntanyenca-de-conca\/\" title=\"Un informe d&#8217;Emerg\u00e8ncies arreplega que Aemet va afirmar en tres ocasions que la DANA es despla\u00e7aria a la regi\u00f3 muntanyenca de Conca\">[+] <\/a><\/div>\n","protected":false},"author":13,"featured_media":242214,"comment_status":"open","ping_status":"open","sticky":false,"template":"","format":"standard","meta":{"footnotes":""},"categories":[21466,10898,10948,10894,10904,10903,10947,10896,10897],"tags":[13456,11449,22958,15409,11199],"class_list":["post-278312","post","type-post","status-publish","format-standard","has-post-thumbnail","category-dana-ca","category-ventana-ca","category-infraestructuras-ca","category-la-comarca-ca","category-sin-categorizar-ca","category-medio-ambiente-la-comarca-ca","category-politica","category-seccion-ca","category-sucesos-la-comarca-ca","tag-aemet-ca","tag-agencia-estatal-de-meteorologia-aemet","tag-cuenca-ca","tag-dana-2-ca","tag-la-comunitat-ca"],"_links":{"self":[{"href":"https:\/\/tucomarca.whitekongsoftware.com\/ca\/wp-json\/wp\/v2\/posts\/278312","targetHints":{"allow":["GET"]}}],"collection":[{"href":"https:\/\/tucomarca.whitekongsoftware.com\/ca\/wp-json\/wp\/v2\/posts"}],"about":[{"href":"https:\/\/tucomarca.whitekongsoftware.com\/ca\/wp-json\/wp\/v2\/types\/post"}],"author":[{"embeddable":true,"href":"https:\/\/tucomarca.whitekongsoftware.com\/ca\/wp-json\/wp\/v2\/users\/13"}],"replies":[{"embeddable":true,"href":"https:\/\/tucomarca.whitekongsoftware.com\/ca\/wp-json\/wp\/v2\/comments?post=278312"}],"version-history":[{"count":0,"href":"https:\/\/tucomarca.whitekongsoftware.com\/ca\/wp-json\/wp\/v2\/posts\/278312\/revisions"}],"wp:featuredmedia":[{"embeddable":true,"href":"https:\/\/tucomarca.whitekongsoftware.com\/ca\/wp-json\/wp\/v2\/media\/242214"}],"wp:attachment":[{"href":"https:\/\/tucomarca.whitekongsoftware.com\/ca\/wp-json\/wp\/v2\/media?parent=278312"}],"wp:term":[{"taxonomy":"category","embeddable":true,"href":"https:\/\/tucomarca.whitekongsoftware.com\/ca\/wp-json\/wp\/v2\/categories?post=278312"},{"taxonomy":"post_tag","embeddable":true,"href":"https:\/\/tucomarca.whitekongsoftware.com\/ca\/wp-json\/wp\/v2\/tags?post=278312"}],"curies":[{"name":"wp","href":"https:\/\/api.w.org\/{rel}","templated":true}]}}