{"id":278234,"date":"2025-09-02T13:00:00","date_gmt":"2025-09-02T11:00:00","guid":{"rendered":"https:\/\/www.tucomarca.com\/wordpress\/segunda\/?p=278234"},"modified":"2025-09-02T13:34:00","modified_gmt":"2025-09-02T11:34:00","slug":"mazon-anuncia-350-milions-deuros-per-a-abonar-de-manera-automatica-mes-ajudes-dana-de-primera-necessitat-vehicles-autonoms-i-treballadors","status":"publish","type":"post","link":"https:\/\/tucomarca.whitekongsoftware.com\/ca\/mazon-anuncia-350-milions-deuros-per-a-abonar-de-manera-automatica-mes-ajudes-dana-de-primera-necessitat-vehicles-autonoms-i-treballadors\/","title":{"rendered":"Maz\u00f3n anuncia 350 milions d&#8217;euros per a abonar de manera autom\u00e0tica m\u00e9s ajudes DANA de primera necessitat, vehicles, aut\u00f2noms i treballadors"},"content":{"rendered":"\n<h3 class=\"wp-block-heading\">Es concediran 3.000 euros addicionals per fam\u00edlia en ajudes de primera necessitat i fins a 2.500 euros per la p\u00e8rdua de vehicle, que beneficiaran a m\u00e9s de 40.000 llars i 87.000 propietaris de cotxes, respectivament.<\/h3>\n\n\n\n<h3 class=\"wp-block-heading\">M\u00e9s de 18.000 aut\u00f2noms sense empleats rebran altres 3.000 euros, mentre que 12.000 treballadors que van estar afectats per un ERTO a conseq\u00fc\u00e8ncia de les riuades rebran 360 euros addicionals.<\/h3>\n\n\n\n<h3 class=\"wp-block-heading\">La Generalitat comen\u00e7ar\u00e0 a transferir les ajudes als beneficiaris de l&#8217;anterior convocat\u00f2ria, sense que les hagen de tornar a demanar, aquest mateix mes de setembre amb l&#8217;objectiu que tots els pagaments estiguen resolts a mitjan octubre, sense burocr\u00e0cia ni temps d&#8217;espera.<\/h3>\n\n\n\n<h3 class=\"wp-block-heading\">El cap del Consell ressalta que aquest nou paquet d&#8217;ajudes \u00e9s fruit \u201cescoltar els afectats\u201d i aposta per facilitar-les passant del \u201csi necessiten ajuda, que la demanen\u201d a \u201ccom sabem que la necessiten, ac\u00ed la tenen\u201d.<\/h3>\n\n\n\n<p class=\"wp-block-paragraph\">El president de la Generalitat, Carlos Maz\u00f3n, ha anunciat la mobilitzaci\u00f3 de 350 milions d&#8217;euros per a abonar i ampliar de manera autom\u00e0tica als damnificats per la riuada les ajudes concedides per la Generalitat de primera necessitat, p\u00e8rdua de vehicles, aut\u00f2noms sense empleats i treballadors afectats per un ERTO a conseq\u00fc\u00e8ncia de les inundacions.<\/p>\n\n\n\n<p class=\"wp-block-paragraph\">Aix\u00ed ho ha trasllat el cap de l&#8217;Executiu auton\u00f2mic durant una compareixen\u00e7a davant els mitjans de comunicaci\u00f3 en la qual ha informat que el ple del Consell del pr\u00f2xim divendres aprovar\u00e0 un conjunt de decrets per a augmentar la cobertura d&#8217;aquestes ajudes \u201cque els beneficiaris rebran en el seu compte corrent, sense necessitat de demanar-les, ni que hagen de fer absolutament res\u201d, ha remarcat.<\/p>\n\n\n\n<p class=\"wp-block-paragraph\">Carlos Maz\u00f3n ha explicat que aquest nou paquet d&#8217;ajudes, \u201cdel qual ha avan\u00e7at que no ser\u00e0 l&#8217;\u00fanic\u201d, s&#8217;abonar\u00e0 de manera autom\u00e0tica als afectats que van rebre les primeres, de manera que se sumen a les ja rebudes amb anterioritat i s\u00f3n acumulatives entre si.&nbsp;<\/p>\n\n\n\n<p class=\"wp-block-paragraph\">D&#8217;aquesta manera, ha recalcat que la Generalitat comen\u00e7ar\u00e0 a transferir les ajudes als beneficiaris \u201cabans que acabe aquest mes de setembre\u201d amb l&#8217;objectiu que \u201ctots els pagaments estiguen resolts a mitjan octubre\u201d.&nbsp;<\/p>\n\n\n\n<p class=\"wp-block-paragraph\">El cap del Consell ha detallat les quanties de les ajudes addicionals que en el cas de les fam\u00edlies que ja han rebut 6.000 euros per a adquirir b\u00e9ns de primera necessitat \u201crebran altres 3.000 euros addicionals per llar per a cobrir despeses que s&#8217;hagueren ocasionat amb motiu de la riuada\u201d. Per a aix\u00f2, es contempla una partida global de 120 milions d&#8217;euros.<\/p>\n\n\n\n<p class=\"wp-block-paragraph\">Aix\u00ed mateix, ha informat que \u201cles ajudes per a vehicles es doblegaran\u201d, de manera que \u201cm\u00e9s de 87.000 propietaris de vehicles tornaran a rebre a fons perdut fins a 2.500 euros per haver perdut el seu cotxe a conseq\u00fc\u00e8ncia de la cat\u00e0strofe\u201d. Maz\u00f3n ha recordat que aquestes ajudes addicionals, que suposen 171 milions d&#8217;euros, van dirigides tant a particulars com a empreses i \u201cno estan vinculades a la compra d&#8217;un nou cotxe, ni al pagament de cap impost\u201d.<\/p>\n\n\n\n<p class=\"wp-block-paragraph\"><strong>Ajudes a aut\u00f2noms i treballadors&nbsp;<\/strong><\/p>\n\n\n\n<p class=\"wp-block-paragraph\">Les ajudes als aut\u00f2noms sense empleats tamb\u00e9 es veuran refor\u00e7ades per la Generalitat i s&#8217;atorgaran 3.000 euros per aut\u00f2nom amb un cost total de 55 milions d&#8217;euros \u201cperqu\u00e8 aquells que no van poder al\u00e7ar la persiana i s&#8217;han vist obligats a tirar d&#8217;estalvis per a arribar a fi de mes mentre el Govern central els obligava a abonar les seues quotes malgrat no tindre activitat\u201d, ha incidit el president.<\/p>\n\n\n\n<p class=\"wp-block-paragraph\">En aquest sentit, el cap del Consell ha denunciat \u201cel triple mal\u201d als aut\u00f2noms ocasionat per part del Govern d&#8217;Espanya \u201cen obligar-los a pagar la quota d&#8217;aut\u00f2noms durant 2025 i a ajornar-la, en lloc d&#8217;exonerar-la, els primers mesos despr\u00e9s de la riuada de mode molts d&#8217;ells van haver d&#8217;abonar doble quota per l&#8217;acumulaci\u00f3\u201d. Maz\u00f3n ha afegit com a \u201ctercer c\u00e0stig\u201d el fet que m\u00e9s de 5.000 aut\u00f2noms valencians es vegen afectats al no renovar-se les ajudes al cessament d&#8217;activitat per for\u00e7a major que el Govern va anunciar el mes de gener passat i no ha complit.<\/p>\n\n\n\n<p class=\"wp-block-paragraph\">La Generalitat tamb\u00e9 destina 4,4 milions d&#8217;euros per a repetir les ajudes als m\u00e9s de 12.000 treballadors que van estar en ERTO amb la finalitat que reben altres 360 euros.&nbsp;<\/p>\n\n\n\n<p class=\"wp-block-paragraph\">En conjunt, el nou paquet d&#8217;ajudes mobilitzat pel Consell ajudar\u00e0 als m\u00e9s 40.000 llars que es van veure afectats per les riuades; als m\u00e9s de 12.000 treballadors que es van veure for\u00e7ats a acudir a un ERTO; a m\u00e9s de 18.000 aut\u00f2noms que van veure la seua activitat truncada i als m\u00e9s de 87.000 sol\u00b7licitants d&#8217;ajudes per la p\u00e8rdua o danys en els seus vehicles.<\/p>\n\n\n\n<p class=\"wp-block-paragraph\">Maz\u00f3n ha manifestat que aquest nou paquet d&#8217;ajudes \u00e9s fruit \u201cd&#8217;haver escoltat els afectats\u201d. Aix\u00ed mateix, ha aprofundit en \u201cla urg\u00e8ncia de completar aquelles ajudes de l&#8217;Executiu central que estan tardant massa a arribar\u201d i ha al\u00b7ludit a l&#8217;inici del curs escolar, del qual ha ressaltat que comporta un augment de la despesa familiar \u201cque enguany no ha de ser un pes afegit a l&#8217;economia de les fam\u00edlies afectades\u201d.<\/p>\n\n\n\n<p class=\"wp-block-paragraph\">El president s&#8217;ha referit al \u201cesfor\u00e7 in\u00e8dit\u201d del Consell, malgrat l&#8217;infrafinan\u00e7ament, que \u201cs&#8217;ha focalitzat en les v\u00edctimes, en les seues fam\u00edlies i en els treballadors aut\u00f2noms i empreses afectades per les riuades sense oblidar les labors de reconstrucci\u00f3\u201d, al mateix temps que ha lamentat que \u201cel Govern d&#8217;Espanya haja abandonat als m\u00e9s vulnerables\u201d.&nbsp;<\/p>\n\n\n\n<p class=\"wp-block-paragraph\">\u201cUn esfor\u00e7 d&#8217;inversi\u00f3 sense precedents de la Generalitat- ha prosseguit el president- que nom\u00e9s en ajudes directes, \u00e0gils i sense impostos auton\u00f2mics, ja aconsegueix els 1.157 milions d&#8217;euros, sense rebre ni un euro a fons perdut per part del Govern. A pulm\u00f3 i amb els nostres propis mitjans\u201d.<\/p>\n\n\n\n<p class=\"wp-block-paragraph\"><strong>Millorar l&#8217;execuci\u00f3 de les ajudes<\/strong><\/p>\n\n\n\n<p class=\"wp-block-paragraph\">El president ha iniciat la seua compareixen\u00e7a explicant que el Consell ha realitzat \u201cuna autoavaluaci\u00f3 profunda i permanent\u201d perqu\u00e8 l&#8217;execuci\u00f3 de les ajudes \u201csiga encara m\u00e9s efectiva i \u00e0gil\u201d, la qual aspira a convertir-se \u201cen una nova forma d&#8217;atorgament d&#8217;ajudes que puga ser aplicada en altres cat\u00e0strofes\u201d.&nbsp;<\/p>\n\n\n\n<p class=\"wp-block-paragraph\">Sobre aquest tema, ha assenyalat que \u201cel principal problema de la gesti\u00f3 d&#8217;ajudes \u00e9s la burocr\u00e0cia\u201d i s&#8217;ha referit a la baixa execuci\u00f3 de les estatals que el propi Govern va atribuir al fet que \u201cels ciutadans no les demanen\u201d.<\/p>\n\n\n\n<p class=\"wp-block-paragraph\">Maz\u00f3n ha qualificat la resposta de l&#8217;Executiu central de \u201cinacceptable\u201d i ha considerat que \u00e9s una \u201cfallada garrafal que la pr\u00f2pia administraci\u00f3 ha de corregir\u201d.&nbsp;<\/p>\n\n\n\n<p class=\"wp-block-paragraph\">Per aix\u00f2, ha advocat perqu\u00e8 els ciutadans no hagen de demanar assist\u00e8ncia a les administracions davant una cat\u00e0strofe natural, sin\u00f3 que haja de ser la pr\u00f2pia Administraci\u00f3 la que la garantisca \u201camb majors facilitats\u201d, passant del \u201csi necessiten ajuda, que la demanen\u201d a \u201ccom sabem que necessiten ajuda, ac\u00ed la tenen\u201d.&nbsp;<\/p>\n\n\n\n<p class=\"wp-block-paragraph\">En aquesta l\u00ednia, ha apostat per eliminar \u201cl&#8217;infern burocr\u00e0tic i les excuses per a no pagar\u201d. Per aix\u00f2, ha ressaltat que de la mateixa manera que el Consell ha agilitzat les ajudes concedides fins al moment amb simples declaracions responsables, ara \u201ces fa un gran pas\u201d en aquest nou paquet d&#8217;ajudes de 350 milions d&#8217;euros que els propis afectats no hauran de demanar-les, sin\u00f3 que s&#8217;ingressaran als damnificats que ja van complir els requisits.&nbsp;<\/p>\n\n\n\n<p class=\"wp-block-paragraph\"><strong>Comissi\u00f3 Mixta<\/strong><\/p>\n\n\n\n<p class=\"wp-block-paragraph\">Durant el seu discurs, el president ha fet una crida al Govern d&#8217;Espanya \u201ca la col\u00b7laboraci\u00f3 i a la lleialtat\u201d i ha exigit la constituci\u00f3 d&#8217;una Comissi\u00f3 Mixta, com es va activar amb l&#8217;erupci\u00f3 del volc\u00e0 de la Palma onze dies despr\u00e9s, per a accelerar reconstrucci\u00f3 econ\u00f2mica i social que mereix la Comunitat Valenciana.<\/p>\n\n\n\n<p class=\"wp-block-paragraph\">El cap del Consell ha assegurat que \u201cencara queda molt per fer\u201d i ha recordat que els ciutadans esperen de les administracions \u201cdecisions, ajudes reals, r\u00e0pides i sense burocr\u00e0cia per a recuperar el que es pot recuperar del perdut\u201d.<\/p>\n\n\n\n<p class=\"wp-block-paragraph\">En aquest sentit, ha ratificat el comprom\u00eds del Consell de continuar avan\u00e7ant \u201csense rebaixar la intensitat cap a la consolidaci\u00f3 d&#8217;una recuperaci\u00f3 que ha d&#8217;arribar a tots\u201d.<\/p>\n\n\n\n<p class=\"wp-block-paragraph\">Finalment, ha destacat que la reconstrucci\u00f3 de la Comunitat Valenciana \u201cno \u00e9s una competici\u00f3\u201d entre administracions \u201cni una lluita pel relat pol\u00edtic\u201d sin\u00f3 que es tracta de \u201cdonar les solucions reals als quals encara les estan esperant. &nbsp;En aix\u00f2 \u00e9s en el que hem de competir, millorar i esfor\u00e7ar-nos cada dia\u201d, ha concl\u00f2s el president.<\/p>\n","protected":false},"excerpt":{"rendered":"<div class=\"mh-excerpt\">Es concediran 3.000 euros addicionals per fam\u00edlia en ajudes de primera necessitat i fins a 2.500 euros per la p\u00e8rdua de vehicle, que beneficiaran a m\u00e9s de 40.000 llars i 87.000 propietaris de cotxes, respectivament. <a class=\"mh-excerpt-more\" href=\"https:\/\/tucomarca.whitekongsoftware.com\/ca\/mazon-anuncia-350-milions-deuros-per-a-abonar-de-manera-automatica-mes-ajudes-dana-de-primera-necessitat-vehicles-autonoms-i-treballadors\/\" title=\"Maz\u00f3n anuncia 350 milions d&#8217;euros per a abonar de manera autom\u00e0tica m\u00e9s ajudes DANA de primera necessitat, vehicles, aut\u00f2noms i treballadors\">[+] <\/a><\/div>\n","protected":false},"author":13,"featured_media":278232,"comment_status":"open","ping_status":"open","sticky":false,"template":"","format":"standard","meta":{"footnotes":""},"categories":[21466,10898,10948,10894,10904,10903,10947,10896,10897],"tags":[18807,15409,11199,17631,22957],"class_list":["post-278234","post","type-post","status-publish","format-standard","has-post-thumbnail","category-dana-ca","category-ventana-ca","category-infraestructuras-ca","category-la-comarca-ca","category-sin-categorizar-ca","category-medio-ambiente-la-comarca-ca","category-politica","category-seccion-ca","category-sucesos-la-comarca-ca","tag-carlos-mazon-ca","tag-dana-2-ca","tag-la-comunitat-ca","tag-la-generalitat-ca","tag-olitica-ca"],"_links":{"self":[{"href":"https:\/\/tucomarca.whitekongsoftware.com\/ca\/wp-json\/wp\/v2\/posts\/278234","targetHints":{"allow":["GET"]}}],"collection":[{"href":"https:\/\/tucomarca.whitekongsoftware.com\/ca\/wp-json\/wp\/v2\/posts"}],"about":[{"href":"https:\/\/tucomarca.whitekongsoftware.com\/ca\/wp-json\/wp\/v2\/types\/post"}],"author":[{"embeddable":true,"href":"https:\/\/tucomarca.whitekongsoftware.com\/ca\/wp-json\/wp\/v2\/users\/13"}],"replies":[{"embeddable":true,"href":"https:\/\/tucomarca.whitekongsoftware.com\/ca\/wp-json\/wp\/v2\/comments?post=278234"}],"version-history":[{"count":0,"href":"https:\/\/tucomarca.whitekongsoftware.com\/ca\/wp-json\/wp\/v2\/posts\/278234\/revisions"}],"wp:featuredmedia":[{"embeddable":true,"href":"https:\/\/tucomarca.whitekongsoftware.com\/ca\/wp-json\/wp\/v2\/media\/278232"}],"wp:attachment":[{"href":"https:\/\/tucomarca.whitekongsoftware.com\/ca\/wp-json\/wp\/v2\/media?parent=278234"}],"wp:term":[{"taxonomy":"category","embeddable":true,"href":"https:\/\/tucomarca.whitekongsoftware.com\/ca\/wp-json\/wp\/v2\/categories?post=278234"},{"taxonomy":"post_tag","embeddable":true,"href":"https:\/\/tucomarca.whitekongsoftware.com\/ca\/wp-json\/wp\/v2\/tags?post=278234"}],"curies":[{"name":"wp","href":"https:\/\/api.w.org\/{rel}","templated":true}]}}