{"id":278095,"date":"2025-09-01T13:45:00","date_gmt":"2025-09-01T11:45:00","guid":{"rendered":"https:\/\/www.tucomarca.com\/wordpress\/segunda\/?p=278095"},"modified":"2025-09-01T21:57:46","modified_gmt":"2025-09-01T19:57:46","slug":"tres-detinguts-per-la-policia-local-de-bunyol-en-intentar-ocupar-un-habitatge-del-carrer-colon","status":"publish","type":"post","link":"https:\/\/tucomarca.whitekongsoftware.com\/ca\/tres-detinguts-per-la-policia-local-de-bunyol-en-intentar-ocupar-un-habitatge-del-carrer-colon\/","title":{"rendered":"Tres detinguts per la Policia Local de Bunyol en intentar ocupar un habitatge del carrer Col\u00f3n"},"content":{"rendered":"\n<p class=\"wp-block-paragraph\">La Policia Local de Bunyol va detindre en la nit del dissabte a dues dones i un home quan tractaven d&#8217;ocupar un habitatge al carrer Col\u00f3n de localitat. Els agents van interceptar als tres individus a l&#8217;interior de l&#8217;immoble, al qual havien accedit despr\u00e9s de for\u00e7ar el pany.<\/p>\n\n\n\n<p class=\"wp-block-paragraph\">La patrulla va ser alertada tant per crides ve\u00efnals com pel servei 112, la qual cosa va permetre mobilitzar a dues unitats de seguretat ciutadana. Una vegada en el lloc, els agents van sorprendre els ocupants dins de l&#8217;habitatge i van procedir a la seua detenci\u00f3 per un presumpte delicte de violaci\u00f3 de domicili.<\/p>\n\n\n\n<p class=\"wp-block-paragraph\">Els propietaris i habitants del domicili, que es trobaven presents, van poder recuperar immediatament l&#8217;habitatge gr\u00e0cies a la r\u00e0pida intervenci\u00f3 policial.<\/p>\n\n\n\n<p class=\"wp-block-paragraph\">Des de la Policia Local de Bunyol han volgut agrair la col\u00b7laboraci\u00f3 dels ve\u00efns i dels propietaris, que van actuar amb serenitat i van mantindre la calma malgrat la tensi\u00f3 del moment, facilitant aix\u00ed la resoluci\u00f3 de l&#8217;incident.<\/p>\n","protected":false},"excerpt":{"rendered":"<div class=\"mh-excerpt\">La Policia Local de Bunyol va detindre en la nit del dissabte a dues dones i un home quan tractaven d&#8217;ocupar un habitatge al carrer Col\u00f3n de localitat. Els agents van interceptar als tres individus <a class=\"mh-excerpt-more\" href=\"https:\/\/tucomarca.whitekongsoftware.com\/ca\/tres-detinguts-per-la-policia-local-de-bunyol-en-intentar-ocupar-un-habitatge-del-carrer-colon\/\" title=\"Tres detinguts per la Policia Local de Bunyol en intentar ocupar un habitatge del carrer Col\u00f3n\">[+] <\/a><\/div>\n","protected":false},"author":12,"featured_media":231197,"comment_status":"open","ping_status":"open","sticky":false,"template":"","format":"standard","meta":{"footnotes":""},"categories":[10911,10898,10894,10912,10896,10897],"tags":[10913,10914,22955,13976],"class_list":["post-278095","post","type-post","status-publish","format-standard","has-post-thumbnail","category-bunol-ca","category-ventana-ca","category-la-comarca-ca","category-la-hoya-ca","category-seccion-ca","category-sucesos-la-comarca-ca","tag-bunol-ca","tag-la-hoya-de-bunol-chiva-ca","tag-ocupacion-ca","tag-policia-local-de-bunol-ca"],"_links":{"self":[{"href":"https:\/\/tucomarca.whitekongsoftware.com\/ca\/wp-json\/wp\/v2\/posts\/278095","targetHints":{"allow":["GET"]}}],"collection":[{"href":"https:\/\/tucomarca.whitekongsoftware.com\/ca\/wp-json\/wp\/v2\/posts"}],"about":[{"href":"https:\/\/tucomarca.whitekongsoftware.com\/ca\/wp-json\/wp\/v2\/types\/post"}],"author":[{"embeddable":true,"href":"https:\/\/tucomarca.whitekongsoftware.com\/ca\/wp-json\/wp\/v2\/users\/12"}],"replies":[{"embeddable":true,"href":"https:\/\/tucomarca.whitekongsoftware.com\/ca\/wp-json\/wp\/v2\/comments?post=278095"}],"version-history":[{"count":0,"href":"https:\/\/tucomarca.whitekongsoftware.com\/ca\/wp-json\/wp\/v2\/posts\/278095\/revisions"}],"wp:featuredmedia":[{"embeddable":true,"href":"https:\/\/tucomarca.whitekongsoftware.com\/ca\/wp-json\/wp\/v2\/media\/231197"}],"wp:attachment":[{"href":"https:\/\/tucomarca.whitekongsoftware.com\/ca\/wp-json\/wp\/v2\/media?parent=278095"}],"wp:term":[{"taxonomy":"category","embeddable":true,"href":"https:\/\/tucomarca.whitekongsoftware.com\/ca\/wp-json\/wp\/v2\/categories?post=278095"},{"taxonomy":"post_tag","embeddable":true,"href":"https:\/\/tucomarca.whitekongsoftware.com\/ca\/wp-json\/wp\/v2\/tags?post=278095"}],"curies":[{"name":"wp","href":"https:\/\/api.w.org\/{rel}","templated":true}]}}