{"id":277735,"date":"2025-09-01T09:30:00","date_gmt":"2025-09-01T07:30:00","guid":{"rendered":"https:\/\/www.tucomarca.com\/wordpress\/segunda\/?p=277735"},"modified":"2025-09-01T12:32:28","modified_gmt":"2025-09-01T10:32:28","slug":"fotogaleria-la-lii-festa-de-la-verema-de-xest-arranca-amb-el-seu-tradicional-sopar-de-gala-al-puig","status":"publish","type":"post","link":"https:\/\/tucomarca.whitekongsoftware.com\/ca\/fotogaleria-la-lii-festa-de-la-verema-de-xest-arranca-amb-el-seu-tradicional-sopar-de-gala-al-puig\/","title":{"rendered":"Fotogaler\u00eda: la LII Festa de la Verema de Xest arranca amb el seu tradicional sopar de gala al Puig"},"content":{"rendered":"\n<p class=\"wp-block-paragraph\">Dissabte passat, 30 d&#8217;agost, va donar principi oficialment la\u00a0LII Festa de la Verema\u00a0de Xest amb la celebraci\u00f3 del tradicional\u00a0Sopar de Gala, un acte que marca l&#8217;inici de l&#8217;edici\u00f3 de 2025.<\/p>\n\n\n\n<p class=\"wp-block-paragraph\">La vetlada va tindre lloc en&nbsp;Jardins La Hisenda del Puig, fins on es van despla\u00e7ar la reina de la festa,&nbsp;Roc\u00edo Toledano Horta, i la seua cort d&#8217;honor.<\/p>\n\n\n\n<p class=\"wp-block-paragraph\">Abans del banquet, tant la reina com les seues dames van ser rebudes per l&#8217;Ajuntament&nbsp; en la pla\u00e7a Doctor Cajal, on van posar per a les fotos oficials davant la mirada de desenes de ve\u00efns i ve\u00efnes que no van voler perdre&#8217;s l&#8217;arrancada d&#8217;aquestes festes tan esperades.<\/p>\n\n\n\n<p class=\"wp-block-paragraph\">Amb aquest acte, la Festa de la Verema inicia un nou cap\u00edtol en el qual tradici\u00f3, cultura i conviv\u00e8ncia es tornaran a donar la m\u00e0 al llarg de les pr\u00f2ximes setmanes.<\/p>\n\n\n\n<figure class=\"wp-block-gallery has-nested-images columns-1 is-cropped wp-block-gallery-1 is-layout-flex wp-block-gallery-is-layout-flex\">\n<figure class=\"wp-block-image size-large\"><img loading=\"lazy\" decoding=\"async\" width=\"1024\" height=\"682\" data-id=\"277732\" src=\"https:\/\/www.tucomarca.com\/wordpress\/segunda\/wp-content\/uploads\/2025\/09\/Cheste_Cena-de-Gala_6-1024x682.jpg\" alt=\"\" class=\"wp-image-277732\" srcset=\"https:\/\/tucomarca.whitekongsoftware.com\/wp-content\/uploads\/2025\/09\/Cheste_Cena-de-Gala_6-1024x682.jpg 1024w, https:\/\/tucomarca.whitekongsoftware.com\/wp-content\/uploads\/2025\/09\/Cheste_Cena-de-Gala_6-300x200.jpg 300w, https:\/\/tucomarca.whitekongsoftware.com\/wp-content\/uploads\/2025\/09\/Cheste_Cena-de-Gala_6-768x512.jpg 768w, https:\/\/tucomarca.whitekongsoftware.com\/wp-content\/uploads\/2025\/09\/Cheste_Cena-de-Gala_6-1536x1024.jpg 1536w, https:\/\/tucomarca.whitekongsoftware.com\/wp-content\/uploads\/2025\/09\/Cheste_Cena-de-Gala_6.jpg 1772w\" sizes=\"auto, (max-width: 1024px) 100vw, 1024px\" \/><\/figure>\n\n\n\n<figure class=\"wp-block-image size-large\"><img loading=\"lazy\" decoding=\"async\" width=\"1024\" height=\"683\" data-id=\"277730\" src=\"https:\/\/www.tucomarca.com\/wordpress\/segunda\/wp-content\/uploads\/2025\/09\/Cheste_Cena-de-Gala_5-1024x683.jpg\" alt=\"\" class=\"wp-image-277730\" srcset=\"https:\/\/tucomarca.whitekongsoftware.com\/wp-content\/uploads\/2025\/09\/Cheste_Cena-de-Gala_5-1024x683.jpg 1024w, https:\/\/tucomarca.whitekongsoftware.com\/wp-content\/uploads\/2025\/09\/Cheste_Cena-de-Gala_5-300x200.jpg 300w, https:\/\/tucomarca.whitekongsoftware.com\/wp-content\/uploads\/2025\/09\/Cheste_Cena-de-Gala_5-768x512.jpg 768w, https:\/\/tucomarca.whitekongsoftware.com\/wp-content\/uploads\/2025\/09\/Cheste_Cena-de-Gala_5-1536x1024.jpg 1536w, https:\/\/tucomarca.whitekongsoftware.com\/wp-content\/uploads\/2025\/09\/Cheste_Cena-de-Gala_5-2048x1366.jpg 2048w\" sizes=\"auto, (max-width: 1024px) 100vw, 1024px\" \/><\/figure>\n\n\n\n<figure class=\"wp-block-image size-large\"><img loading=\"lazy\" decoding=\"async\" width=\"1024\" height=\"682\" data-id=\"277728\" src=\"https:\/\/www.tucomarca.com\/wordpress\/segunda\/wp-content\/uploads\/2025\/09\/Cheste_Cena-de-Gala_4-1024x682.jpg\" alt=\"\" class=\"wp-image-277728\" srcset=\"https:\/\/tucomarca.whitekongsoftware.com\/wp-content\/uploads\/2025\/09\/Cheste_Cena-de-Gala_4-1024x682.jpg 1024w, https:\/\/tucomarca.whitekongsoftware.com\/wp-content\/uploads\/2025\/09\/Cheste_Cena-de-Gala_4-300x200.jpg 300w, https:\/\/tucomarca.whitekongsoftware.com\/wp-content\/uploads\/2025\/09\/Cheste_Cena-de-Gala_4-768x512.jpg 768w, https:\/\/tucomarca.whitekongsoftware.com\/wp-content\/uploads\/2025\/09\/Cheste_Cena-de-Gala_4-1536x1024.jpg 1536w, https:\/\/tucomarca.whitekongsoftware.com\/wp-content\/uploads\/2025\/09\/Cheste_Cena-de-Gala_4.jpg 1772w\" sizes=\"auto, (max-width: 1024px) 100vw, 1024px\" \/><\/figure>\n\n\n\n<figure class=\"wp-block-image size-large\"><img loading=\"lazy\" decoding=\"async\" width=\"1024\" height=\"682\" data-id=\"277726\" src=\"https:\/\/www.tucomarca.com\/wordpress\/segunda\/wp-content\/uploads\/2025\/09\/Cheste_Cena-de-Gala_3-1024x682.jpg\" alt=\"\" class=\"wp-image-277726\" srcset=\"https:\/\/tucomarca.whitekongsoftware.com\/wp-content\/uploads\/2025\/09\/Cheste_Cena-de-Gala_3-1024x682.jpg 1024w, https:\/\/tucomarca.whitekongsoftware.com\/wp-content\/uploads\/2025\/09\/Cheste_Cena-de-Gala_3-300x200.jpg 300w, https:\/\/tucomarca.whitekongsoftware.com\/wp-content\/uploads\/2025\/09\/Cheste_Cena-de-Gala_3-768x512.jpg 768w, https:\/\/tucomarca.whitekongsoftware.com\/wp-content\/uploads\/2025\/09\/Cheste_Cena-de-Gala_3-1536x1024.jpg 1536w, https:\/\/tucomarca.whitekongsoftware.com\/wp-content\/uploads\/2025\/09\/Cheste_Cena-de-Gala_3.jpg 1772w\" sizes=\"auto, (max-width: 1024px) 100vw, 1024px\" \/><\/figure>\n\n\n\n<figure class=\"wp-block-image size-large\"><img loading=\"lazy\" decoding=\"async\" width=\"1024\" height=\"682\" data-id=\"277724\" src=\"https:\/\/www.tucomarca.com\/wordpress\/segunda\/wp-content\/uploads\/2025\/09\/Cheste_Cena-de-Gala_2-1024x682.jpg\" alt=\"\" class=\"wp-image-277724\" srcset=\"https:\/\/tucomarca.whitekongsoftware.com\/wp-content\/uploads\/2025\/09\/Cheste_Cena-de-Gala_2-1024x682.jpg 1024w, https:\/\/tucomarca.whitekongsoftware.com\/wp-content\/uploads\/2025\/09\/Cheste_Cena-de-Gala_2-300x200.jpg 300w, https:\/\/tucomarca.whitekongsoftware.com\/wp-content\/uploads\/2025\/09\/Cheste_Cena-de-Gala_2-768x512.jpg 768w, https:\/\/tucomarca.whitekongsoftware.com\/wp-content\/uploads\/2025\/09\/Cheste_Cena-de-Gala_2-1536x1024.jpg 1536w, https:\/\/tucomarca.whitekongsoftware.com\/wp-content\/uploads\/2025\/09\/Cheste_Cena-de-Gala_2.jpg 1772w\" sizes=\"auto, (max-width: 1024px) 100vw, 1024px\" \/><\/figure>\n\n\n\n<figure class=\"wp-block-image size-large\"><img loading=\"lazy\" decoding=\"async\" width=\"1024\" height=\"682\" data-id=\"277722\" src=\"https:\/\/www.tucomarca.com\/wordpress\/segunda\/wp-content\/uploads\/2025\/09\/Cheste_Cena-de-Gala_1-1024x682.jpg\" alt=\"\" class=\"wp-image-277722\" srcset=\"https:\/\/tucomarca.whitekongsoftware.com\/wp-content\/uploads\/2025\/09\/Cheste_Cena-de-Gala_1-1024x682.jpg 1024w, https:\/\/tucomarca.whitekongsoftware.com\/wp-content\/uploads\/2025\/09\/Cheste_Cena-de-Gala_1-300x200.jpg 300w, https:\/\/tucomarca.whitekongsoftware.com\/wp-content\/uploads\/2025\/09\/Cheste_Cena-de-Gala_1-768x512.jpg 768w, https:\/\/tucomarca.whitekongsoftware.com\/wp-content\/uploads\/2025\/09\/Cheste_Cena-de-Gala_1-1536x1024.jpg 1536w, https:\/\/tucomarca.whitekongsoftware.com\/wp-content\/uploads\/2025\/09\/Cheste_Cena-de-Gala_1.jpg 1772w\" sizes=\"auto, (max-width: 1024px) 100vw, 1024px\" \/><\/figure>\n<\/figure>\n","protected":false},"excerpt":{"rendered":"<div class=\"mh-excerpt\">Dissabte passat, 30 d&#8217;agost, va donar principi oficialment la\u00a0LII Festa de la Verema\u00a0de Xest amb la celebraci\u00f3 del tradicional\u00a0Sopar de Gala, un acte que marca l&#8217;inici de l&#8217;edici\u00f3 de 2025. La vetlada va tindre lloc <a class=\"mh-excerpt-more\" href=\"https:\/\/tucomarca.whitekongsoftware.com\/ca\/fotogaleria-la-lii-festa-de-la-verema-de-xest-arranca-amb-el-seu-tradicional-sopar-de-gala-al-puig\/\" title=\"Fotogaler\u00eda: la LII Festa de la Verema de Xest arranca amb el seu tradicional sopar de gala al Puig\">[+] <\/a><\/div>\n","protected":false},"author":13,"featured_media":277729,"comment_status":"open","ping_status":"open","sticky":false,"template":"","format":"gallery","meta":{"footnotes":""},"categories":[10894,10912,11004,11007,11008,10896,10974],"tags":[11071,15497,10914,15856],"class_list":["post-277735","post","type-post","status-publish","format-gallery","has-post-thumbnail","category-la-comarca-ca","category-la-hoya-ca","category-la-semana-en-imagenes-ca","category-ocio-y-cultura-ca","category-pueblos-en-fiestas-ca","category-seccion-ca","category-cheste-ca","tag-cheste","tag-fiesta-de-la-vendimia-de-cheste-ca","tag-la-hoya-de-bunol-chiva-ca","tag-ocio-y-cultura-ca","post_format-post-format-gallery"],"_links":{"self":[{"href":"https:\/\/tucomarca.whitekongsoftware.com\/ca\/wp-json\/wp\/v2\/posts\/277735","targetHints":{"allow":["GET"]}}],"collection":[{"href":"https:\/\/tucomarca.whitekongsoftware.com\/ca\/wp-json\/wp\/v2\/posts"}],"about":[{"href":"https:\/\/tucomarca.whitekongsoftware.com\/ca\/wp-json\/wp\/v2\/types\/post"}],"author":[{"embeddable":true,"href":"https:\/\/tucomarca.whitekongsoftware.com\/ca\/wp-json\/wp\/v2\/users\/13"}],"replies":[{"embeddable":true,"href":"https:\/\/tucomarca.whitekongsoftware.com\/ca\/wp-json\/wp\/v2\/comments?post=277735"}],"version-history":[{"count":0,"href":"https:\/\/tucomarca.whitekongsoftware.com\/ca\/wp-json\/wp\/v2\/posts\/277735\/revisions"}],"wp:featuredmedia":[{"embeddable":true,"href":"https:\/\/tucomarca.whitekongsoftware.com\/ca\/wp-json\/wp\/v2\/media\/277729"}],"wp:attachment":[{"href":"https:\/\/tucomarca.whitekongsoftware.com\/ca\/wp-json\/wp\/v2\/media?parent=277735"}],"wp:term":[{"taxonomy":"category","embeddable":true,"href":"https:\/\/tucomarca.whitekongsoftware.com\/ca\/wp-json\/wp\/v2\/categories?post=277735"},{"taxonomy":"post_tag","embeddable":true,"href":"https:\/\/tucomarca.whitekongsoftware.com\/ca\/wp-json\/wp\/v2\/tags?post=277735"}],"curies":[{"name":"wp","href":"https:\/\/api.w.org\/{rel}","templated":true}]}}