{"id":277719,"date":"2025-09-01T12:00:00","date_gmt":"2025-09-01T10:00:00","guid":{"rendered":"https:\/\/www.tucomarca.com\/wordpress\/segunda\/critican-desde-el-consell-que-el-gobierno-central-siga-hinchando-las-cifras-sobre-las-ayudas-pagadas-a-los-afectados-de-la-dana\/"},"modified":"2025-09-01T12:41:05","modified_gmt":"2025-09-01T10:41:05","slug":"critican-desde-el-consell-que-el-gobierno-central-siga-hinchando-las-cifras-sobre-las-ayudas-pagadas-a-los-afectados-de-la-dana","status":"publish","type":"post","link":"https:\/\/tucomarca.whitekongsoftware.com\/ca\/critican-desde-el-consell-que-el-gobierno-central-siga-hinchando-las-cifras-sobre-las-ayudas-pagadas-a-los-afectados-de-la-dana\/","title":{"rendered":"Critiquen des del Consell que el Govern central &#8220;continue unflant les xifres&#8221; sobre les ajudes pagades als afectats de la DANA"},"content":{"rendered":"\n<h3 class=\"wp-block-heading\">Asseguren que les ajudes abonades per l&#8217;Administraci\u00f3 central als diferents col\u00b7lectius &#8220;arriben nom\u00e9s als 2.600 milions d&#8217;euros&#8221;.<\/h3>\n\n\n\n<h3 class=\"wp-block-heading\">Des de l&#8217;Administraci\u00f3 auton\u00f2mica acusen el Govern central de &#8220;donar en l&#8217;\u00faltim mes i mig fins a tres xifres distintes d&#8217;ajudes pagades per la DANA&#8221;.<\/h3>\n\n\n\n<h3 class=\"wp-block-heading\">Recorden que el 21 de juliol, tant el ministre d&#8217;Economia, Carlos Cuerpo, com la Delegaci\u00f3 del Govern en la Comunitat Valenciana, &#8220;van afirmar que l&#8217;Executiu central ja havia abonat 7.500 milions d&#8217;euros en concepte d&#8217;ajudes&#8221;.<\/h3>\n\n\n\n<h3 class=\"wp-block-heading\">&#8220;A m\u00e9s, la ministra de Ci\u00e8ncia, Innovaci\u00f3 i Universitats, Diana Morant, ha dit el 28 d&#8217;agost en un acte a Val\u00e8ncia que el Govern d&#8217;Espanya ja ha transferit, i est\u00e0 en les butxaques de les v\u00edctimes, 7.000 milions d&#8217;euros&#8221;.<\/h3>\n\n\n\n<h3 class=\"wp-block-heading\">No obstant aix\u00f2, critiquen des de l&#8217;executiu valenci\u00e0 que les pr\u00f2pies xifres oficials del Govern publicades en el seu web el 28 d&#8217;agost de 2025 &#8220;desmenteixen de manera contundent les dades aportades pel ministre Cos, la ministra Morant i la Delegaci\u00f3 del Govern en la Comunitat&#8221;.<\/h3>\n\n\n\n<h3 class=\"wp-block-heading\">Tamb\u00e9 retrauen a l&#8217;Executiu central que assegure hui en la seua pr\u00f2pia web &#8220;haver abonat nom\u00e9s 6.190 milions, lluny dels 7.500 milions anunciats al juliol i allunyats tamb\u00e9 dels 7.000 milions que assegura Morant&#8221;.<\/h3>\n\n\n\n<p class=\"wp-block-paragraph\">Des de l&#8217;Administraci\u00f3 auton\u00f2mica valenciana han acusat el Govern central de &#8220;donar en l&#8217;\u00faltim mes i mig fins a tres xifres distintes d&#8217;ajudes pagades per la DANA&#8221;. Fonts de l&#8217;Administraci\u00f3 Auton\u00f2mica asseguren que, amb tot, &#8220;cap de totes aquestes xifres \u00e9s la real. Els diners que verdaderament ha arribat als col\u00b7lectius afectats per la DANA \u00e9s molt menys que l&#8217;anunciat pel Govern de Pedro S\u00e1nchez, que assegura que ha mobilitzat fins a 16.600 milions d&#8217;euros en ajudes i altres mesures per a col\u00b7lectius afectats&#8221;.<\/p>\n\n\n\n<p class=\"wp-block-paragraph\">&#8220;El Govern, com ha fet des del primer dia, s&#8217;apropia de les indemnitzacions pagades pel Consorci de Compensaci\u00f3 d&#8217;Assegurances. L&#8217;import total abonat pel Consorci arriba als 3.533.823.354 d&#8217;euros, uns diners que el Govern s&#8217;arroga i s&#8217;apunta com si fora una ajuda directa oberta, activada i donada per l&#8217;Executiu als afectats per la riuada. En aquest sentit, resulta imprescindible recordar que les indemnitzacions del Consorci de Compensaci\u00f3 d&#8217;Assegurances no s\u00f3n ajudes directes ni indirectes del Govern, no procedeixen de l\u00ednies pressupost\u00e0ries obertes per a afrontar les conseq\u00fc\u00e8ncies de la riuada , sin\u00f3 que s\u00f3n tramitades, gestionades i abonades pel Consorci, no pel Govern. No en va, el Consorci t\u00e9 personalitat jur\u00eddica pr\u00f2pia i plena capacitat d&#8217;obrar, i el seu espec\u00edfic marc d&#8217;actuaci\u00f3 ve determinat pel seu Estatut Legal. T\u00e9 patrimoni propi, distint al de l&#8217;Estat, i en la seua activitat no dep\u00e9n de cap pressupost p\u00fablic . Els seus ingressos ho constitueixen les seues cosines (pagades pels assegurats), els seus rec\u00e0rrecs i el producte de les seues inversions. Per tant, aquests 3.533.823.354 \u20ac abonats pel Consorci no s\u00f3n, en cap concepte, ajudes directes ni indirectes del Govern a col\u00b7lectius afectats per la dana. Aquests diners no ha sigut pagat pel Govern, sin\u00f3 pel Consorci. D&#8217;aquesta manera, aquests 3.533,8 milions d&#8217;euros tamb\u00e9 han de ser restats 3.533,8 dels 6.190 milions d&#8217;euros que el Govern diu que ja ha pagat als afectats per la DANA (Diana Morant assegura que ja s\u00f3n 7.000 milions i el ministre Cos va dir al juliol 7.500 milions)&#8221;, han afegit.<\/p>\n\n\n\n<p class=\"wp-block-paragraph\">&#8220;El mateix succeeix amb les indemnitzacions abonades per Agroseguro a explotacions assegurades \u2014afigen\u2014. El Govern diu que ja ha abonat 51,5 milions d&#8217;euros a explotacions afectades per la DANA. No obstant aix\u00f2, aquestes compensacions tampoc constitueixen ajudes directes ni indirectes del Govern central, sin\u00f3 que s\u00f3n compensacions gestionades per l&#8217;entitat, que s&#8217;encarrega de la gesti\u00f3 de les assegurances agr\u00e0ries per compte i en nom de les entitats asseguradores que formen part del pool de coasseguran\u00e7a. D&#8217;aquesta manera, als 6.190 milions anunciats pel Govern com ja pagats en concepte d&#8217;ajudes, tamb\u00e9 caldria restar aquests 51,5 milions&#8221;.<\/p>\n\n\n\n<p class=\"wp-block-paragraph\"><strong>&#8220;Pr\u00e9stecs ICO no bonificats&#8221;<\/strong><\/p>\n\n\n\n<p class=\"wp-block-paragraph\">A m\u00e9s, el Govern inclou tamb\u00e9 &#8220;de manera artificial els cr\u00e8dits ICO, que sumen uns 719 milions d&#8217;euros, obviant per descomptat que aquests pr\u00e9stecs no s\u00f3n ajudes, perqu\u00e8 \u00e9s uns diners que les empreses sol\u00b7licitants han de retornar. Les ajudes serien \u00fanicament els avals facilitats de manera gratu\u00efta i els interessos perdonats. No obstant aix\u00f2, en aquest sentit cal recordar que d&#8217;aquests 719 milions d&#8217;euros prestats per l&#8217;ICO a empreses afectades per la dana, fins a 400 milions no estan bonificats, no compten amb els interessos subvencionats, \u00e9s a dir, les empreses hauran de retornar eixos diners m\u00e9s els interessos que els hagen fixat en cada cas les entitats financeres. Per tant, els 719 milions prestats per l&#8217;ICO no s\u00f3n ajudes, s&#8217;han de retornar, i d&#8217;ells, uns 400 milions s&#8217;han de retornar a m\u00e9s amb interessos&#8221;, tal com critiquen des de l&#8217;Administraci\u00f3 valenciana.<\/p>\n\n\n\n<p class=\"wp-block-paragraph\">Ja que recorden que les l\u00ednies de finan\u00e7ament per a explotacions agr\u00e0ries afectades (41,25 milions) &#8220;tampoc s\u00f3n ajudes , ja que nom\u00e9s se subvenciona el 15% del principal; per tant, els diners tamb\u00e9 s&#8217;ha de retornar. Tenint en compte tot l&#8217;anterior, de la xifra inicial de 7.500 milions d&#8217;euros que el Govern va dir al juliol que ja havia pagat a col\u00b7lectius afectats per la DANA, dels 7.000 que ha dit Diana Morant que &#8216;\u201c&#8217;ja estan en els butxaca de les v\u00edctimes de la DANA&#8217;, i dels 6.190 milions que diu el Govern en el seu web que ha embajanit en concepte d&#8217;ajudes, la xifra real i concreta d&#8217;ajudes abonades fins al moment per l&#8217;Executiu de S\u00e1nchez es queda en 2.600 milions d&#8217;euros, al que caldria sumar la part corresponent a la subvenci\u00f3 dels interessos de les diferents l\u00ednies de finan\u00e7ament activades&#8221;.<\/p>\n\n\n\n<p class=\"wp-block-paragraph\">Les mateixes fonts conclouen que dels 7.500 milions d&#8217;euros &#8220;pagats presumptament pel Govern en ajudes i que es van anunciar al juliol, dels 7.000 milions proclamats per Diana Morant a l&#8217;agost, i dels 6.190 milions que publica el Govern la seua pr\u00f2pia web oficial, la xifra real d&#8217;ajudes abonades per l&#8217;Executiu de Pedro S\u00e1nchez als afectats per la DANA baixa fins als 2.600 fins a milions d&#8217;euros, la qual cosa suposa un 15,6% del total dels 16.600 milions d&#8217;euros que diu el Govern ha mobilitzat per als afectats de la DANA&#8221;.<\/p>\n\n\n\n<p class=\"wp-block-paragraph\">&#8220;\u00c9s a dir \u2014denuncien\u2014 que el Govern central ha unflat la xifra real de les ajudes en 4.900 milions d&#8217;euros si es parteix de la dada de 7.500 milions en ajudes pagades que va anunciar el ministre Cos i la Delegaci\u00f3 del Govern al juliol; la xifra s&#8217;hauria unflat en 4400 milions si es t\u00e9 en compte la dada anunciada per Diana Morant aquest 28 d&#8217;agost (7.000 milions), mentre que, finalment, les xifres s&#8217;haurien augmentat artificialment en 3.590 milions si es parteix de la dada de 6.190 milions d&#8217;euros en ajudes pagades que t\u00e9 publicat el propi Govern en el seu web&#8221;.<\/p>\n\n\n\n<p class=\"wp-block-paragraph\"><strong>&#8220;El Govern unfla i maquilla les dades de les ajudes pagades als afectats per DANA&#8221;<\/strong><\/p>\n\n\n\n<p class=\"wp-block-paragraph\">Les fonts de l&#8217;Administraci\u00f3 valenciana asseguren que caldria realitzar &#8220;algunes matisacions importants, ja que, per exemple, quant a les ajudes per a la reconstrucci\u00f3 d&#8217;infraestructures municipals , que cobreixen el 100% dels danys, el Govern ja ha pagat 1.745 milions d&#8217;euros a 78 ajuntaments afectats. No obstant aix\u00f2, la immensa majoria d&#8217;aquests consistoris ni tan sols han pogut mobilitzar ni un euro per la falta de recursos humans i t\u00e8cnics per a iniciar els corresponents processos de licitaci\u00f3 per a materialitzar les inversions. I \u00e9s que amb els recursos ordinaris que manegen aquests ajuntaments (en la seua majoria s\u00f3n xicotets consistoris amb una estructura administrativa insuficient) resulta inviable gestionar aquest tipus d&#8217;inversions tan grans, per la qual cosa la major part de les imprescindibles inversions estan paralitzades&#8221;.<\/p>\n\n\n\n<p class=\"wp-block-paragraph\">&#8220;A m\u00e9s, el Govern ha excl\u00f2s a 28 municipis valencians, amb una poblaci\u00f3 conjunta de 80.000 persones, del pla d&#8217;ajudes per a la reconstrucci\u00f3 d&#8217;infraestructures municipals. Resulta injust que aquestes 28 poblacions no tinguen acc\u00e9s a les ajudes estatals per a la seua reconstrucci\u00f3 malgrat els danys patits el passat 29 d&#8217;octubre&#8221;.<\/p>\n\n\n\n<p class=\"wp-block-paragraph\">Aix\u00ed mateix, uns 10 mesos despr\u00e9s de la trag\u00e8dia provocada per la riuada del 29 d&#8217;octubre, el Govern central &#8220;nom\u00e9s ha pagat ajudes de primera necessitat (ajudes directes per a pal\u00b7liar danys materials en habitatge i estris) al 14% de les fam\u00edlies valencianes afectades que van sol\u00b7licitar aquest tipus d&#8217;ajudes. O cosa que \u00e9s el mateix: l&#8217;Executiu de Pedro S\u00e1nchez no ha pagat encara al 86% de les fam\u00edlies que van demanar les ajudes de la DANA. Exactament, a penes 6.102 fam\u00edlies han rebut les ajudes (100,9 milions d&#8217;euros), de les 43.592 que les han demanades&#8221;.<\/p>\n\n\n\n<p class=\"wp-block-paragraph\">&#8220;Per tant, unes 37.940 fam\u00edlies no han rebut ni un euro i continuen esperant aquestes ajudes del Govern. Si cada fam\u00edlia ha rebut fins al moment uns 16.538 euros de mitjana, aix\u00f2 implica que el deute del Govern de S\u00e1nchez amb les fam\u00edlies afectades per la DANA (37.940) i que han de rebre encara l&#8217;ajuda, s&#8217;eleva a uns 620 milions d&#8217;euros&#8221;.<\/p>\n\n\n\n<p class=\"wp-block-paragraph\"><strong>Ajudes per a la compra de vehicles<\/strong><\/p>\n\n\n\n<p class=\"wp-block-paragraph\">En el cap\u00edtol d&#8217;ajudes per a la compra de vehicles, &#8220;el Govern es nega a exonerar o aplicar un tipus d&#8217;IVA 0, amb car\u00e0cter retroactiu, en la compra de cotxes adquirits per propietaris que han perdut el seu vehicle a conseq\u00fc\u00e8ncia de la DANA. Per aix\u00f2, l&#8217;ajuda que reba una persona que ha perdut el seu cotxe a conseq\u00fc\u00e8ncia de la DANA, \u00e9s igual o menor fins i tot que l&#8217;IVA associat al preu del vehicle. L&#8217;Executiu no vol perdonar eixe IVA als afectats que van perdre el seu cotxe&#8221;, asseguren des de l&#8217;executiu valenci\u00e0.<\/p>\n\n\n\n<p class=\"wp-block-paragraph\">Pel que respecta a les ajudes per a les entitats esportives inscrites en el Registre Estatal d&#8217;Entitats Esportives o en els corresponents registres d&#8217;\u00e0mbit auton\u00f2mic, &#8220;per a les obres de reparaci\u00f3, restituci\u00f3 o reconstrucci\u00f3 d&#8217;infraestructures, equipaments o instal\u00b7lacions i serveis esportius en els municipis afectats per la DANA, el Govern no han abonat encara ni un sol euro de les 17 sol\u00b7licituds que s&#8217;han registrat&#8221;, critiquen des de l&#8217;Administraci\u00f3 auton\u00f2mica, des de do de finalitzen assegurat que el Govern central &#8220;tamb\u00e9 ha incomplit la seua promesa de prorrogar la prestaci\u00f3 per cessament temporal d&#8217;activitat per als treballadors aut\u00f2noms a la prov\u00edncia de Val\u00e8ncia afectats per la DANA; aquesta promesa la va realitzar el Ministeri d&#8217;Economia el mes de gener passat, i 8 mesos despr\u00e9s se segueix sense not\u00edcies de la posada en marxa de la citada mesura. Aix\u00f2 afecta a uns 5.000 treballadors aut\u00f2noms valencians&#8221;.<\/p>\n","protected":false},"excerpt":{"rendered":"<div class=\"mh-excerpt\">Asseguren que les ajudes abonades per l&#8217;Administraci\u00f3 central als diferents col\u00b7lectius &#8220;arriben nom\u00e9s als 2.600 milions d&#8217;euros&#8221;. Des de l&#8217;Administraci\u00f3 auton\u00f2mica acusen el Govern central de &#8220;donar en l&#8217;\u00faltim mes i mig fins a tres <a class=\"mh-excerpt-more\" href=\"https:\/\/tucomarca.whitekongsoftware.com\/ca\/critican-desde-el-consell-que-el-gobierno-central-siga-hinchando-las-cifras-sobre-las-ayudas-pagadas-a-los-afectados-de-la-dana\/\" title=\"Critiquen des del Consell que el Govern central &#8220;continue unflant les xifres&#8221; sobre les ajudes pagades als afectats de la DANA\">[+] <\/a><\/div>\n","protected":false},"author":1,"featured_media":244548,"comment_status":"open","ping_status":"open","sticky":false,"template":"","format":"standard","meta":{"footnotes":""},"categories":[21466,10898,10948,10894,10904,10903,10947,10896,10897],"tags":[13821,12683,15409,11199],"class_list":["post-277719","post","type-post","status-publish","format-standard","has-post-thumbnail","category-dana-ca","category-ventana-ca","category-infraestructuras-ca","category-la-comarca-ca","category-sin-categorizar-ca","category-medio-ambiente-la-comarca-ca","category-politica","category-seccion-ca","category-sucesos-la-comarca-ca","tag-ayudas-ca","tag-consell-ca","tag-dana-2-ca","tag-la-comunitat-ca"],"_links":{"self":[{"href":"https:\/\/tucomarca.whitekongsoftware.com\/ca\/wp-json\/wp\/v2\/posts\/277719","targetHints":{"allow":["GET"]}}],"collection":[{"href":"https:\/\/tucomarca.whitekongsoftware.com\/ca\/wp-json\/wp\/v2\/posts"}],"about":[{"href":"https:\/\/tucomarca.whitekongsoftware.com\/ca\/wp-json\/wp\/v2\/types\/post"}],"author":[{"embeddable":true,"href":"https:\/\/tucomarca.whitekongsoftware.com\/ca\/wp-json\/wp\/v2\/users\/1"}],"replies":[{"embeddable":true,"href":"https:\/\/tucomarca.whitekongsoftware.com\/ca\/wp-json\/wp\/v2\/comments?post=277719"}],"version-history":[{"count":0,"href":"https:\/\/tucomarca.whitekongsoftware.com\/ca\/wp-json\/wp\/v2\/posts\/277719\/revisions"}],"wp:featuredmedia":[{"embeddable":true,"href":"https:\/\/tucomarca.whitekongsoftware.com\/ca\/wp-json\/wp\/v2\/media\/244548"}],"wp:attachment":[{"href":"https:\/\/tucomarca.whitekongsoftware.com\/ca\/wp-json\/wp\/v2\/media?parent=277719"}],"wp:term":[{"taxonomy":"category","embeddable":true,"href":"https:\/\/tucomarca.whitekongsoftware.com\/ca\/wp-json\/wp\/v2\/categories?post=277719"},{"taxonomy":"post_tag","embeddable":true,"href":"https:\/\/tucomarca.whitekongsoftware.com\/ca\/wp-json\/wp\/v2\/tags?post=277719"}],"curies":[{"name":"wp","href":"https:\/\/api.w.org\/{rel}","templated":true}]}}