{"id":277713,"date":"2025-08-31T14:00:00","date_gmt":"2025-08-31T12:00:00","guid":{"rendered":"https:\/\/www.tucomarca.com\/wordpress\/segunda\/?p=277713"},"modified":"2025-09-01T00:26:12","modified_gmt":"2025-08-31T22:26:12","slug":"la-generalitat-destina-45-milions-deuros-en-la-recuperacio-i-habilitacio-dhabitatges-publics-afectats-per-la-riuada","status":"publish","type":"post","link":"https:\/\/tucomarca.whitekongsoftware.com\/ca\/la-generalitat-destina-45-milions-deuros-en-la-recuperacio-i-habilitacio-dhabitatges-publics-afectats-per-la-riuada\/","title":{"rendered":"La Generalitat destina 4,5 milions d&#8217;euros en la recuperaci\u00f3 i habilitaci\u00f3 d&#8217;habitatges p\u00fablics afectats per la riuada"},"content":{"rendered":"\n<h3 class=\"wp-block-heading\">La EVHA ofereix 260 habitatges p\u00fablics, totalment equipades, per a les persones que es van quedar sense llar.<\/h3>\n\n\n\n<h3 class=\"wp-block-heading\">L&#8217;ampliaci\u00f3 de l&#8217;equip d&#8217;emerg\u00e8ncia de treballadors socials va permetre agilitzar els reallotjaments en habitatges p\u00fablics de la Generalitat.<\/h3>\n\n\n\n<p class=\"wp-block-paragraph\">La Generalitat, a trav\u00e9s de l&#8217;Entitat Valenciana d&#8217;Habitatge i S\u00f2l (EVHA), ha destinat m\u00e9s de 4,5 milions d&#8217;euros en la recuperaci\u00f3 i habilitaci\u00f3 d&#8217;habitatges del parc p\u00fablic afectades per la riuada del passat 29 d&#8217;octubre. De la mateixa manera, va refor\u00e7ar el seu equip de treballadors socials per a atendre les demandes de reallotjament de les fam\u00edlies els habitatges de les quals es van veure greument afectades, amb la finalitat de traslladar-les a habitatges p\u00fablics.<\/p>\n\n\n\n<p class=\"wp-block-paragraph\">La directora general de la EVHA, Estefan\u00eda Mart\u00ednez, ha explicat que \u201cmoltes fam\u00edlies, b\u00e9 de manera definitiva o temporal, es van quedar sense llar i estris, trobant-se en situaci\u00f3 d&#8217;excepcional necessitat d&#8217;habitatge\u201d. Per aix\u00f2, la Generalitat, \u201cdes del primer moment va posar a disposici\u00f3 habitatges del patrimoni p\u00fablic de la Generalitat a la prov\u00edncia de Val\u00e8ncia\u201d.<\/p>\n\n\n\n<p class=\"wp-block-paragraph\">Concretament, la Vicepresid\u00e8ncia Primera i Conselleria de Serveis Socials, Igualtat i Habitatge ha invertit 4,3 milions d&#8217;euros en la reparaci\u00f3 de danys al seu parc p\u00fablic d&#8217;habitatge despr\u00e9s de la dana. La seua promoci\u00f3 m\u00e9s afectada va ser l&#8217;edifici de 184 habitatges de La Torre del carrer Remigio Soler, a Val\u00e8ncia, on ha sigut necessari destinar 2,2 milions d&#8217;euros en treballs de recondicionament per a acollir a fam\u00edlies afectades.<\/p>\n\n\n\n<p class=\"wp-block-paragraph\">Res m\u00e9s acabar les obres d&#8217;aquest edifici, va arribar la dana i tots els baixos, zones comunes i soterranis van quedar afectats. Despr\u00e9s d&#8217;un ardu treball de reparaci\u00f3 de les diferents zones, s&#8217;han anat entregant habitatges en diferents fases, fins a aconseguir les 70.<\/p>\n\n\n\n<p class=\"wp-block-paragraph\">A m\u00e9s, s&#8217;han invertit altres 1,34 milions en la reparaci\u00f3 d&#8217;habitatges p\u00fablics d&#8217;Alfafar, Aldaia, Algemes\u00ed, Torrent i Val\u00e8ncia, i altres 758.178 euros en la millora d&#8217;elements comuns de grups de la Generalitat d&#8217;aquests mateixos municipis, m\u00e9s Alzira, Paiporta i Picanya.<\/p>\n\n\n\n<p class=\"wp-block-paragraph\">D&#8217;altra banda, per a donar resposta a aquesta emerg\u00e8ncia, la EVHA va refor\u00e7ar el seu equip de treballadors socials per a atendre les demandes de reallotjament de les fam\u00edlies les cases de les quals van quedar inhabitables. Inicialment era per a un per\u00edode de tres mesos, per\u00f2 donada la necessitat del servei, es va ampliar fins al 30 de juny.<\/p>\n\n\n\n<p class=\"wp-block-paragraph\">Estefan\u00eda Mart\u00ednez ha destacat el paper fonamental que ha tingut aquest equip que \u201cha estat en contacte directe amb els serveis socials de tots els ajuntaments per a canalitzar les demandes de les unitats de conviv\u00e8ncia afectades i donar resposta amb la major celeritat possible\u201d.<\/p>\n\n\n\n<p class=\"wp-block-paragraph\"><strong>Gesti\u00f3 de reallotjaments<\/strong><\/p>\n\n\n\n<p class=\"wp-block-paragraph\">Aquest equip ha proporcionat ajuda a unitats familiars en situaci\u00f3 de vulnerabilitat que era necessari atendre i que procedien dels municipis afectats d&#8217;Aldaia, Algemes\u00ed, Benet\u00fasser, Catarroja, Xest, Massanassa, Paiporta, Picanya, Picassent, Riba-roja deT\u00faria, Torrent, Tor\u00eds, Utiel, Vilamarxant, Alfafar, Poliny\u00e0 del X\u00faquer i Val\u00e8ncia.<\/p>\n\n\n\n<p class=\"wp-block-paragraph\">Aquests habitatges, de titularitat de la Generalitat, s&#8217;entreguen a les fam\u00edlies a les quals han sigut assignades perqu\u00e8 compleixen amb els criteris d&#8217;adjudicaci\u00f3, despr\u00e9s d&#8217;un proc\u00e9s de revisi\u00f3 i d&#8217;avaluaci\u00f3 de cada cas.<\/p>\n\n\n\n<p class=\"wp-block-paragraph\">Aix\u00ed, la Generalitat, despr\u00e9s de la recepci\u00f3 i validaci\u00f3 de les sol\u00b7licituds, ha oferit 260 habitatges del parc p\u00fablic a aquestes unitats familiars, d&#8217;elles 127 van acceptar aquesta soluci\u00f3 i les restants, van optar per altres alternatives.<\/p>\n\n\n\n<p class=\"wp-block-paragraph\">Aquests habitatges s&#8217;han adjudicat per un per\u00edode de sis mesos sense cap cost. Una vegada passat eixe termini, es revalua la situaci\u00f3 de la unitat de conviv\u00e8ncia i, en cas de continuar necessitant el pis, s&#8217;amplia el per\u00edode sis mesos m\u00e9s.<\/p>\n\n\n\n<p class=\"wp-block-paragraph\">A m\u00e9s, les persones afectades i que compleixen amb els requisits per a accedir a habitatge social, que no hagen pogut recuperar el seu habitatge, podran continuar en aquestes cases pagant un lloguer&nbsp;assequible.<\/p>\n\n\n\n<p class=\"wp-block-paragraph\">Per a poder accedir a un habitatge de titularitat p\u00fablica els requisits principals que han de complir-se s\u00f3n: ser resident de zona afectada per les inundacions i que l&#8217;habitatge sinistrat constitu\u00efra la resid\u00e8ncia habitual; mancar d&#8217;un altre habitatge; ostentar-la condici\u00f3 f\u00edsica de propietari, usufructuari o arrendatari de l&#8217;habitatge sinistrat; que s&#8217;haja perdut l&#8217;habitatge o aquesta necessite una reparaci\u00f3 de car\u00e0cter estructural o que el seu per\u00edode de recuperaci\u00f3 excedisca de sis mesos.<\/p>\n\n\n\n<p class=\"wp-block-paragraph\">Cal ressaltar que els habitatges s&#8217;entregaven totalment equipades. Per a aix\u00f2, la Conselleria ha comptat amb donacions de diferents empreses en mobiliari i parament de la llar. De la mateixa manera, la EVHA va destinar 183.218 euros en l&#8217;adquisici\u00f3 d&#8217;equipaments.<\/p>\n\n\n\n<p class=\"wp-block-paragraph\"><strong>Bonificacions en els lloguers<\/strong><\/p>\n\n\n\n<p class=\"wp-block-paragraph\">De la mateixa manera, aquelles fam\u00edlies que residien en un habitatge p\u00fablic de la Generalitat i, a causa de la dana, van veure deteriorada la seua situaci\u00f3 econ\u00f2mica, despr\u00e9s d&#8217;estudiar cada cas, se&#8217;ls va aplicar una bonificaci\u00f3 en el lloguer. Finalment, 84 fam\u00edlies s&#8217;han vist beneficiades per aquestes bonificacions en els seus habitatges del parc p\u00fablic. Unes ajudes que han suposat un total de 12.785 euros.<\/p>\n\n\n\n<p class=\"wp-block-paragraph\">Finalment, ressaltar que el maig passat, l&#8217;Associaci\u00f3&nbsp;Espanyola de Gestors P\u00fablics d&#8217;Habitatge i S\u00f2l (AVS) va recon\u00e9ixer la labor exercida per la Generalitat, a trav\u00e9s de la EVHA&nbsp;i de l&#8217;Institut Valenci\u00e0 d&#8217;Edificaci\u00f3&nbsp;(IVE), quant a la gesti\u00f3 de reallotjaments de les fam\u00edlies, aix\u00ed com respecte a la inspecci\u00f3 i avaluaci\u00f3 de danys de milers d&#8217;edificis de les zones damnificades.<\/p>\n\n\n\n<p class=\"wp-block-paragraph\">Els Premis AVS a les Bones Pr\u00e0ctiques, que s&#8217;emmarquen en l&#8217;Assemblea General d&#8217;AVS, van posar en valor el treball solidari i comprom\u00e9s de la EVHA i a l&#8217;IVE per a ajudar a les persones amb les seues llars afectades a causa de la riuada.<\/p>\n","protected":false},"excerpt":{"rendered":"<div class=\"mh-excerpt\">La EVHA ofereix 260 habitatges p\u00fablics, totalment equipades, per a les persones que es van quedar sense llar. L&#8217;ampliaci\u00f3 de l&#8217;equip d&#8217;emerg\u00e8ncia de treballadors socials va permetre agilitzar els reallotjaments en habitatges p\u00fablics de la <a class=\"mh-excerpt-more\" href=\"https:\/\/tucomarca.whitekongsoftware.com\/ca\/la-generalitat-destina-45-milions-deuros-en-la-recuperacio-i-habilitacio-dhabitatges-publics-afectats-per-la-riuada\/\" title=\"La Generalitat destina 4,5 milions d&#8217;euros en la recuperaci\u00f3 i habilitaci\u00f3 d&#8217;habitatges p\u00fablics afectats per la riuada\">[+] <\/a><\/div>\n","protected":false},"author":12,"featured_media":243881,"comment_status":"open","ping_status":"open","sticky":false,"template":"","format":"standard","meta":{"footnotes":""},"categories":[21466,10898,10948,10894,10904,10903,10947,10896,10897],"tags":[15409,21789,12903,11199],"class_list":["post-277713","post","type-post","status-publish","format-standard","has-post-thumbnail","category-dana-ca","category-ventana-ca","category-infraestructuras-ca","category-la-comarca-ca","category-sin-categorizar-ca","category-medio-ambiente-la-comarca-ca","category-politica","category-seccion-ca","category-sucesos-la-comarca-ca","tag-dana-2-ca","tag-generalitat-ca","tag-infraestructuras-ca","tag-la-comunitat-ca"],"_links":{"self":[{"href":"https:\/\/tucomarca.whitekongsoftware.com\/ca\/wp-json\/wp\/v2\/posts\/277713","targetHints":{"allow":["GET"]}}],"collection":[{"href":"https:\/\/tucomarca.whitekongsoftware.com\/ca\/wp-json\/wp\/v2\/posts"}],"about":[{"href":"https:\/\/tucomarca.whitekongsoftware.com\/ca\/wp-json\/wp\/v2\/types\/post"}],"author":[{"embeddable":true,"href":"https:\/\/tucomarca.whitekongsoftware.com\/ca\/wp-json\/wp\/v2\/users\/12"}],"replies":[{"embeddable":true,"href":"https:\/\/tucomarca.whitekongsoftware.com\/ca\/wp-json\/wp\/v2\/comments?post=277713"}],"version-history":[{"count":0,"href":"https:\/\/tucomarca.whitekongsoftware.com\/ca\/wp-json\/wp\/v2\/posts\/277713\/revisions"}],"wp:featuredmedia":[{"embeddable":true,"href":"https:\/\/tucomarca.whitekongsoftware.com\/ca\/wp-json\/wp\/v2\/media\/243881"}],"wp:attachment":[{"href":"https:\/\/tucomarca.whitekongsoftware.com\/ca\/wp-json\/wp\/v2\/media?parent=277713"}],"wp:term":[{"taxonomy":"category","embeddable":true,"href":"https:\/\/tucomarca.whitekongsoftware.com\/ca\/wp-json\/wp\/v2\/categories?post=277713"},{"taxonomy":"post_tag","embeddable":true,"href":"https:\/\/tucomarca.whitekongsoftware.com\/ca\/wp-json\/wp\/v2\/tags?post=277713"}],"curies":[{"name":"wp","href":"https:\/\/api.w.org\/{rel}","templated":true}]}}