{"id":277166,"date":"2025-08-28T08:55:00","date_gmt":"2025-08-28T06:55:00","guid":{"rendered":"https:\/\/www.tucomarca.com\/wordpress\/segunda\/?p=277166"},"modified":"2025-08-28T19:22:03","modified_gmt":"2025-08-28T17:22:03","slug":"camarero-destaca-la-inversio-d19-milions-deuros-per-a-la-construccio-del-nou-centre-de-dia-per-a-persones-majors-de-la-pobla-de-vallbona","status":"publish","type":"post","link":"https:\/\/tucomarca.whitekongsoftware.com\/ca\/camarero-destaca-la-inversio-d19-milions-deuros-per-a-la-construccio-del-nou-centre-de-dia-per-a-persones-majors-de-la-pobla-de-vallbona\/","title":{"rendered":"Camarero destaca la inversi\u00f3 d\u20191,9 milions d\u2019euros per a la construcci\u00f3 del nou Centre de Dia per a persones majors de la Pobla de Vallbona"},"content":{"rendered":"\n<h3 class=\"wp-block-heading\">La vicepresidenta primera visita les obres de construcci\u00f3 del Centre de Dia <em>La Rascanya<\/em>, en fase de finalitzaci\u00f3, que crear\u00e0 60 places noves d\u2019atenci\u00f3 a majors.<\/h3>\n\n\n\n<h3 class=\"wp-block-heading\">La titular de Serveis Socials assenyala que \u201cles persones estan en el centre de la gesti\u00f3 d\u2019este Consell, que invertix cada dia en millorar la qualitat i augmentar\u00e0 els recursos destinats a l\u2019atenci\u00f3 de les persones\u201d.<\/h3>\n\n\n\n<p class=\"wp-block-paragraph\">La vicepresidenta primera i consellera de Serveis Socials, Igualtat i Habitatge, <strong>Susana Camarero<\/strong>, ha destacat la inversi\u00f3 d\u20191.936.644,99 euros en la construcci\u00f3 del nou Centre de Dia per a persones majors <em>La Rascanya<\/em> a la Pobla de Vallbona.<\/p>\n\n\n\n<p class=\"wp-block-paragraph\">Aix\u00ed ho ha detallat Camarero en la visita a les obres de construcci\u00f3 del Centre de Dia, que es troba ja en la fase final dels treballs i es preveu que comence a oferir servei durant el primer trimestre del 2026.<\/p>\n\n\n\n<p class=\"wp-block-paragraph\">Este Centre de Dia donar\u00e0 servei a 60 persones majors que disposaran d\u2019unes instal\u00b7lacions d\u2019acord amb les seues necessitats, entre les quals destaquen la sala de rehabilitaci\u00f3, la d\u2019atenci\u00f3 individual, la d\u2019activitats, la de tractaments, la d\u2019oci, la perruqueria i un espai TIC on podran aprendre i aprofundir en l\u2019\u00fas de les noves tecnologies.<\/p>\n\n\n\n<p class=\"wp-block-paragraph\">A m\u00e9s d\u2019esta inversi\u00f3 d\u20191,9 milions d\u2019euros per a la construcci\u00f3 d\u2019este centre de la Pobla de Vallbona, la Generalitat finan\u00e7ar\u00e0 el cost de les 60 places p\u00fabliques noves per a persones majors a trav\u00e9s del Contracte Programa, que finan\u00e7a els serveis socials municipals i que ha vist ampliada la seua quantia per part del govern auton\u00f2mic en un 58,58 % en el municipi, passant de 2.144.020,3 euros en 2024 als 3.399.722,92 euros en 2025.<\/p>\n\n\n\n<p class=\"wp-block-paragraph\">A m\u00e9s, el Contracte Programa de la Generalitat tamb\u00e9 finan\u00e7a a la Pobla de Vallbona 36 places en el Centre Ocupacional per a majors i 50 places en el Centre d\u2019Atenci\u00f3 Prim\u00e0ria per a persones amb discapacitat.<\/p>\n\n\n\n<p class=\"wp-block-paragraph\">La vicepresidenta primera ha destacat que \u201cconstruir un nou Centre de Dia per a persones majors significa continuar prioritzant els serveis socials, millorant-los la qualitat de vida, assegurant una atenci\u00f3 professional d\u2019acord amb les seues necessitats i garantint el seu benestar mitjan\u00e7ant la inversi\u00f3 p\u00fablica d\u2019una Comunitat que cuida els seus majors\u201d.<\/p>\n","protected":false},"excerpt":{"rendered":"<div class=\"mh-excerpt\">La vicepresidenta primera visita les obres de construcci\u00f3 del Centre de Dia La Rascanya, en fase de finalitzaci\u00f3, que crear\u00e0 60 places noves d\u2019atenci\u00f3 a majors. La titular de Serveis Socials assenyala que \u201cles persones <a class=\"mh-excerpt-more\" href=\"https:\/\/tucomarca.whitekongsoftware.com\/ca\/camarero-destaca-la-inversio-d19-milions-deuros-per-a-la-construccio-del-nou-centre-de-dia-per-a-persones-majors-de-la-pobla-de-vallbona\/\" title=\"Camarero destaca la inversi\u00f3 d\u20191,9 milions d\u2019euros per a la construcci\u00f3 del nou Centre de Dia per a persones majors de la Pobla de Vallbona\">[+] <\/a><\/div>\n","protected":false},"author":12,"featured_media":277165,"comment_status":"open","ping_status":"open","sticky":false,"template":"","format":"standard","meta":{"footnotes":""},"categories":[10892,10898,10948,10894,10915,10947,10896],"tags":[10899,14429,10916,21391],"class_list":["post-277166","post","type-post","status-publish","format-standard","has-post-thumbnail","category-camp-de-turia-ca","category-ventana-ca","category-infraestructuras-ca","category-la-comarca-ca","category-la-pobla-ca","category-politica","category-seccion-ca","tag-camp-de-turia-ca","tag-centro-de-dia-ca","tag-la-pobla-de-vallbona-ca","tag-susana-camarero-ca"],"_links":{"self":[{"href":"https:\/\/tucomarca.whitekongsoftware.com\/ca\/wp-json\/wp\/v2\/posts\/277166","targetHints":{"allow":["GET"]}}],"collection":[{"href":"https:\/\/tucomarca.whitekongsoftware.com\/ca\/wp-json\/wp\/v2\/posts"}],"about":[{"href":"https:\/\/tucomarca.whitekongsoftware.com\/ca\/wp-json\/wp\/v2\/types\/post"}],"author":[{"embeddable":true,"href":"https:\/\/tucomarca.whitekongsoftware.com\/ca\/wp-json\/wp\/v2\/users\/12"}],"replies":[{"embeddable":true,"href":"https:\/\/tucomarca.whitekongsoftware.com\/ca\/wp-json\/wp\/v2\/comments?post=277166"}],"version-history":[{"count":0,"href":"https:\/\/tucomarca.whitekongsoftware.com\/ca\/wp-json\/wp\/v2\/posts\/277166\/revisions"}],"wp:featuredmedia":[{"embeddable":true,"href":"https:\/\/tucomarca.whitekongsoftware.com\/ca\/wp-json\/wp\/v2\/media\/277165"}],"wp:attachment":[{"href":"https:\/\/tucomarca.whitekongsoftware.com\/ca\/wp-json\/wp\/v2\/media?parent=277166"}],"wp:term":[{"taxonomy":"category","embeddable":true,"href":"https:\/\/tucomarca.whitekongsoftware.com\/ca\/wp-json\/wp\/v2\/categories?post=277166"},{"taxonomy":"post_tag","embeddable":true,"href":"https:\/\/tucomarca.whitekongsoftware.com\/ca\/wp-json\/wp\/v2\/tags?post=277166"}],"curies":[{"name":"wp","href":"https:\/\/api.w.org\/{rel}","templated":true}]}}