{"id":277109,"date":"2025-08-28T09:30:00","date_gmt":"2025-08-28T07:30:00","guid":{"rendered":"https:\/\/www.tucomarca.com\/wordpress\/segunda\/?p=277109"},"modified":"2025-08-28T17:00:26","modified_gmt":"2025-08-28T15:00:26","slug":"gracia-guillem-sincorpora-com-a-nova-assessora-juridica-del-consell-regulador-de-la-do-utiel-requena","status":"publish","type":"post","link":"https:\/\/tucomarca.whitekongsoftware.com\/ca\/gracia-guillem-sincorpora-com-a-nova-assessora-juridica-del-consell-regulador-de-la-do-utiel-requena\/","title":{"rendered":"Gracia Guillem s\u2019incorpora com a nova assessora jur\u00eddica del Consell Regulador de la DO Utiel-Requena"},"content":{"rendered":"\n<p class=\"wp-block-paragraph\">El Consell Regulador de la Denominaci\u00f3 d\u2019Origen Utiel-Requena ha incorporat a Gracia Guillem Carrau com a nova assessora jur\u00eddica de l\u2019entitat, succeint en el c\u00e0rrec a Fernando Medina despr\u00e9s de tres d\u00e8cades d\u2019excel\u00b7lent servici en defensa dels drets i interessos de la Denominaci\u00f3.<\/p>\n\n\n\n<p class=\"wp-block-paragraph\">Gracia Guillem est\u00e0 al capdavant del despatx Carrau, deg\u00e0 de Val\u00e8ncia des de la seua fundaci\u00f3 en 1881. Compta amb una \u00e0mplia experi\u00e8ncia en m\u00faltiples \u00e0rees del dret, amb especialitzaci\u00f3 en figures de qualitat agroaliment\u00e0ria. En este \u00e0mbit ha prestat servicis professionals a entitats tant de la Comunitat Valenciana com d\u2019altres regions d\u2019Espanya.<\/p>\n\n\n\n<p class=\"wp-block-paragraph\">La seua traject\u00f2ria inclou tamb\u00e9 l\u2019assessorament a corporacions de dret p\u00fablic, ports mar\u00edtims, empreses de diversos sectors, fundacions i associacions empresarials. Com a fita destacada, va ser l\u2019advocada que va defensar els drets de l\u2019Associaci\u00f3 d\u2019Elaboradors de Cava de Requena, permetent que els seus productes pogueren etiquetar-se sota la denominaci\u00f3 Cava de Requena.<\/p>\n\n\n\n<p class=\"wp-block-paragraph\">Guillem afronta esta nova etapa amb una gran responsabilitat i amb la il\u00b7lusi\u00f3 que li atorga la seua vinculaci\u00f3 personal amb la regi\u00f3 i el sector empresarial. Assumeix el repte amb la confian\u00e7a que, a trav\u00e9s de la DO Utiel-Requena, els seus membres puguen continuar creixent tant a nivell empresarial com en l\u2019impuls de l\u2019economia i el benestar de la comarca.<\/p>\n","protected":false},"excerpt":{"rendered":"<div class=\"mh-excerpt\">El Consell Regulador de la Denominaci\u00f3 d\u2019Origen Utiel-Requena ha incorporat a Gracia Guillem Carrau com a nova assessora jur\u00eddica de l\u2019entitat, succeint en el c\u00e0rrec a Fernando Medina despr\u00e9s de tres d\u00e8cades d\u2019excel\u00b7lent servici en <a class=\"mh-excerpt-more\" href=\"https:\/\/tucomarca.whitekongsoftware.com\/ca\/gracia-guillem-sincorpora-com-a-nova-assessora-juridica-del-consell-regulador-de-la-do-utiel-requena\/\" title=\"Gracia Guillem s\u2019incorpora com a nova assessora jur\u00eddica del Consell Regulador de la DO Utiel-Requena\">[+] <\/a><\/div>\n","protected":false},"author":12,"featured_media":277108,"comment_status":"open","ping_status":"open","sticky":false,"template":"","format":"standard","meta":{"footnotes":""},"categories":[11006,10894,11007,10908,10909,10896,11059],"tags":[14956,12747,10910],"class_list":["post-277109","post","type-post","status-publish","format-standard","has-post-thumbnail","category-canal-vinos","category-la-comarca-ca","category-ocio-y-cultura-ca","category-requena-ca","category-requena-utiel-ca","category-seccion-ca","category-utiel-ca","tag-consejo-regulador-de-la-denominacion-de-origen-utiel-requena-ca","tag-do-utiel-requena-ca","tag-requena-utiel-ca"],"_links":{"self":[{"href":"https:\/\/tucomarca.whitekongsoftware.com\/ca\/wp-json\/wp\/v2\/posts\/277109","targetHints":{"allow":["GET"]}}],"collection":[{"href":"https:\/\/tucomarca.whitekongsoftware.com\/ca\/wp-json\/wp\/v2\/posts"}],"about":[{"href":"https:\/\/tucomarca.whitekongsoftware.com\/ca\/wp-json\/wp\/v2\/types\/post"}],"author":[{"embeddable":true,"href":"https:\/\/tucomarca.whitekongsoftware.com\/ca\/wp-json\/wp\/v2\/users\/12"}],"replies":[{"embeddable":true,"href":"https:\/\/tucomarca.whitekongsoftware.com\/ca\/wp-json\/wp\/v2\/comments?post=277109"}],"version-history":[{"count":0,"href":"https:\/\/tucomarca.whitekongsoftware.com\/ca\/wp-json\/wp\/v2\/posts\/277109\/revisions"}],"wp:featuredmedia":[{"embeddable":true,"href":"https:\/\/tucomarca.whitekongsoftware.com\/ca\/wp-json\/wp\/v2\/media\/277108"}],"wp:attachment":[{"href":"https:\/\/tucomarca.whitekongsoftware.com\/ca\/wp-json\/wp\/v2\/media?parent=277109"}],"wp:term":[{"taxonomy":"category","embeddable":true,"href":"https:\/\/tucomarca.whitekongsoftware.com\/ca\/wp-json\/wp\/v2\/categories?post=277109"},{"taxonomy":"post_tag","embeddable":true,"href":"https:\/\/tucomarca.whitekongsoftware.com\/ca\/wp-json\/wp\/v2\/tags?post=277109"}],"curies":[{"name":"wp","href":"https:\/\/api.w.org\/{rel}","templated":true}]}}