{"id":276285,"date":"2025-08-23T10:30:00","date_gmt":"2025-08-23T08:30:00","guid":{"rendered":"https:\/\/www.tucomarca.com\/wordpress\/segunda\/?p=276285"},"modified":"2025-08-23T10:59:19","modified_gmt":"2025-08-23T08:59:19","slug":"el-trasllat-de-sant-lluis-a-la-parroquia-de-sant-pere-apostol-dona-inici-aquest-dissabte-als-actes-religiosos-de-la-fira-i-festes-de-bunyol","status":"publish","type":"post","link":"https:\/\/tucomarca.whitekongsoftware.com\/ca\/el-trasllat-de-sant-lluis-a-la-parroquia-de-sant-pere-apostol-dona-inici-aquest-dissabte-als-actes-religiosos-de-la-fira-i-festes-de-bunyol\/","title":{"rendered":"El trasllat de Sant Llu\u00eds a la parr\u00f2quia de Sant Pere Ap\u00f3stol dona inici aquest dissabte als actes religiosos de la Fira i Festes de Bunyol"},"content":{"rendered":"\n<p class=\"wp-block-paragraph\">El trasllat del patr\u00f3 de Bunyol, Sant Llu\u00eds Bertr\u00e1n, des de la seua ermita situada en el passeig del mateix nom a la parr\u00f2quia de Sant Pere Ap\u00f3stol, marcar\u00e0 aquest dissabte el punt de partida dels actes religiosos de la Fira i Festes de Bunyol d&#8217;aquest 2025.<\/p>\n\n\n\n<p class=\"wp-block-paragraph\">S\u00f3n quasi dues setmanes de festejos que\u00a0<strong>tucomarca.com<\/strong>\u00a0els anir\u00e0 acostant a trav\u00e9s d&#8217;Internet en la seua edici\u00f3 digital, aix\u00ed com a trav\u00e9s de les diverses xarxes socials.<\/p>\n","protected":false},"excerpt":{"rendered":"<div class=\"mh-excerpt\">El trasllat del patr\u00f3 de Bunyol, Sant Llu\u00eds Bertr\u00e1n, des de la seua ermita situada en el passeig del mateix nom a la parr\u00f2quia de Sant Pere Ap\u00f3stol, marcar\u00e0 aquest dissabte el punt de partida <a class=\"mh-excerpt-more\" href=\"https:\/\/tucomarca.whitekongsoftware.com\/ca\/el-trasllat-de-sant-lluis-a-la-parroquia-de-sant-pere-apostol-dona-inici-aquest-dissabte-als-actes-religiosos-de-la-fira-i-festes-de-bunyol\/\" title=\"El trasllat de Sant Llu\u00eds a la parr\u00f2quia de Sant Pere Ap\u00f3stol dona inici aquest dissabte als actes religiosos de la Fira i Festes de Bunyol\">[+] <\/a><\/div>\n","protected":false},"author":12,"featured_media":196268,"comment_status":"open","ping_status":"open","sticky":false,"template":"","format":"standard","meta":{"footnotes":""},"categories":[11019,10911,10894,10912,11007,10896],"tags":[10913,22921,10914],"class_list":["post-276285","post","type-post","status-publish","format-standard","has-post-thumbnail","category-agenda-ca","category-bunol-ca","category-la-comarca-ca","category-la-hoya-ca","category-ocio-y-cultura-ca","category-seccion-ca","tag-bunol-ca","tag-feria-y-fiestas-2025-ca","tag-la-hoya-de-bunol-chiva-ca"],"_links":{"self":[{"href":"https:\/\/tucomarca.whitekongsoftware.com\/ca\/wp-json\/wp\/v2\/posts\/276285","targetHints":{"allow":["GET"]}}],"collection":[{"href":"https:\/\/tucomarca.whitekongsoftware.com\/ca\/wp-json\/wp\/v2\/posts"}],"about":[{"href":"https:\/\/tucomarca.whitekongsoftware.com\/ca\/wp-json\/wp\/v2\/types\/post"}],"author":[{"embeddable":true,"href":"https:\/\/tucomarca.whitekongsoftware.com\/ca\/wp-json\/wp\/v2\/users\/12"}],"replies":[{"embeddable":true,"href":"https:\/\/tucomarca.whitekongsoftware.com\/ca\/wp-json\/wp\/v2\/comments?post=276285"}],"version-history":[{"count":0,"href":"https:\/\/tucomarca.whitekongsoftware.com\/ca\/wp-json\/wp\/v2\/posts\/276285\/revisions"}],"wp:featuredmedia":[{"embeddable":true,"href":"https:\/\/tucomarca.whitekongsoftware.com\/ca\/wp-json\/wp\/v2\/media\/196268"}],"wp:attachment":[{"href":"https:\/\/tucomarca.whitekongsoftware.com\/ca\/wp-json\/wp\/v2\/media?parent=276285"}],"wp:term":[{"taxonomy":"category","embeddable":true,"href":"https:\/\/tucomarca.whitekongsoftware.com\/ca\/wp-json\/wp\/v2\/categories?post=276285"},{"taxonomy":"post_tag","embeddable":true,"href":"https:\/\/tucomarca.whitekongsoftware.com\/ca\/wp-json\/wp\/v2\/tags?post=276285"}],"curies":[{"name":"wp","href":"https:\/\/api.w.org\/{rel}","templated":true}]}}