{"id":276253,"date":"2025-08-20T09:55:00","date_gmt":"2025-08-20T07:55:00","guid":{"rendered":"https:\/\/www.tucomarca.com\/wordpress\/segunda\/?p=276253"},"modified":"2025-08-20T18:59:29","modified_gmt":"2025-08-20T16:59:29","slug":"frescor-aromes-i-colors-els-rosats-de-la-do-utiel-requena-perfectes-per-a-acompanyar-el-nostre-estiu","status":"publish","type":"post","link":"https:\/\/tucomarca.whitekongsoftware.com\/ca\/frescor-aromes-i-colors-els-rosats-de-la-do-utiel-requena-perfectes-per-a-acompanyar-el-nostre-estiu\/","title":{"rendered":"Frescor, aromes i colors: els rosats de la DO Utiel-Requena perfectes per a acompanyar el nostre estiu"},"content":{"rendered":"\n<p class=\"wp-block-paragraph\">Els <strong>rosats de la Denominaci\u00f3 d\u2019Origen Utiel-Requena<\/strong> s\u00f3n el company ideal per a estos dies d\u2019estiu. Frescos, arom\u00e0tics i amb una paleta de colors que convida a descobrir-los i gaudir-los, s\u00f3n vins vers\u00e0tils que mariden des d\u2019un aperitiu fins a menjars m\u00e9s elaborats, perfectes per a compartir en terrasses, menjars a l\u2019aire lliure o sopars informals.<\/p>\n\n\n\n<p class=\"wp-block-paragraph\">En l\u2019\u00faltima formaci\u00f3 dirigida a la restauraci\u00f3 local en el <strong>Consell Regulador<\/strong> per la <em>sommelier<\/em> <strong>Manuela Romeralo<\/strong>, els rosats van demostrar la seua gran diversitat i qualitat. Es van catar 17 refer\u00e8ncies que van permetre apreciar tant la seua frescor immediata com la seua capacitat d\u2019evoluci\u00f3 en botella. La cata va deixar pal\u00e9s la riquesa d\u2019estils: des dels m\u00e9s tradicionals fins als de tall proven\u00e7al, passant per monovarietals de <strong>Bobal<\/strong> i <em>coupages<\/em> elaborats amb altres varietats.<\/p>\n\n\n\n<p class=\"wp-block-paragraph\">La diversitat d\u2019aromes i sabors va sorprendre els assistents, deixant clar que els rosats de la <strong>DO Utiel-Requena<\/strong> s\u00f3n vins amb personalitat i molt gaudibles en estiu.<\/p>\n\n\n\n<figure class=\"wp-block-gallery has-nested-images columns-1 is-cropped wp-block-gallery-1 is-layout-flex wp-block-gallery-is-layout-flex\">\n<figure class=\"wp-block-image size-large\"><img loading=\"lazy\" decoding=\"async\" width=\"1024\" height=\"768\" data-id=\"276248\" src=\"https:\/\/www.tucomarca.com\/wordpress\/segunda\/wp-content\/uploads\/2025\/08\/RosadoDOUtiel1-1024x768.jpg\" alt=\"\" class=\"wp-image-276248\" srcset=\"https:\/\/tucomarca.whitekongsoftware.com\/wp-content\/uploads\/2025\/08\/RosadoDOUtiel1-1024x768.jpg 1024w, https:\/\/tucomarca.whitekongsoftware.com\/wp-content\/uploads\/2025\/08\/RosadoDOUtiel1-300x225.jpg 300w, https:\/\/tucomarca.whitekongsoftware.com\/wp-content\/uploads\/2025\/08\/RosadoDOUtiel1-768x576.jpg 768w, https:\/\/tucomarca.whitekongsoftware.com\/wp-content\/uploads\/2025\/08\/RosadoDOUtiel1-678x509.jpg 678w, https:\/\/tucomarca.whitekongsoftware.com\/wp-content\/uploads\/2025\/08\/RosadoDOUtiel1-326x245.jpg 326w, https:\/\/tucomarca.whitekongsoftware.com\/wp-content\/uploads\/2025\/08\/RosadoDOUtiel1-80x60.jpg 80w, https:\/\/tucomarca.whitekongsoftware.com\/wp-content\/uploads\/2025\/08\/RosadoDOUtiel1.jpg 1181w\" sizes=\"auto, (max-width: 1024px) 100vw, 1024px\" \/><\/figure>\n\n\n\n<figure class=\"wp-block-image size-large\"><img loading=\"lazy\" decoding=\"async\" width=\"1024\" height=\"299\" data-id=\"276246\" src=\"https:\/\/www.tucomarca.com\/wordpress\/segunda\/wp-content\/uploads\/2025\/08\/DOUtiel17vinos-1024x299.jpg\" alt=\"\" class=\"wp-image-276246\" srcset=\"https:\/\/tucomarca.whitekongsoftware.com\/wp-content\/uploads\/2025\/08\/DOUtiel17vinos-1024x299.jpg 1024w, https:\/\/tucomarca.whitekongsoftware.com\/wp-content\/uploads\/2025\/08\/DOUtiel17vinos-300x88.jpg 300w, https:\/\/tucomarca.whitekongsoftware.com\/wp-content\/uploads\/2025\/08\/DOUtiel17vinos-768x224.jpg 768w, https:\/\/tucomarca.whitekongsoftware.com\/wp-content\/uploads\/2025\/08\/DOUtiel17vinos.jpg 1181w\" sizes=\"auto, (max-width: 1024px) 100vw, 1024px\" \/><\/figure>\n<\/figure>\n\n\n\n<p class=\"wp-block-paragraph\">Servits ben freds, s\u00f3n ideals per a acompanyar amanides, arrossos, tapes, peixos, carns blanques o incl\u00fas plats m\u00e9s especiats. La combinaci\u00f3 de <strong>frescor, aromes i colors<\/strong> converteix estos rosats en l\u2019elecci\u00f3 perfecta per a aprofitar al m\u00e0xim els \u00faltims dies d\u2019estiu.<\/p>\n\n\n\n<p class=\"wp-block-paragraph\">Els rosats de la <strong>DO Utiel-Requena<\/strong> conviden a relaxar-se, compartir, gaudir i assaborir cada moment, brindant per la temporada m\u00e9s c\u00e0lida de l\u2019any amb cada copa.<\/p>\n","protected":false},"excerpt":{"rendered":"<div class=\"mh-excerpt\">Els rosats de la Denominaci\u00f3 d\u2019Origen Utiel-Requena s\u00f3n el company ideal per a estos dies d\u2019estiu. Frescos, arom\u00e0tics i amb una paleta de colors que convida a descobrir-los i gaudir-los, s\u00f3n vins vers\u00e0tils que mariden <a class=\"mh-excerpt-more\" href=\"https:\/\/tucomarca.whitekongsoftware.com\/ca\/frescor-aromes-i-colors-els-rosats-de-la-do-utiel-requena-perfectes-per-a-acompanyar-el-nostre-estiu\/\" title=\"Frescor, aromes i colors: els rosats de la DO Utiel-Requena perfectes per a acompanyar el nostre estiu\">[+] <\/a><\/div>\n","protected":false},"author":12,"featured_media":276245,"comment_status":"open","ping_status":"open","sticky":false,"template":"","format":"gallery","meta":{"footnotes":""},"categories":[11006,10898,10894,11007,10909,10896,11059],"tags":[22935,12747,10910,11174,22936],"class_list":["post-276253","post","type-post","status-publish","format-gallery","has-post-thumbnail","category-canal-vinos","category-ventana-ca","category-la-comarca-ca","category-ocio-y-cultura-ca","category-requena-utiel-ca","category-seccion-ca","category-utiel-ca","tag-denominacion-de-origen-utiel-requena-ca","tag-do-utiel-requena-ca","tag-requena-utiel-ca","tag-utiel-ca","tag-vino-rosado-ca","post_format-post-format-gallery"],"_links":{"self":[{"href":"https:\/\/tucomarca.whitekongsoftware.com\/ca\/wp-json\/wp\/v2\/posts\/276253","targetHints":{"allow":["GET"]}}],"collection":[{"href":"https:\/\/tucomarca.whitekongsoftware.com\/ca\/wp-json\/wp\/v2\/posts"}],"about":[{"href":"https:\/\/tucomarca.whitekongsoftware.com\/ca\/wp-json\/wp\/v2\/types\/post"}],"author":[{"embeddable":true,"href":"https:\/\/tucomarca.whitekongsoftware.com\/ca\/wp-json\/wp\/v2\/users\/12"}],"replies":[{"embeddable":true,"href":"https:\/\/tucomarca.whitekongsoftware.com\/ca\/wp-json\/wp\/v2\/comments?post=276253"}],"version-history":[{"count":0,"href":"https:\/\/tucomarca.whitekongsoftware.com\/ca\/wp-json\/wp\/v2\/posts\/276253\/revisions"}],"wp:featuredmedia":[{"embeddable":true,"href":"https:\/\/tucomarca.whitekongsoftware.com\/ca\/wp-json\/wp\/v2\/media\/276245"}],"wp:attachment":[{"href":"https:\/\/tucomarca.whitekongsoftware.com\/ca\/wp-json\/wp\/v2\/media?parent=276253"}],"wp:term":[{"taxonomy":"category","embeddable":true,"href":"https:\/\/tucomarca.whitekongsoftware.com\/ca\/wp-json\/wp\/v2\/categories?post=276253"},{"taxonomy":"post_tag","embeddable":true,"href":"https:\/\/tucomarca.whitekongsoftware.com\/ca\/wp-json\/wp\/v2\/tags?post=276253"}],"curies":[{"name":"wp","href":"https:\/\/api.w.org\/{rel}","templated":true}]}}