{"id":275998,"date":"2025-08-19T11:00:00","date_gmt":"2025-08-19T09:00:00","guid":{"rendered":"https:\/\/www.tucomarca.com\/wordpress\/segunda\/?p=275998"},"modified":"2025-08-19T18:42:42","modified_gmt":"2025-08-19T16:42:42","slug":"dos-incendis-afecten-durant-el-mati-deste-dimarts-als-termes-municipals-de-llombai-i-chelva","status":"publish","type":"post","link":"https:\/\/tucomarca.whitekongsoftware.com\/ca\/dos-incendis-afecten-durant-el-mati-deste-dimarts-als-termes-municipals-de-llombai-i-chelva\/","title":{"rendered":"Quatre incendis afecten durant este dimarts als termes municipals de Llombai, Chelva, Utiel i Bicorp"},"content":{"rendered":"\n<h3 class=\"wp-block-heading\">Jornada cr\u00edtica d\u2019incendis forestals a la prov\u00edncia de Val\u00e8ncia, que ha patit conats d\u2019incendi a Llombai, Chelva, Utiel i Bicorp.<\/h3>\n\n\n\n<h3 class=\"wp-block-heading\">Es declara situaci\u00f3 1 en l&#8217;Incendi Forestal d&#8217;Utiel.<\/h3>\n\n\n\n<p class=\"wp-block-paragraph\">La prov\u00edncia de Val\u00e8ncia afronta este dimarts una jornada especialment complicada per els incendis forestals, amb diversos focus declarats al llarg del dia en diferents municipis.<\/p>\n\n\n\n<p class=\"wp-block-paragraph\">El primer d\u2019ells es detecta a&nbsp;<strong>Llombai<\/strong>&nbsp;a les 9.24 hores, despr\u00e9s d\u2019albirar-se una columna de fum amb foc. Al lloc acudixen&nbsp;<strong>quatre dotacions de Bombers del Consorci Provincial i tres mitjans aeris<\/strong>, que aconseguixen estabilitzar les flames en menys d\u2019una hora. A les&nbsp;<strong>11.56 hores<\/strong>, Emerg\u00e8ncies confirma que l\u2019incendi queda&nbsp;<strong>controlat<\/strong>, encara que a la zona romanen equips d\u2019extinci\u00f3 per a labors de refresc i vigil\u00e0ncia.<\/p>\n\n\n\n<p class=\"wp-block-paragraph\">De manera paral\u00b7lela, a les 9.56 hores s\u2019albirava una altra columna de fum en una zona de pinar a&nbsp;<strong>Higueruelas<\/strong>, que posteriorment es reposiciona com a incendi de vegetaci\u00f3 a&nbsp;<strong>Chelva<\/strong>. Fins al lloc es mobilitzen&nbsp;<strong>tres dotacions de Bombers del Consorci Provincial, una brigada forestal i un mitj\u00e0 aeri<\/strong>. Els treballs d\u2019extinci\u00f3 finalitzen al voltant de les&nbsp;<strong>15.10 hores<\/strong>.<\/p>\n\n\n\n<p class=\"wp-block-paragraph\">La situaci\u00f3 es complica a primera hora de la vesprada amb un nou incendi en el terme municipal d\u2019<strong>Utiel<\/strong>, declarat a les&nbsp;<strong>15.00 hores<\/strong>. En un primer moment es desplacen al lloc&nbsp;<strong>un mitj\u00e0 aeri, dos autobombes i dos unitats del Servei de Bombers i Bomberes Forestals de la Generalitat Valenciana<\/strong>. Poc despr\u00e9s, a les&nbsp;<strong>15.56 hores<\/strong>, el Centre de Coordinaci\u00f3 d\u2019Emerg\u00e8ncies establix la&nbsp;<strong>situaci\u00f3 1<\/strong>&nbsp;de l\u2019incendi forestal.<\/p>\n\n\n\n<p class=\"wp-block-paragraph\">A les&nbsp;<strong>18.18 hores<\/strong>, els mitjans aeris es retiren de la zona, encara que continuen treballant al terreny&nbsp;<strong>dos unitats del Servei de Bombers i Bomberes Forestals de la Generalitat Valenciana amb les seues dos autobombes, voluntaris de Sinarcas i dos brigades forestals del Consorci Provincial de Bombers (BRIFO)<\/strong>.<\/p>\n\n\n\n<p class=\"wp-block-paragraph\">D\u2019altra banda, a&nbsp;<strong>Bicorp<\/strong>&nbsp;tamb\u00e9 es registra un incendi durant la vesprada. El&nbsp;<strong>Consorci Provincial de Bombers informa a les 17.47 hores<\/strong>&nbsp;que el foc queda&nbsp;<strong>controlat<\/strong>.<\/p>\n\n\n\n<p class=\"wp-block-paragraph\">Les autoritats insistixen que la ciutadania extreme la precauci\u00f3 davant l\u2019<strong>alt risc d\u2019incendis forestals<\/strong>&nbsp;que es viu hui a la prov\u00edncia, una situaci\u00f3 agreujada per les altes temperatures, la sequedat de la vegetaci\u00f3 i la pres\u00e8ncia de tempestes seques.<\/p>\n\n\n\n<p class=\"wp-block-paragraph\">(Informaci\u00f3 en proc\u00e9s d\u2019elaboraci\u00f3).<\/p>\n","protected":false},"excerpt":{"rendered":"<div class=\"mh-excerpt\">Jornada cr\u00edtica d\u2019incendis forestals a la prov\u00edncia de Val\u00e8ncia, que ha patit conats d\u2019incendi a Llombai, Chelva, Utiel i Bicorp. Es declara situaci\u00f3 1 en l&#8217;Incendi Forestal d&#8217;Utiel. La prov\u00edncia de Val\u00e8ncia afronta este dimarts <a class=\"mh-excerpt-more\" href=\"https:\/\/tucomarca.whitekongsoftware.com\/ca\/dos-incendis-afecten-durant-el-mati-deste-dimarts-als-termes-municipals-de-llombai-i-chelva\/\" title=\"Quatre incendis afecten durant este dimarts als termes municipals de Llombai, Chelva, Utiel i Bicorp\">[+] <\/a><\/div>\n","protected":false},"author":13,"featured_media":221993,"comment_status":"open","ping_status":"open","sticky":false,"template":"","format":"standard","meta":{"footnotes":""},"categories":[10965,11039,11046,10898,11033,10948,10963,10894,10904,10902,10997,10903,10909,10896,10897,11059],"tags":[13893,11083,19853,12755,13724,11094,11199,11077,11501,11080,10910,10901,11174],"class_list":["post-275998","post","type-post","status-publish","format-standard","has-post-thumbnail","category-bicorp-ca","category-chelva-ca","category-los-serranos-ca","category-ventana-ca","category-higueruelas-ca","category-infraestructuras-ca","category-la-canal-de-navarres-ca","category-la-comarca-ca","category-sin-categorizar-ca","category-la-ribera-ca","category-llombai-ca","category-medio-ambiente-la-comarca-ca","category-requena-utiel-ca","category-seccion-ca","category-sucesos-la-comarca-ca","category-utiel-ca","tag-bicorp-ca","tag-chelva-ca","tag-higueruelas-ca","tag-incendio-ca","tag-incendio-forestal-ca","tag-la-canal-de-navarres","tag-la-comunitat-ca","tag-la-ribera-alta-ca","tag-llombai-ca","tag-los-serranos-ca","tag-requena-utiel-ca","tag-sucesos-ca","tag-utiel-ca"],"_links":{"self":[{"href":"https:\/\/tucomarca.whitekongsoftware.com\/ca\/wp-json\/wp\/v2\/posts\/275998","targetHints":{"allow":["GET"]}}],"collection":[{"href":"https:\/\/tucomarca.whitekongsoftware.com\/ca\/wp-json\/wp\/v2\/posts"}],"about":[{"href":"https:\/\/tucomarca.whitekongsoftware.com\/ca\/wp-json\/wp\/v2\/types\/post"}],"author":[{"embeddable":true,"href":"https:\/\/tucomarca.whitekongsoftware.com\/ca\/wp-json\/wp\/v2\/users\/13"}],"replies":[{"embeddable":true,"href":"https:\/\/tucomarca.whitekongsoftware.com\/ca\/wp-json\/wp\/v2\/comments?post=275998"}],"version-history":[{"count":0,"href":"https:\/\/tucomarca.whitekongsoftware.com\/ca\/wp-json\/wp\/v2\/posts\/275998\/revisions"}],"wp:featuredmedia":[{"embeddable":true,"href":"https:\/\/tucomarca.whitekongsoftware.com\/ca\/wp-json\/wp\/v2\/media\/221993"}],"wp:attachment":[{"href":"https:\/\/tucomarca.whitekongsoftware.com\/ca\/wp-json\/wp\/v2\/media?parent=275998"}],"wp:term":[{"taxonomy":"category","embeddable":true,"href":"https:\/\/tucomarca.whitekongsoftware.com\/ca\/wp-json\/wp\/v2\/categories?post=275998"},{"taxonomy":"post_tag","embeddable":true,"href":"https:\/\/tucomarca.whitekongsoftware.com\/ca\/wp-json\/wp\/v2\/tags?post=275998"}],"curies":[{"name":"wp","href":"https:\/\/api.w.org\/{rel}","templated":true}]}}