{"id":275990,"date":"2025-08-19T09:30:00","date_gmt":"2025-08-19T07:30:00","guid":{"rendered":"https:\/\/www.tucomarca.com\/wordpress\/segunda\/?p=275990"},"modified":"2025-08-19T09:45:29","modified_gmt":"2025-08-19T07:45:29","slug":"una-persona-mor-i-dues-resulten-ferides-despres-duna-explosio-i-el-posterior-incendi-en-un-habitatge-a-benifaio","status":"publish","type":"post","link":"https:\/\/tucomarca.whitekongsoftware.com\/ca\/una-persona-mor-i-dues-resulten-ferides-despres-duna-explosio-i-el-posterior-incendi-en-un-habitatge-a-benifaio\/","title":{"rendered":"Una persona mor i dues resulten ferides despr\u00e9s d&#8217;una explosi\u00f3 i el posterior incendi en un habitatge a Benifai\u00f3"},"content":{"rendered":"\n<p class=\"wp-block-paragraph\">Una persona ha perdut la vida i una altra ha resultat ferida en l&#8217;explosi\u00f3 amb incendi que s&#8217;ha produ\u00eft aquest dilluns a la nit en un habitatge situat la localitat de Benifaci\u00f3.<\/p>\n\n\n\n<p class=\"wp-block-paragraph\">Com han informat des del Consorci Provincial de Bombers de Val\u00e8ncia, efectius de l&#8217;entitat s&#8217;han mobilitzat aquest dilluns a les 22,17 hores per una explosi\u00f3 amb incendi que ha tingut lloc en un pis de la tercera planta d&#8217;un edifici situat al carrer Juan Ram\u00f3n Jim\u00e9nez de Benifai\u00f3.<\/p>\n\n\n\n<p class=\"wp-block-paragraph\">Segons les mateixes fonts, han actuat quatre dotacions de Torrent, Silla i Alzira, a m\u00e9s del sergent de Torrent i un oficial del Consorci. Els bombers han procedit a les tasques d&#8217;extinci\u00f3 i cerca d&#8217;afectats.<\/p>\n\n\n\n<p class=\"wp-block-paragraph\">En el pis on s&#8217;han produ\u00eft els fets s&#8217;ha localitzat una v\u00edctima mortal, mentre que una altra persona ha resultat ferida. I en el pis ve\u00ed els bombers han rescatat a una dona afectada pel fum. El dispositiu de bombers s&#8217;ha retirat a la 1,30 hores de la matinada.<\/p>\n\n\n\n<p class=\"wp-block-paragraph\"><\/p>\n\n\n\n<figure class=\"wp-block-gallery has-nested-images columns-2 is-cropped wp-block-gallery-1 is-layout-flex wp-block-gallery-is-layout-flex\">\n<figure class=\"wp-block-image size-large\"><img loading=\"lazy\" decoding=\"async\" width=\"576\" height=\"1024\" data-id=\"275984\" src=\"https:\/\/www.tucomarca.com\/wordpress\/segunda\/wp-content\/uploads\/2025\/08\/IncendioBenifaio4-576x1024.jpg\" alt=\"\" class=\"wp-image-275984\" srcset=\"https:\/\/tucomarca.whitekongsoftware.com\/wp-content\/uploads\/2025\/08\/IncendioBenifaio4-576x1024.jpg 576w, https:\/\/tucomarca.whitekongsoftware.com\/wp-content\/uploads\/2025\/08\/IncendioBenifaio4-169x300.jpg 169w, https:\/\/tucomarca.whitekongsoftware.com\/wp-content\/uploads\/2025\/08\/IncendioBenifaio4-768x1365.jpg 768w, https:\/\/tucomarca.whitekongsoftware.com\/wp-content\/uploads\/2025\/08\/IncendioBenifaio4-864x1536.jpg 864w, https:\/\/tucomarca.whitekongsoftware.com\/wp-content\/uploads\/2025\/08\/IncendioBenifaio4.jpg 1152w\" sizes=\"auto, (max-width: 576px) 100vw, 576px\" \/><\/figure>\n\n\n\n<figure class=\"wp-block-image size-large\"><img loading=\"lazy\" decoding=\"async\" width=\"714\" height=\"1024\" data-id=\"275982\" src=\"https:\/\/www.tucomarca.com\/wordpress\/segunda\/wp-content\/uploads\/2025\/08\/IncendioBenifaio3-714x1024.jpg\" alt=\"\" class=\"wp-image-275982\" srcset=\"https:\/\/tucomarca.whitekongsoftware.com\/wp-content\/uploads\/2025\/08\/IncendioBenifaio3-714x1024.jpg 714w, https:\/\/tucomarca.whitekongsoftware.com\/wp-content\/uploads\/2025\/08\/IncendioBenifaio3-209x300.jpg 209w, https:\/\/tucomarca.whitekongsoftware.com\/wp-content\/uploads\/2025\/08\/IncendioBenifaio3-768x1102.jpg 768w, https:\/\/tucomarca.whitekongsoftware.com\/wp-content\/uploads\/2025\/08\/IncendioBenifaio3-1070x1536.jpg 1070w, https:\/\/tucomarca.whitekongsoftware.com\/wp-content\/uploads\/2025\/08\/IncendioBenifaio3.jpg 1338w\" sizes=\"auto, (max-width: 714px) 100vw, 714px\" \/><\/figure>\n\n\n\n<figure class=\"wp-block-image size-large\"><img loading=\"lazy\" decoding=\"async\" width=\"1024\" height=\"576\" data-id=\"275986\" src=\"https:\/\/www.tucomarca.com\/wordpress\/segunda\/wp-content\/uploads\/2025\/08\/IncendioBenifaio5-1024x576.jpg\" alt=\"\" class=\"wp-image-275986\" srcset=\"https:\/\/tucomarca.whitekongsoftware.com\/wp-content\/uploads\/2025\/08\/IncendioBenifaio5-1024x576.jpg 1024w, https:\/\/tucomarca.whitekongsoftware.com\/wp-content\/uploads\/2025\/08\/IncendioBenifaio5-300x169.jpg 300w, https:\/\/tucomarca.whitekongsoftware.com\/wp-content\/uploads\/2025\/08\/IncendioBenifaio5-768x432.jpg 768w, https:\/\/tucomarca.whitekongsoftware.com\/wp-content\/uploads\/2025\/08\/IncendioBenifaio5-1536x863.jpg 1536w, https:\/\/tucomarca.whitekongsoftware.com\/wp-content\/uploads\/2025\/08\/IncendioBenifaio5-678x381.jpg 678w, https:\/\/tucomarca.whitekongsoftware.com\/wp-content\/uploads\/2025\/08\/IncendioBenifaio5.jpg 2048w\" sizes=\"auto, (max-width: 1024px) 100vw, 1024px\" \/><\/figure>\n\n\n\n<figure class=\"wp-block-image size-large\"><img loading=\"lazy\" decoding=\"async\" width=\"1024\" height=\"576\" data-id=\"275978\" src=\"https:\/\/www.tucomarca.com\/wordpress\/segunda\/wp-content\/uploads\/2025\/08\/IncendioBenifaio1-1024x576.jpg\" alt=\"\" class=\"wp-image-275978\" srcset=\"https:\/\/tucomarca.whitekongsoftware.com\/wp-content\/uploads\/2025\/08\/IncendioBenifaio1-1024x576.jpg 1024w, https:\/\/tucomarca.whitekongsoftware.com\/wp-content\/uploads\/2025\/08\/IncendioBenifaio1-300x169.jpg 300w, https:\/\/tucomarca.whitekongsoftware.com\/wp-content\/uploads\/2025\/08\/IncendioBenifaio1-768x432.jpg 768w, https:\/\/tucomarca.whitekongsoftware.com\/wp-content\/uploads\/2025\/08\/IncendioBenifaio1-1536x863.jpg 1536w, https:\/\/tucomarca.whitekongsoftware.com\/wp-content\/uploads\/2025\/08\/IncendioBenifaio1-678x381.jpg 678w, https:\/\/tucomarca.whitekongsoftware.com\/wp-content\/uploads\/2025\/08\/IncendioBenifaio1.jpg 2048w\" sizes=\"auto, (max-width: 1024px) 100vw, 1024px\" \/><\/figure>\n<\/figure>\n","protected":false},"excerpt":{"rendered":"<div class=\"mh-excerpt\">Una persona ha perdut la vida i una altra ha resultat ferida en l&#8217;explosi\u00f3 amb incendi que s&#8217;ha produ\u00eft aquest dilluns a la nit en un habitatge situat la localitat de Benifaci\u00f3. Com han informat <a class=\"mh-excerpt-more\" href=\"https:\/\/tucomarca.whitekongsoftware.com\/ca\/una-persona-mor-i-dues-resulten-ferides-despres-duna-explosio-i-el-posterior-incendi-en-un-habitatge-a-benifaio\/\" title=\"Una persona mor i dues resulten ferides despr\u00e9s d&#8217;una explosi\u00f3 i el posterior incendi en un habitatge a Benifai\u00f3\">[+] <\/a><\/div>\n","protected":false},"author":1,"featured_media":275981,"comment_status":"open","ping_status":"open","sticky":false,"template":"","format":"gallery","meta":{"footnotes":""},"categories":[10987,10898,10948,10894,10904,10902,10896,10897],"tags":[12046,17655,22924,12755,11077],"class_list":["post-275990","post","type-post","status-publish","format-gallery","has-post-thumbnail","category-benifaio-ca","category-ventana-ca","category-infraestructuras-ca","category-la-comarca-ca","category-sin-categorizar-ca","category-la-ribera-ca","category-seccion-ca","category-sucesos-la-comarca-ca","tag-benifaio-ca","tag-fallecido-ca","tag-heridos-ca","tag-incendio-ca","tag-la-ribera-alta-ca","post_format-post-format-gallery"],"_links":{"self":[{"href":"https:\/\/tucomarca.whitekongsoftware.com\/ca\/wp-json\/wp\/v2\/posts\/275990","targetHints":{"allow":["GET"]}}],"collection":[{"href":"https:\/\/tucomarca.whitekongsoftware.com\/ca\/wp-json\/wp\/v2\/posts"}],"about":[{"href":"https:\/\/tucomarca.whitekongsoftware.com\/ca\/wp-json\/wp\/v2\/types\/post"}],"author":[{"embeddable":true,"href":"https:\/\/tucomarca.whitekongsoftware.com\/ca\/wp-json\/wp\/v2\/users\/1"}],"replies":[{"embeddable":true,"href":"https:\/\/tucomarca.whitekongsoftware.com\/ca\/wp-json\/wp\/v2\/comments?post=275990"}],"version-history":[{"count":0,"href":"https:\/\/tucomarca.whitekongsoftware.com\/ca\/wp-json\/wp\/v2\/posts\/275990\/revisions"}],"wp:featuredmedia":[{"embeddable":true,"href":"https:\/\/tucomarca.whitekongsoftware.com\/ca\/wp-json\/wp\/v2\/media\/275981"}],"wp:attachment":[{"href":"https:\/\/tucomarca.whitekongsoftware.com\/ca\/wp-json\/wp\/v2\/media?parent=275990"}],"wp:term":[{"taxonomy":"category","embeddable":true,"href":"https:\/\/tucomarca.whitekongsoftware.com\/ca\/wp-json\/wp\/v2\/categories?post=275990"},{"taxonomy":"post_tag","embeddable":true,"href":"https:\/\/tucomarca.whitekongsoftware.com\/ca\/wp-json\/wp\/v2\/tags?post=275990"}],"curies":[{"name":"wp","href":"https:\/\/api.w.org\/{rel}","templated":true}]}}