{"id":275832,"date":"2025-08-18T07:30:00","date_gmt":"2025-08-18T05:30:00","guid":{"rendered":"https:\/\/www.tucomarca.com\/wordpress\/segunda\/?p=275832"},"modified":"2025-08-18T14:22:05","modified_gmt":"2025-08-18T12:22:05","slug":"el-psoe-de-bunyol-celebra-la-50-edicio-del-ma-a-ma-amb-un-video-homenatge-a-la-seua-historia-i-protagonistes","status":"publish","type":"post","link":"https:\/\/tucomarca.whitekongsoftware.com\/ca\/el-psoe-de-bunyol-celebra-la-50-edicio-del-ma-a-ma-amb-un-video-homenatge-a-la-seua-historia-i-protagonistes\/","title":{"rendered":"El PSOE de Bunyol celebra la 50 edici\u00f3 del &#8216;M\u00e0 a m\u00e0&#8217; amb un v\u00eddeo homenatge a la seua hist\u00f2ria i protagonistes"},"content":{"rendered":"\n<p class=\"wp-block-paragraph\">El&nbsp;Concert &#8216;M\u00e0 a m\u00e0&#8217;&nbsp;aconsegueix enguany la seua&nbsp;50 edici\u00f3, consolidat com un dels esdeveniments musicals m\u00e9s importants de la Comunitat Valenciana i \u00fanic a Espanya pel seu format i qualitat art\u00edstica. Aquest concert, que enfronta en l&#8217;escenari a la&nbsp;Societat Musical &#8220;L&#8217;Art\u00edstica&#8221;&nbsp;i al Centre&nbsp; Instructiu Musical &#8220;L&#8217;Harm\u00f2nica&#8221;, s&#8217;ha convertit en una aut\u00e8ntica senya d&#8217;identitat de Bunyol.<\/p>\n\n\n\n<p class=\"wp-block-paragraph\">Amb motiu d&#8217;aquesta edici\u00f3 hist\u00f2rica, el Partit Socialista de Bunyol ha presentat un v\u00eddeo commemoratiu, en el qual participen alcaldes, alcaldessa, regidors i regidores que han contribu\u00eft al seu impuls des del govern municipal.<\/p>\n\n\n\n<p class=\"wp-block-paragraph\">El v\u00eddeo repassa la hist\u00f2ria del &#8216;M\u00e0 a m\u00e0&#8217;, destacant com el comprom\u00eds d&#8217;institucions, m\u00fasics i ciutadania ha fet possible arribar a aquesta xifra hist\u00f2rica. A trav\u00e9s de records, an\u00e8cdotes i reflexions, els representants socialistes subratllen la import\u00e0ncia del concert per a Bunyol i reivindiquen el treball pol\u00edtic i cultural que l&#8217;ha consolidat com a referent musical.<\/p>\n\n\n\n<p class=\"wp-block-paragraph\">Des del PSOE de Bunyol han volgut agrair p\u00fablicament&nbsp;&#8220;l&#8217;esfor\u00e7 i la dedicaci\u00f3 de totes les persones que han fet possible que el &#8216;M\u00e0 a m\u00e0&#8217; aconseguisca aquesta 50 edici\u00f3, i reafirmem el nostre comprom\u00eds de continuar impulsant la m\u00fasica com un referent cultural per a Bunyol i les pr\u00f2ximes generacions&#8221;.<\/p>\n","protected":false},"excerpt":{"rendered":"<div class=\"mh-excerpt\">El&nbsp;Concert &#8216;M\u00e0 a m\u00e0&#8217;&nbsp;aconsegueix enguany la seua&nbsp;50 edici\u00f3, consolidat com un dels esdeveniments musicals m\u00e9s importants de la Comunitat Valenciana i \u00fanic a Espanya pel seu format i qualitat art\u00edstica. Aquest concert, que enfronta en <a class=\"mh-excerpt-more\" href=\"https:\/\/tucomarca.whitekongsoftware.com\/ca\/el-psoe-de-bunyol-celebra-la-50-edicio-del-ma-a-ma-amb-un-video-homenatge-a-la-seua-historia-i-protagonistes\/\" title=\"El PSOE de Bunyol celebra la 50 edici\u00f3 del &#8216;M\u00e0 a m\u00e0&#8217; amb un v\u00eddeo homenatge a la seua hist\u00f2ria i protagonistes\">[+] <\/a><\/div>\n","protected":false},"author":1,"featured_media":275831,"comment_status":"open","ping_status":"open","sticky":false,"template":"","format":"standard","meta":{"footnotes":""},"categories":[10911,10894,10912,10947,10896],"tags":[10913,10914,11765],"class_list":["post-275832","post","type-post","status-publish","format-standard","has-post-thumbnail","category-bunol-ca","category-la-comarca-ca","category-la-hoya-ca","category-politica","category-seccion-ca","tag-bunol-ca","tag-la-hoya-de-bunol-chiva-ca","tag-mano-a-mano-ca"],"_links":{"self":[{"href":"https:\/\/tucomarca.whitekongsoftware.com\/ca\/wp-json\/wp\/v2\/posts\/275832","targetHints":{"allow":["GET"]}}],"collection":[{"href":"https:\/\/tucomarca.whitekongsoftware.com\/ca\/wp-json\/wp\/v2\/posts"}],"about":[{"href":"https:\/\/tucomarca.whitekongsoftware.com\/ca\/wp-json\/wp\/v2\/types\/post"}],"author":[{"embeddable":true,"href":"https:\/\/tucomarca.whitekongsoftware.com\/ca\/wp-json\/wp\/v2\/users\/1"}],"replies":[{"embeddable":true,"href":"https:\/\/tucomarca.whitekongsoftware.com\/ca\/wp-json\/wp\/v2\/comments?post=275832"}],"version-history":[{"count":0,"href":"https:\/\/tucomarca.whitekongsoftware.com\/ca\/wp-json\/wp\/v2\/posts\/275832\/revisions"}],"wp:featuredmedia":[{"embeddable":true,"href":"https:\/\/tucomarca.whitekongsoftware.com\/ca\/wp-json\/wp\/v2\/media\/275831"}],"wp:attachment":[{"href":"https:\/\/tucomarca.whitekongsoftware.com\/ca\/wp-json\/wp\/v2\/media?parent=275832"}],"wp:term":[{"taxonomy":"category","embeddable":true,"href":"https:\/\/tucomarca.whitekongsoftware.com\/ca\/wp-json\/wp\/v2\/categories?post=275832"},{"taxonomy":"post_tag","embeddable":true,"href":"https:\/\/tucomarca.whitekongsoftware.com\/ca\/wp-json\/wp\/v2\/tags?post=275832"}],"curies":[{"name":"wp","href":"https:\/\/api.w.org\/{rel}","templated":true}]}}