{"id":275630,"date":"2025-08-15T10:00:00","date_gmt":"2025-08-15T08:00:00","guid":{"rendered":"https:\/\/www.tucomarca.com\/wordpress\/segunda\/?p=275630"},"modified":"2025-08-15T10:38:48","modified_gmt":"2025-08-15T08:38:48","slug":"fins-a-quatre-incendis-mes-es-deslliguen-a-linterior-al-costat-del-de-teresa-de-cofrents-a-bicorb-cofrents-cortes-de-pallars-i-requena-aquest-dijous","status":"publish","type":"post","link":"https:\/\/tucomarca.whitekongsoftware.com\/ca\/fins-a-quatre-incendis-mes-es-deslliguen-a-linterior-al-costat-del-de-teresa-de-cofrents-a-bicorb-cofrents-cortes-de-pallars-i-requena-aquest-dijous\/","title":{"rendered":"Fins a quatre incendis m\u00e9s es deslliguen a l&#8217;interior al costat del de Teresa de Cofrents a Bicorb, Cofrents, Cortes de Pallars i Requena aquest dijous"},"content":{"rendered":"\n<h3 class=\"wp-block-heading\">Un total de quatre incendis s&#8217;han deslligat a Bicorb, Cofrents, Cortes de Pallars i Requena a l&#8217;interior, al costat del de Teresa de Cofrents,d durant la jornada d&#8217;aquest dijous.<\/h3>\n\n\n\n<p class=\"wp-block-paragraph\">Fins a cinc incendis han afectat durant la jornada d&#8217;aquest dijous a les comarques de l&#8217;interior de la prov\u00edncia de Val\u00e8ncia. Mentre la situaci\u00f3 evoluciona favorablement a Teresa de Cofrents, els serveis d&#8217;extinci\u00f3 de la Generalitat Valenciana han hagut de multiplicar-se per a combatre els conats sorgits durant aquesta jornada en els termes municipals de Cofrents, Bicorb, Cortes de Pallars i Requena.<\/p>\n\n\n\n<p class=\"wp-block-paragraph\">Encara que la majoria dels esfor\u00e7os han estat llocs durant la jornada e aquest dijous en Terea de Cofrents, on han treballat dotze mitjans aeris (un d&#8217;ells arribats des d&#8217;Arag\u00f3) al costat de huit unitats terrestres i quatre helitransportadas de bombers forestals de la Generalitat; huit dotacions i set brigades forestals del Consorci Provincial de bombers; dos mitjans de protecci\u00f3 civil i m\u00e9s d&#8217;un centenar d&#8217;efectius de la Unitat Militar d&#8217;Emerg\u00e8ncies.<\/p>\n\n\n\n<p class=\"wp-block-paragraph\"><strong>El primer incendi a Bicorb<\/strong><\/p>\n\n\n\n<p class=\"wp-block-paragraph\">El Centre de Coordinaci\u00f3 d&#8217;Emerg\u00e8ncia va rebre l&#8217;av\u00eds de l&#8217;Observatori de Caroche d&#8217;un incendi forestal a Bicorb que va ser controlat a les 18,47 hores i extingit a les 19,42 hores; i per al qual es van mobilitzar 4 mitjans aeris i dues unitats helitransportadas; a m\u00e9s de dues unitats de Bombaments Forestals de la Generalitat amb dues autobombes, una brigada forestal del Consorci Provincial al costat d&#8217;una unitat de prevenci\u00f3 d&#8217;incendis i un agent mediambiental.<\/p>\n\n\n\n<p class=\"wp-block-paragraph\">A l&#8217;incendi de Bicorb es va sumar posteriorment un altre no en el terme municipal de Requena, concretament en la zona de la Serratilla; a m\u00e9s d&#8217;un altre en el terme de Cortes de Pallars. Afortunadament, tots dos conats van poder ser controlats amb demanes i daus per extingits molt poc temps despr\u00e9s.<\/p>\n\n\n\n<p class=\"wp-block-paragraph\">I l&#8217;\u00faltim dels incendis va ser declarat a les 19,10 hores a Cofrents, l&#8217;origen de les quals s&#8217;ha atribu\u00eft a la caiguda d&#8217;un llamp i a ell es van destinar dues dotacions de Bombers del Consorci Provincial i una brigada forestal de Bombers de la Generalitat Valenciana, al costat de voluntaris de Cofrents i un agent ambiental, a m\u00e9s d&#8217;una unitat de prevenci\u00f3 d&#8217;incendis i huit mitjans aeris que van aconseguir estabilitzar l&#8217;incendi a les 20,20 hores i sufocar les flames passades les 21,23 hores, moment en el qual va ser declarat com a controlat.<\/p>\n","protected":false},"excerpt":{"rendered":"<div class=\"mh-excerpt\">Un total de quatre incendis s&#8217;han deslligat a Bicorb, Cofrents, Cortes de Pallars i Requena a l&#8217;interior, al costat del de Teresa de Cofrents,d durant la jornada d&#8217;aquest dijous. Fins a cinc incendis han afectat <a class=\"mh-excerpt-more\" href=\"https:\/\/tucomarca.whitekongsoftware.com\/ca\/fins-a-quatre-incendis-mes-es-deslliguen-a-linterior-al-costat-del-de-teresa-de-cofrents-a-bicorb-cofrents-cortes-de-pallars-i-requena-aquest-dijous\/\" title=\"Fins a quatre incendis m\u00e9s es deslliguen a l&#8217;interior al costat del de Teresa de Cofrents a Bicorb, Cofrents, Cortes de Pallars i Requena aquest dijous\">[+] <\/a><\/div>\n","protected":false},"author":1,"featured_media":275599,"comment_status":"open","ping_status":"open","sticky":false,"template":"","format":"standard","meta":{"footnotes":""},"categories":[10951,10965,10955,10953,10898,10948,10963,10894,10904,10903,10908,10909,10896,10897,10958],"tags":[11216,11094,10910],"class_list":["post-275630","post","type-post","status-publish","format-standard","has-post-thumbnail","category-ayora-cofrentes-ca","category-bicorp-ca","category-cofrentes-ca","category-cortes-de-pallas-ca","category-ventana-ca","category-infraestructuras-ca","category-la-canal-de-navarres-ca","category-la-comarca-ca","category-sin-categorizar-ca","category-medio-ambiente-la-comarca-ca","category-requena-ca","category-requena-utiel-ca","category-seccion-ca","category-sucesos-la-comarca-ca","category-teresa-de-cofrentes-ca","tag-ayora-cofrentes-ca","tag-la-canal-de-navarres","tag-requena-utiel-ca"],"_links":{"self":[{"href":"https:\/\/tucomarca.whitekongsoftware.com\/ca\/wp-json\/wp\/v2\/posts\/275630","targetHints":{"allow":["GET"]}}],"collection":[{"href":"https:\/\/tucomarca.whitekongsoftware.com\/ca\/wp-json\/wp\/v2\/posts"}],"about":[{"href":"https:\/\/tucomarca.whitekongsoftware.com\/ca\/wp-json\/wp\/v2\/types\/post"}],"author":[{"embeddable":true,"href":"https:\/\/tucomarca.whitekongsoftware.com\/ca\/wp-json\/wp\/v2\/users\/1"}],"replies":[{"embeddable":true,"href":"https:\/\/tucomarca.whitekongsoftware.com\/ca\/wp-json\/wp\/v2\/comments?post=275630"}],"version-history":[{"count":0,"href":"https:\/\/tucomarca.whitekongsoftware.com\/ca\/wp-json\/wp\/v2\/posts\/275630\/revisions"}],"wp:featuredmedia":[{"embeddable":true,"href":"https:\/\/tucomarca.whitekongsoftware.com\/ca\/wp-json\/wp\/v2\/media\/275599"}],"wp:attachment":[{"href":"https:\/\/tucomarca.whitekongsoftware.com\/ca\/wp-json\/wp\/v2\/media?parent=275630"}],"wp:term":[{"taxonomy":"category","embeddable":true,"href":"https:\/\/tucomarca.whitekongsoftware.com\/ca\/wp-json\/wp\/v2\/categories?post=275630"},{"taxonomy":"post_tag","embeddable":true,"href":"https:\/\/tucomarca.whitekongsoftware.com\/ca\/wp-json\/wp\/v2\/tags?post=275630"}],"curies":[{"name":"wp","href":"https:\/\/api.w.org\/{rel}","templated":true}]}}