{"id":275537,"date":"2025-08-14T08:05:00","date_gmt":"2025-08-14T06:05:00","guid":{"rendered":"https:\/\/www.tucomarca.com\/wordpress\/segunda\/?p=275537"},"modified":"2025-08-14T13:10:17","modified_gmt":"2025-08-14T11:10:17","slug":"extingits-en-poques-hores-els-tres-incendis-forestals-registrats-a-millares-enguera-y-alpuente","status":"publish","type":"post","link":"https:\/\/tucomarca.whitekongsoftware.com\/ca\/extingits-en-poques-hores-els-tres-incendis-forestals-registrats-a-millares-enguera-y-alpuente\/","title":{"rendered":"Extingits en poques hores els tres incendis forestals registrats a Millares, Enguera y Alpuente"},"content":{"rendered":"\n<p class=\"wp-block-paragraph\">Tres incendis forestals declarats la vesprada d\u2019este dimecres als municipis de <strong>Millares<\/strong>, <strong>Enguera<\/strong> i <strong>Alpuente<\/strong> van ser extingits en poques hores gr\u00e0cies a la r\u00e0pida intervenci\u00f3 dels efectius d\u2019extinci\u00f3 d\u2019incendis forestals de la <strong>Generalitat Valenciana<\/strong>, amb el suport de mitjans aeris, terrestres i voluntaris de diverses localitats.<\/p>\n\n\n\n<h3 class=\"wp-block-heading\"><strong>Incendi a Millares<\/strong><\/h3>\n\n\n\n<p class=\"wp-block-paragraph\">El foc es va declarar durant el mat\u00ed de dimecres i fins a la zona es van despla\u00e7ar una unitat de <strong>Bombers Forestals de la Generalitat<\/strong>, una autobomba, un coordinador forestal, voluntaris de <strong>Sinarcas<\/strong> i <strong>Navarr\u00e9s<\/strong>, aix\u00ed com dos mitjans aeris. L\u2019actuaci\u00f3 coordinada va permetre controlar l\u2019incendi en poc de temps i donar-lo per extingit durant la vesprada.<\/p>\n\n\n\n<h3 class=\"wp-block-heading\"><strong>Incendi a Enguera<\/strong><\/h3>\n\n\n\n<p class=\"wp-block-paragraph\">A <strong>Enguera<\/strong>, les flames van quedar controlades cap a les <strong>18.00 hores<\/strong>. En les tasques d\u2019extinci\u00f3 van participar quatre unitats terrestres i una helitransportada de <strong>Bombers Forestals de la Generalitat<\/strong>, quatre autobombes, tres mitjans aeris i un helic\u00f2pter de coordinaci\u00f3 del <strong>112<\/strong>, a m\u00e9s de dos helic\u00f2pters procedents de <strong>Castella-La Manxa<\/strong>. Tamb\u00e9 van col\u00b7laborar voluntaris d\u2019<strong>Ayora<\/strong>.<br>Una vegada controlat, van continuar treballant a la zona dues unitats de <strong>Bombers Forestals de la Generalitat<\/strong>, dues autobombes i una dotaci\u00f3 del <strong>Consorci de Bombers de Val\u00e8ncia<\/strong>, mentre que els mitjans aeris van realitzar una \u00faltima desc\u00e0rrega abans de retirar-se.<\/p>\n\n\n\n<h3 class=\"wp-block-heading\"><strong>Incendi a Alpuente<\/strong><\/h3>\n\n\n\n<p class=\"wp-block-paragraph\">El tercer incendi es va localitzar al terme municipal d\u2019<strong>Alpuente<\/strong>, a les proximitats del <strong>Pinar de Montesinos<\/strong>, i va ser provocat per la caiguda d\u2019un llamp. En este operatiu van intervindre dues unitats de <strong>Bombers Forestals de la Generalitat<\/strong>, dues autobombes, un coordinador forestal i voluntaris de <strong>Titaguas<\/strong>. El foc va quedar igualment extingit poques hores despr\u00e9s d\u2019iniciar-se.<\/p>\n\n\n\n<p class=\"wp-block-paragraph\">La r\u00e0pida actuaci\u00f3 de tots els dispositius mobilitzats i la coordinaci\u00f3 entre els diferents cossos d\u2019extinci\u00f3 van evitar que les flames aconseguiren una major magnitud, quedant la situaci\u00f3 normalitzada abans del capvespre.<\/p>\n","protected":false},"excerpt":{"rendered":"<div class=\"mh-excerpt\">Tres incendis forestals declarats la vesprada d\u2019este dimecres als municipis de Millares, Enguera i Alpuente van ser extingits en poques hores gr\u00e0cies a la r\u00e0pida intervenci\u00f3 dels efectius d\u2019extinci\u00f3 d\u2019incendis forestals de la Generalitat Valenciana, <a class=\"mh-excerpt-more\" href=\"https:\/\/tucomarca.whitekongsoftware.com\/ca\/extingits-en-poques-hores-els-tres-incendis-forestals-registrats-a-millares-enguera-y-alpuente\/\" title=\"Extingits en poques hores els tres incendis forestals registrats a Millares, Enguera y Alpuente\">[+] <\/a><\/div>\n","protected":false},"author":12,"featured_media":275536,"comment_status":"open","ping_status":"open","sticky":false,"template":"","format":"standard","meta":{"footnotes":""},"categories":[11044,11046,10969,10898,10948,10963,10894,10904,10903,10970,10896,10897],"tags":[11187,17925,22915,11751,11094,11080,11186],"class_list":["post-275537","post","type-post","status-publish","format-standard","has-post-thumbnail","category-alpuente-ca","category-los-serranos-ca","category-enguera-ca","category-ventana-ca","category-infraestructuras-ca","category-la-canal-de-navarres-ca","category-la-comarca-ca","category-sin-categorizar-ca","category-medio-ambiente-la-comarca-ca","category-millares-ca","category-seccion-ca","category-sucesos-la-comarca-ca","tag-alpuente-ca","tag-bomberos-forestales-de-la-generalitat-ca","tag-consorcio-de-bomberos-de-valencia-2-ca","tag-enguera-ca","tag-la-canal-de-navarres","tag-los-serranos-ca","tag-millares-ca"],"_links":{"self":[{"href":"https:\/\/tucomarca.whitekongsoftware.com\/ca\/wp-json\/wp\/v2\/posts\/275537","targetHints":{"allow":["GET"]}}],"collection":[{"href":"https:\/\/tucomarca.whitekongsoftware.com\/ca\/wp-json\/wp\/v2\/posts"}],"about":[{"href":"https:\/\/tucomarca.whitekongsoftware.com\/ca\/wp-json\/wp\/v2\/types\/post"}],"author":[{"embeddable":true,"href":"https:\/\/tucomarca.whitekongsoftware.com\/ca\/wp-json\/wp\/v2\/users\/12"}],"replies":[{"embeddable":true,"href":"https:\/\/tucomarca.whitekongsoftware.com\/ca\/wp-json\/wp\/v2\/comments?post=275537"}],"version-history":[{"count":0,"href":"https:\/\/tucomarca.whitekongsoftware.com\/ca\/wp-json\/wp\/v2\/posts\/275537\/revisions"}],"wp:featuredmedia":[{"embeddable":true,"href":"https:\/\/tucomarca.whitekongsoftware.com\/ca\/wp-json\/wp\/v2\/media\/275536"}],"wp:attachment":[{"href":"https:\/\/tucomarca.whitekongsoftware.com\/ca\/wp-json\/wp\/v2\/media?parent=275537"}],"wp:term":[{"taxonomy":"category","embeddable":true,"href":"https:\/\/tucomarca.whitekongsoftware.com\/ca\/wp-json\/wp\/v2\/categories?post=275537"},{"taxonomy":"post_tag","embeddable":true,"href":"https:\/\/tucomarca.whitekongsoftware.com\/ca\/wp-json\/wp\/v2\/tags?post=275537"}],"curies":[{"name":"wp","href":"https:\/\/api.w.org\/{rel}","templated":true}]}}