{"id":275530,"date":"2025-08-14T08:10:00","date_gmt":"2025-08-14T06:10:00","guid":{"rendered":"https:\/\/www.tucomarca.com\/wordpress\/segunda\/?p=275530"},"modified":"2025-08-14T12:43:11","modified_gmt":"2025-08-14T10:43:11","slug":"el-seprona-aconsegueix-esclarir-les-causes-dun-incendi-ocorregut-en-la-rambla-de-canales-de-titaigues","status":"publish","type":"post","link":"https:\/\/tucomarca.whitekongsoftware.com\/ca\/el-seprona-aconsegueix-esclarir-les-causes-dun-incendi-ocorregut-en-la-rambla-de-canales-de-titaigues\/","title":{"rendered":"El Seprona aconsegueix esclarir les causes d&#8217;un incendi ocorregut en la rambla de Canales de Titaig\u00fces"},"content":{"rendered":"\n<h3 class=\"wp-block-heading\">De les mostres preses i les manifestacions de testimonis han pogut concloure que l&#8217;incendi va ser provocat per la imprud\u00e8ncia d&#8217;uns treballadors.<\/h3>\n\n\n\n<p class=\"wp-block-paragraph\">El Seprona de la Gu\u00e0rdia Civil ha aconseguit esclarir les causes d&#8217;un incendi que va afectar 6.500 m\u00b2 de massa forestal en la rambla de Canales de Titaig\u00fces.<\/p>\n\n\n\n<p class=\"wp-block-paragraph\">El passat 30 de juny, es va produir un incendi forestal que va afectar 6.500 m\u00b2 aproximadament de massa forestal en la rambla de Canales de Titaig\u00fces. Una vegada extingit el foc i al costat d&#8217;un agent mediambiental, gu\u00e0rdies civils del Seprona van realitzar una inspecci\u00f3 ocular.&nbsp;<\/p>\n\n\n\n<p class=\"wp-block-paragraph\">Van comprovar que l&#8217;incendi es va originar al costat d&#8217;una granja on s&#8217;estaven duent a terme obres de construcci\u00f3 eixe mateix dia. Van trobar quatre corts recents en una estructura met\u00e0l\u00b7lica de varetes de ferro. Pel s\u00f2l pr\u00f2xim a l&#8217;estructura, es va passar un imant obtenint diverses esquirlas met\u00e0l\u00b7liques que podien procedir dels talls.&nbsp;<\/p>\n\n\n\n<p class=\"wp-block-paragraph\">Es van prendre mostres de les esquirlas i d&#8217;un tros de vareta. Tamb\u00e9 es va intervindre el disc de tall d&#8217;una radial amb la qual van treballar els obrers i es va prendre manifestaci\u00f3 als testimonis que eren presents el dia de l&#8217;incident.<\/p>\n\n\n\n<p class=\"wp-block-paragraph\">Cal destacar que aquell dia, el primer agent mediambiental que va acudir al lloc va observar un grup electrogen i una radial situades dins de la granja, situades a uns 30 metres de la zona on va iniciar el foc.&nbsp;<\/p>\n\n\n\n<p class=\"wp-block-paragraph\">Amb tota la informaci\u00f3 obtinguda, els agents van arribar a la conclusi\u00f3 que s&#8217;havia com\u00e9s un delicte d&#8217;incendi forestal comesa per la imprud\u00e8ncia dels treballadors que realitzaven les labors de construcci\u00f3. Els operaris van realitzar els talls amb la radial que van iniciar el foc un dia declarat com alerta 3 d&#8217;incendis forestals (risc extrem). En dies amb aquesta alerta, l&#8217;\u00fas de maquin\u00e0ria d&#8217;aquestes caracter\u00edstiques est\u00e0 expressament prohibit a menys de 500 metres de massa forestal.<\/p>\n\n\n\n<p class=\"wp-block-paragraph\">Cal ressaltar la necess\u00e0ria adopci\u00f3 de mesures preventives en dies calorosos i especialment amb nivell d&#8217;alerta 3, on els treballs amb eines mec\u00e0niques en zones forestals, que no siguen propis de l&#8217;activitat agr\u00edcola, estan prohibits, devent igualment adoptar totes aquelles mesures en prevenci\u00f3 possibles a fi d&#8217;evitar qualsevol incid\u00e8ncia que puga afectar masses forestals en \u00e8poques estivals com poden ser el comptar amb mitjans d&#8217;extinci\u00f3, no realitzar foc evitant encendre fogates, barbacoes i similars, evitar el tirar o abandonar objectes de cristall ni residus que puguen donar inici a un focus d&#8217;incendi, evitar estacionar amb vehicles sobre vegetaci\u00f3 seca, resultant fonamental con\u00e9ixer l&#8217;entorn on es practiquen o realitzen activitats l\u00fadiques, resultant de gran import\u00e0ncia la col\u00b7laboraci\u00f3 ciutadana en cas d&#8217;observaci\u00f3 de zones amb residus o abocaments en zones forestals comunicant aquests fets a l&#8217;autoritats competents.<\/p>\n","protected":false},"excerpt":{"rendered":"<div class=\"mh-excerpt\">De les mostres preses i les manifestacions de testimonis han pogut concloure que l&#8217;incendi va ser provocat per la imprud\u00e8ncia d&#8217;uns treballadors. El Seprona de la Gu\u00e0rdia Civil ha aconseguit esclarir les causes d&#8217;un incendi <a class=\"mh-excerpt-more\" href=\"https:\/\/tucomarca.whitekongsoftware.com\/ca\/el-seprona-aconsegueix-esclarir-les-causes-dun-incendi-ocorregut-en-la-rambla-de-canales-de-titaigues\/\" title=\"El Seprona aconsegueix esclarir les causes d&#8217;un incendi ocorregut en la rambla de Canales de Titaig\u00fces\">[+] <\/a><\/div>\n","protected":false},"author":13,"featured_media":275526,"comment_status":"open","ping_status":"open","sticky":false,"template":"","format":"standard","meta":{"footnotes":""},"categories":[11046,10898,10948,10894,10903,10896,10897,11027],"tags":[17660,11080,12166,10901,12925],"class_list":["post-275530","post","type-post","status-publish","format-standard","has-post-thumbnail","category-los-serranos-ca","category-ventana-ca","category-infraestructuras-ca","category-la-comarca-ca","category-medio-ambiente-la-comarca-ca","category-seccion-ca","category-sucesos-la-comarca-ca","category-titaguas-ca","tag-incendios-ca","tag-los-serranos-ca","tag-medio-ambiente-ca","tag-sucesos-ca","tag-titaguas-ca"],"_links":{"self":[{"href":"https:\/\/tucomarca.whitekongsoftware.com\/ca\/wp-json\/wp\/v2\/posts\/275530","targetHints":{"allow":["GET"]}}],"collection":[{"href":"https:\/\/tucomarca.whitekongsoftware.com\/ca\/wp-json\/wp\/v2\/posts"}],"about":[{"href":"https:\/\/tucomarca.whitekongsoftware.com\/ca\/wp-json\/wp\/v2\/types\/post"}],"author":[{"embeddable":true,"href":"https:\/\/tucomarca.whitekongsoftware.com\/ca\/wp-json\/wp\/v2\/users\/13"}],"replies":[{"embeddable":true,"href":"https:\/\/tucomarca.whitekongsoftware.com\/ca\/wp-json\/wp\/v2\/comments?post=275530"}],"version-history":[{"count":0,"href":"https:\/\/tucomarca.whitekongsoftware.com\/ca\/wp-json\/wp\/v2\/posts\/275530\/revisions"}],"wp:featuredmedia":[{"embeddable":true,"href":"https:\/\/tucomarca.whitekongsoftware.com\/ca\/wp-json\/wp\/v2\/media\/275526"}],"wp:attachment":[{"href":"https:\/\/tucomarca.whitekongsoftware.com\/ca\/wp-json\/wp\/v2\/media?parent=275530"}],"wp:term":[{"taxonomy":"category","embeddable":true,"href":"https:\/\/tucomarca.whitekongsoftware.com\/ca\/wp-json\/wp\/v2\/categories?post=275530"},{"taxonomy":"post_tag","embeddable":true,"href":"https:\/\/tucomarca.whitekongsoftware.com\/ca\/wp-json\/wp\/v2\/tags?post=275530"}],"curies":[{"name":"wp","href":"https:\/\/api.w.org\/{rel}","templated":true}]}}